{"id":646607,"date":"2025-10-31T03:00:00","date_gmt":"2025-10-31T07:00:00","guid":{"rendered":"https:\/\/diariodominicano.com\/?p=646607"},"modified":"2025-10-31T03:01:06","modified_gmt":"2025-10-31T07:01:06","slug":"el-presidente-abinader-afirma-la-reforma-penitenciaria-es-un-proceso-irreversible-con-el-respaldo-de-la-sociedad-dominicana","status":"publish","type":"post","link":"https:\/\/diariodominicano.com\/?p=646607","title":{"rendered":"El Presidente Abinader asegura la  Reforma Penitenciaria es un proceso irreversible con el respaldo de la sociedad dominicana"},"content":{"rendered":"\n<h3 class=\"wp-block-heading\">Director de Onaprep, Roberto Santana, dice que lleg\u00f3 el momento de cambiar la historia y de convertir el sistema penitenciario dominicano en un ejemplo de humanidad, justicia y compromiso colectivo, respaldando al presidente Abinader en su determinaci\u00f3n.<\/h3>\n\n\n\n<p>30 de Octubre 2025 | 14:08<\/p>\n\n\n\n<p>Santo Domingo, RD.-\u00a0<strong>El presidente Luis Abinader<\/strong>\u00a0asegur\u00f3 que Rep\u00fablica Dominicana  avanza hacia una\u00a0<strong>transformaci\u00f3n profunda y definitiva del sistema carcelario<\/strong>, con la participaci\u00f3n activa de la sociedad y el compromiso firme del Gobierno.<\/p>\n\n\n\n<p><em>\u201cCon este nivel de participaci\u00f3n social y compromiso que compruebo hoy, puedo asegurar que el delicado e impostergable proceso de cambio penitenciario es ya irreversible, porque ya no es solo un gobierno, disponiendo, como lo estamos haciendo hasta ahora, de la construcci\u00f3n de centros penitenciarios, seguros, humanos y conducidos por personal civil especializado, sino que tambi\u00e9n est\u00e1 la sociedad dominicana, acompa\u00f1ando y vigilando para que se mantenga como prioridad la creaci\u00f3n de un modelo penitenciario que nos d\u00e9 tranquilidad a todos\u201d,<\/em>&nbsp;expres\u00f3 el mandatario.<\/p>\n\n\n\n<p>Al encabezar este jueves el&nbsp;<strong>Segundo Encuentro Nacional para la Reforma Penitenciaria<\/strong>, en el sal\u00f3n Las Cari\u00e1tides del Palacio Nacional, el presidente Abinader recibi\u00f3 originales de los&nbsp;<strong>acuerdos firmados<\/strong>&nbsp;entre la Oficina Nacional de Apoyo a la Reforma Penitenciaria&nbsp;<strong>(Onaprep)<\/strong>&nbsp;y diversas&nbsp;<strong>instituciones p\u00fablicas, empresariales, educativas y profesionales<\/strong>, parte de los cuales est\u00e1n en plena ejecuci\u00f3n, reafirmando la voluntad de continuar fortaleciendo el sistema penitenciario nacional sobre la base de la transparencia.<\/p>\n\n\n\n<figure class=\"wp-block-image\"><img decoding=\"async\" src=\"https:\/\/www.presidencia.gob.do\/sites\/default\/files\/inline-images\/WhatsApp%20Image%202025-10-30%20at%201.38.34%20PM.jpeg\" alt=\"\"\/><\/figure>\n\n\n\n<p>El gobernante felicit\u00f3 a las&nbsp;<strong>46 entidades sociales, privadas y p\u00fablicas<\/strong>&nbsp;que apoyan el proceso de reforma penitenciaria en marcha, y destac\u00f3 que este nivel de compromiso garantiza que el&nbsp;<strong>cambio en el sistema penitenciario es ya irreversible.<\/strong><\/p>\n\n\n\n<p><em>\u201cHoy les recibo por segunda vez y con mucho entusiasmo para que demos seguimiento al compromiso de impulsar una reforma penitenciaria como la que necesita nuestro pueblo dominicano, profunda, seria, cre\u00edble y generadora de convivencia ciudadana segura\u201d,&nbsp;<\/em>manifest\u00f3 el presidente Abinader.<\/p>\n\n\n\n<p>El jefe de Estado agradeci\u00f3 especialmente a los&nbsp;<strong>comit\u00e9s de apoyo<\/strong>&nbsp;a la reforma penitenciaria de todas las regiones del pa\u00eds, resaltando su&nbsp;<strong>trabajo voluntario y desinteresado e<\/strong>n favor de la seguridad y la tranquilidad de sus comunidades<em>. \u201cSu responsabilidad y entrega me enorgullecen como presidente de la Rep\u00fablica\u201d.<\/em><\/p>\n\n\n\n<p>Asimismo, valor\u00f3 la participaci\u00f3n del&nbsp;<strong>sector privado, los colegios profesionales y las organizaciones sociales<\/strong>, al reconocer que atender debidamente y sin retrasos el tema carcelario es una&nbsp;<strong>necesidad colectiva imposible de ignorar&nbsp;<\/strong>por un gobierno democr\u00e1tico.<\/p>\n\n\n\n<p>El mandatario inform\u00f3 que se ha fortalecido la&nbsp;<strong>coordinaci\u00f3n entre 21 dependencias gubernamentales<\/strong>&nbsp;para garantizar un trabajo eficaz en todas las fases de la reforma, desde las condiciones de&nbsp;<strong>habitabilidad<\/strong>&nbsp;y los programas de&nbsp;<strong>rehabilitaci\u00f3n<\/strong>, hasta la&nbsp;<strong>reinserci\u00f3n social<\/strong>, con el objetivo de evitar la reincidencia, el delito y la violencia en la comunidad.<\/p>\n\n\n\n<p>Finalmente, el mandatario convoc\u00f3 a los presentes a&nbsp;<strong>continuar este esfuerzo conjunto<\/strong><em>: \u201cAs\u00ed como los apoy\u00e9 personalmente desde el primer encuentro nacional, hoy de nuevo los invito a que nos reunamos el pr\u00f3ximo a\u00f1o en estas fechas, por m\u00e1s logros, por m\u00e1s compromiso y por m\u00e1s patria.\u201d.<\/em><\/p>\n\n\n\n<p><strong>Pol\u00edtica de Estado que garantiza dignidad, seguridad y oportunidades reales de reinserci\u00f3n<\/strong><\/p>\n\n\n\n<p>De su lado, el director de la Oficina Nacional de Apoyo a la Reforma Penitenciaria,&nbsp;<strong>Roberto Santana<\/strong>, afirm\u00f3 que con la respuesta del gobierno encabezado por el&nbsp;<strong>presidente Luis Abinader<\/strong>&nbsp;ha concluido el tiempo en el que las c\u00e1rceles exist\u00edan solo con la&nbsp;<strong>atenci\u00f3n intermitente<\/strong>&nbsp;de los gobiernos y dijo que el liderazgo del mandatario marca un&nbsp;<strong>punto de inflexi\u00f3n en la historia penitenciaria nacional<\/strong>, al colocar la reforma como una pol\u00edtica de Estado que garantiza&nbsp;<strong>dignidad, seguridad y oportunidades reales de reinserci\u00f3n<\/strong>&nbsp;para las personas privadas de libertad.<\/p>\n\n\n\n<p>Santana resalt\u00f3 que el impulso dado por el presidente Abinader representa<em>&nbsp;\u201cel cierre definitivo a la indiferencia social ante el drama penitenciario\u201d,<\/em>&nbsp;y llam\u00f3 a toda la sociedad a acompa\u00f1ar este&nbsp;<strong>proceso transformador,<\/strong>&nbsp;subrayando que lleg\u00f3 el momento de cambiar la historia y de convertir al sistema penitenciario dominicano en un&nbsp;<strong>ejemplo de humanidad, justicia y compromiso colectivo,<\/strong>&nbsp;respaldando al presidente Abinader en su determinaci\u00f3n de hacer de esta reforma un s\u00edmbolo de progreso nacional.<\/p>\n\n\n\n<p>En tanto, el administrador de la Empresa de Generaci\u00f3n Hidroel\u00e9ctrica Dominicana (Egehid),&nbsp;<strong>Rafael Salazar<\/strong>, destac\u00f3 que la reforma penitenciaria ofrece una&nbsp;<strong>valiosa oportunidad<\/strong>&nbsp;para que los privados de libertad contribuyan a la&nbsp;<strong>restauraci\u00f3n ambiental<\/strong>&nbsp;del pa\u00eds, mediante proyectos en coordinaci\u00f3n con instituciones p\u00fablicas y privadas.&nbsp;<\/p>\n\n\n\n<p>Resalt\u00f3 el \u00e9xito del&nbsp;<strong>plan piloto en Los Cacaos<\/strong>&nbsp;y anunci\u00f3 la pr\u00f3xima intervenci\u00f3n en la&nbsp;<strong>cuenca de Sabaneta<\/strong>, al tiempo que felicit\u00f3 a Roberto Santana por liderar un modelo que une reinserci\u00f3n social y sostenibilidad.<\/p>\n\n\n\n<p>Asimismo, la presidenta de la Asociaci\u00f3n de Bancos M\u00faltiples de Rep\u00fablica Dominicana (ABA),&nbsp;<strong>Rosanna Ruiz<\/strong>, resalt\u00f3 el liderazgo del presidente Abinader por impulsar una reforma penitenciaria basada en&nbsp;<strong>la dignidad humana y la reinserci\u00f3n social<\/strong>, destacando que su visi\u00f3n ha permitido unir al Gobierno y al sector privado en iniciativas que transforman vidas y fortalecen la justicia social en el pa\u00eds.<\/p>\n\n\n\n<p>Adem\u00e1s, el director de la Oficina Nacional de Defensa P\u00fablica,&nbsp;<strong>Rodolfo Valent\u00edn<\/strong>, destac\u00f3 la visi\u00f3n humana y transformadora del jefe de Estado al recordar que, desde el inicio de la reforma penitenciaria, el mandatario afirm\u00f3 que&nbsp;<strong>toda persona privada de libertad<\/strong>, sin importar su falta,&nbsp;<strong>tiene derecho a que se le respete su dignidad<\/strong>.&nbsp;<\/p>\n\n\n\n<p>Resalt\u00f3 que ese compromiso presidencial ha sido el motor para impulsar una verdadera transformaci\u00f3n del sistema penitenciario dominicano, con el prop\u00f3sito de garantizar que las penas cumplan su&nbsp;<strong>fin regenerador,<\/strong>&nbsp;educativo y de reinserci\u00f3n social, y&nbsp;<strong>no de castigo indigno.<\/strong><\/p>\n\n\n\n<p>En representaci\u00f3n de colegios profesionales, entidades educativas, habl\u00f3&nbsp;<strong>Sandra Fern\u00e1ndez<\/strong>, quien destac\u00f3 que, bajo el liderazgo del presidente Abinader, la Rep\u00fablica Dominicana avanza hacia una&nbsp;<strong>justicia verdaderamente restaurativa<\/strong>, donde el sistema penitenciario se concibe como un espacio de&nbsp;<strong>transformaci\u00f3n humana y social&nbsp;<\/strong>y agreg\u00f3 que esta&nbsp;<strong>visi\u00f3n presidencial&nbsp;<\/strong>impulsa la articulaci\u00f3n entre el Estado, las academias y los profesionales del \u00e1rea para fortalecer al servidor penitenciario y brindar oportunidades reales de reinserci\u00f3n a las personas privadas de libertad, reafirmando as\u00ed el&nbsp;<strong>compromiso nacional con una justicia m\u00e1s humana y efectiva.<\/strong><\/p>\n\n\n\n<p><strong>Acuerdos suscritos de Onaprep<\/strong><\/p>\n\n\n\n<p>Los acuerdos suscritos por la Onaprep con las instituciones y autoridades privadas as\u00ed como de la sociedad civil, en apoyo a la reforma penitenciaria, constituyen un&nbsp;<strong>paso crucial&nbsp;<\/strong>para transformar el sistema penitenciario del pa\u00eds. Mediante el&nbsp;<strong>Decreto N\u00fam. 456-20<\/strong>, lo penitenciario fue declarado de&nbsp;<strong>inter\u00e9s estrat\u00e9gico<\/strong>&nbsp;en 2020 y en 2024, se cre\u00f3 la Oficina Nacional de Apoyo a la Reforma Penitenciaria&nbsp;<strong>(Onaprep)<\/strong>&nbsp;mediante el&nbsp;<strong>Decreto N\u00fam. 240-24.<\/strong><\/p>\n\n\n\n<p>La Onaprep tiene como prop\u00f3sito dirigir y coordinar los&nbsp;<strong>esfuerzos del Poder Ejecutivo<\/strong>&nbsp;para fortalecer la estabilidad, la modernizaci\u00f3n y la reforma del sistema penitenciario, abordando&nbsp;<strong>desaf\u00edos<\/strong>&nbsp;como&nbsp;<strong>la<\/strong>&nbsp;<strong>gesti\u00f3n humana, la infraestructura y la autosostenibilidad<\/strong>. Este esfuerzo busca integrar a todos los poderes del Estado y a la sociedad, promoviendo la reeducaci\u00f3n, reinserci\u00f3n social y una gesti\u00f3n eficiente del sistema penitenciario.<\/p>\n\n\n\n<p>Estuvieron presentes el presidente del Senado,\u00a0<strong>Ricardo de los Santos<\/strong>; el ministro de la Presidencia,\u00a0<strong>Jos\u00e9 Ignacio Paliza,<\/strong>\u00a0y la miembro del Comit\u00e9 de Apoyo a la Reforma Penitenciaria,\u00a0<strong>Zaida Lovat\u00f3n de Sanz<\/strong>, as\u00ed como gobernadoras, congresistas, alcaldes y representantes de instituciones, autoridades privadas y de la sociedad civil.<\/p>\n\n\n\n<p>Con informaci\u00f3n de la Presidencia de la Rep\u00fablica Dominicana.<\/p>\n","protected":false},"excerpt":{"rendered":"<p>Director de Onaprep, Roberto Santana, dice que lleg\u00f3 el momento de cambiar la historia y de convertir el sistema penitenciario dominicano en un ejemplo de humanidad, justicia y compromiso colectivo, respaldando al presidente Abinader en su determinaci\u00f3n. 30 de Octubre 2025 | 14:08 Santo Domingo, RD.-\u00a0El presidente Luis Abinader\u00a0asegur\u00f3 que Rep\u00fablica Dominicana avanza hacia una\u00a0transformaci\u00f3n [&hellip;]<\/p>\n","protected":false},"author":2,"featured_media":646608,"comment_status":"closed","ping_status":"closed","sticky":false,"template":"","format":"standard","meta":{"footnotes":""},"categories":[20,24,27],"tags":[],"class_list":["post-646607","post","type-post","status-publish","format-standard","has-post-thumbnail","hentry","category-dominicana-hoy","category-justicia-y-derecho","category-portada"],"_links":{"self":[{"href":"https:\/\/diariodominicano.com\/index.php?rest_route=\/wp\/v2\/posts\/646607","targetHints":{"allow":["GET"]}}],"collection":[{"href":"https:\/\/diariodominicano.com\/index.php?rest_route=\/wp\/v2\/posts"}],"about":[{"href":"https:\/\/diariodominicano.com\/index.php?rest_route=\/wp\/v2\/types\/post"}],"author":[{"embeddable":true,"href":"https:\/\/diariodominicano.com\/index.php?rest_route=\/wp\/v2\/users\/2"}],"replies":[{"embeddable":true,"href":"https:\/\/diariodominicano.com\/index.php?rest_route=%2Fwp%2Fv2%2Fcomments&post=646607"}],"version-history":[{"count":2,"href":"https:\/\/diariodominicano.com\/index.php?rest_route=\/wp\/v2\/posts\/646607\/revisions"}],"predecessor-version":[{"id":646610,"href":"https:\/\/diariodominicano.com\/index.php?rest_route=\/wp\/v2\/posts\/646607\/revisions\/646610"}],"wp:featuredmedia":[{"embeddable":true,"href":"https:\/\/diariodominicano.com\/index.php?rest_route=\/wp\/v2\/media\/646608"}],"wp:attachment":[{"href":"https:\/\/diariodominicano.com\/index.php?rest_route=%2Fwp%2Fv2%2Fmedia&parent=646607"}],"wp:term":[{"taxonomy":"category","embeddable":true,"href":"https:\/\/diariodominicano.com\/index.php?rest_route=%2Fwp%2Fv2%2Fcategories&post=646607"},{"taxonomy":"post_tag","embeddable":true,"href":"https:\/\/diariodominicano.com\/index.php?rest_route=%2Fwp%2Fv2%2Ftags&post=646607"}],"curies":[{"name":"wp","href":"https:\/\/api.w.org\/{rel}","templated":true}]}}