{"id":646592,"date":"2025-10-31T02:20:27","date_gmt":"2025-10-31T06:20:27","guid":{"rendered":"https:\/\/diariodominicano.com\/?p=646592"},"modified":"2025-10-31T02:29:33","modified_gmt":"2025-10-31T06:29:33","slug":"trofeo-de-vuelta-ciclistica-a-guatemala-apunta-a-viajar-a-colombia","status":"publish","type":"post","link":"https:\/\/diariodominicano.com\/?p=646592","title":{"rendered":"Trofeo de Vuelta Cicl\u00edstica a Guatemala apunta a viajar a Colombia"},"content":{"rendered":"\n<p>Ciudad de Guatemala, 31 oct (Prensa Latina) A falta hoy de tres etapas y con un Cristian Mu\u00f1oz firme en la general individual, el trofeo de la 64 Vuelta Cicl\u00edstica Internacional a Guatemala apunta a viajar a Colombia.<\/p>\n\n\n\n<ul class=\"wp-block-list\">\n<li><a href=\"https:\/\/www.prensa-latina.cu\/2025\/10\/31\/\"><time>octubre 31, 2025 | 00:40<\/time><\/a><\/li>\n<\/ul>\n\n\n\n<ul class=\"wp-block-list\">\n<li><a href=\"https:\/\/www.prensa-latina.cu\/2025\/10\/31\/trofeo-de-vuelta-ciclistica-a-guatemala-apunta-a-viajar-a-colombia\/#\"><\/a><\/li>\n\n\n\n<li><a href=\"https:\/\/www.prensa-latina.cu\/2025\/10\/31\/trofeo-de-vuelta-ciclistica-a-guatemala-apunta-a-viajar-a-colombia\/#\"><\/a><\/li>\n\n\n\n<li><a href=\"https:\/\/www.prensa-latina.cu\/2025\/10\/31\/trofeo-de-vuelta-ciclistica-a-guatemala-apunta-a-viajar-a-colombia\/#\"><\/a><\/li>\n\n\n\n<li><a href=\"https:\/\/www.prensa-latina.cu\/2025\/10\/31\/trofeo-de-vuelta-ciclistica-a-guatemala-apunta-a-viajar-a-colombia\/#\"><\/a><\/li>\n<\/ul>\n\n\n\n<p>En la octava etapa sobre 128,6 kil\u00f3metros, desde San Juan La Laguna, departamento de Solol\u00e1 hasta Tecp\u00e1n, Chimaltenango, el puntero deber\u00e1 prestar atenci\u00f3n a su coterr\u00e1neo Oscar Garz\u00f3n (GW Erco Shimano), quien se ubica a cinco segundos.<\/p>\n\n\n\n<p>Igualmente, al cafetero Carlos Guti\u00e9rrez (Movistar-Best PC) a nueve segundos, mientras algo m\u00e1s rezagado pero con posibilidades aparece otro de aquella naci\u00f3n sudamericana, Yesid Pira, corredor del local Hino-One-La Red, a cuatro minutos y 21 segundos.<\/p>\n\n\n\n<p>Por detr\u00e1s entra el ecuatoriano Brayan Obando (Movistar-Best PC), a 5:16, y el campe\u00f3n defensor, asimismo de la armada colombiana, Robinson L\u00f3pez (GW Erco Shimano), a 5:27 de la cima.<\/p>\n\n\n\n<p>El ganador de la anterior etapa, el mexicano Jos\u00e9 Ram\u00f3n Mu\u00f1iz (Olinka-Specialized), se ubica a 5:37, el chap\u00edn Julio Ispach\u00e9 (Decoraba\u00f1os-Bantrag) a 6:18 y el cafetero Juan Carlos L\u00f3pez (GW Erco Shimano) a 6:32.<\/p>\n\n\n\n<p>La monta\u00f1a la encabeza el vencedor del pasado trayecto, Juan Carlos L\u00f3pez, con 38 puntos, seguido por su compatriota Yesion Reyes (Orgullo Paisa) 36 y el ecuatoriano Jimmy Montenegro (Movistar-Best PC) 31.<\/p>\n\n\n\n<p>El colombiano Alejandro Osorio (Orgullo Paisa) marca las metas volantes gracias a 32 unidades, por delante de su connacional y coequipero Juan Pablo Rend\u00f3n 23 y del irland\u00e9s Cormac Macgeough (Canel\u2019s-Java de M\u00e9xico) 23.<\/p>\n\n\n\n<p>En la regularidad manda el titular de la cuarta etapa, el mexicano Carlos Macpherson (Olinka-Specialized) con 44 rayas, mientras Osorio y Pira tienen similar cifra.<\/p>\n\n\n\n<p>El sorprendente subl\u00edder del evento, Garz\u00f3n, de solo 22 a\u00f1os, avanza s\u00f3lido rumbo a coronarse como el mejor sub-23, antes que Nelson Panjoc (Asociaci\u00f3n de Quetzaltenango), alejado a 16:43, y Melvin Torres (Hino-One-La Red) a 20:44.<\/p>\n\n\n\n<p>Entre los de esta tierra del quetzal figuran arriba en la tabla Ispach\u00e9, Mardoqueo V\u00e1zquez (Hino-One-La Red) est\u00e1 a 3:01 y Gerson Toc (ECA Electricidad) a 3:08.<\/p>\n\n\n\n<p>En la monta\u00f1a de la v\u00edspera, el GW Erco Shimano mantuvo el primer puesto por equipos, pero en segundo lugar se col\u00f3 el peligroso Nu Colombia a 2:50, en tanto a la tercera posici\u00f3n cay\u00f3 el Hino-One-La Red, con 3:30.<\/p>\n\n\n\n<p>La caravana multicolor (animada por 106 participantes activos de 139 que iniciaron) recorrer\u00e1 ma\u00f1ana 200,3 kil\u00f3metos entre Chimaltenango y Antigua Guatemala.<\/p>\n\n\n\n<p>El ambiente de esta fiesta del pedal llega a varios municipios de este territorio centroamericano, en un fen\u00f3meno declarado en 2019 Patrimonio Cultural Intangible de la Naci\u00f3n.<\/p>\n\n\n\n<p>lam\/znc<\/p>\n\n\n\n<ul class=\"wp-block-list\">\n<li>#<a href=\"https:\/\/www.prensa-latina.cu\/etiqueta\/ciclismo\/\">ciclismo<\/a>\u00a0#<a href=\"https:\/\/www.prensa-latina.cu\/etiqueta\/colombia\/\">colombia<\/a>\u00a0#<a href=\"https:\/\/www.prensa-latina.cu\/etiqueta\/guatemala\/\">Guatemala<\/a><\/li>\n<\/ul>\n","protected":false},"excerpt":{"rendered":"<p>Ciudad de Guatemala, 31 oct (Prensa Latina) A falta hoy de tres etapas y con un Cristian Mu\u00f1oz firme en la general individual, el trofeo de la 64 Vuelta Cicl\u00edstica Internacional a Guatemala apunta a viajar a Colombia. En la octava etapa sobre 128,6 kil\u00f3metros, desde San Juan La Laguna, departamento de Solol\u00e1 hasta Tecp\u00e1n, [&hellip;]<\/p>\n","protected":false},"author":2,"featured_media":646597,"comment_status":"closed","ping_status":"closed","sticky":false,"template":"","format":"standard","meta":{"footnotes":""},"categories":[17],"tags":[],"class_list":["post-646592","post","type-post","status-publish","format-standard","has-post-thumbnail","hentry","category-deportes"],"_links":{"self":[{"href":"https:\/\/diariodominicano.com\/index.php?rest_route=\/wp\/v2\/posts\/646592","targetHints":{"allow":["GET"]}}],"collection":[{"href":"https:\/\/diariodominicano.com\/index.php?rest_route=\/wp\/v2\/posts"}],"about":[{"href":"https:\/\/diariodominicano.com\/index.php?rest_route=\/wp\/v2\/types\/post"}],"author":[{"embeddable":true,"href":"https:\/\/diariodominicano.com\/index.php?rest_route=\/wp\/v2\/users\/2"}],"replies":[{"embeddable":true,"href":"https:\/\/diariodominicano.com\/index.php?rest_route=%2Fwp%2Fv2%2Fcomments&post=646592"}],"version-history":[{"count":1,"href":"https:\/\/diariodominicano.com\/index.php?rest_route=\/wp\/v2\/posts\/646592\/revisions"}],"predecessor-version":[{"id":646593,"href":"https:\/\/diariodominicano.com\/index.php?rest_route=\/wp\/v2\/posts\/646592\/revisions\/646593"}],"wp:featuredmedia":[{"embeddable":true,"href":"https:\/\/diariodominicano.com\/index.php?rest_route=\/wp\/v2\/media\/646597"}],"wp:attachment":[{"href":"https:\/\/diariodominicano.com\/index.php?rest_route=%2Fwp%2Fv2%2Fmedia&parent=646592"}],"wp:term":[{"taxonomy":"category","embeddable":true,"href":"https:\/\/diariodominicano.com\/index.php?rest_route=%2Fwp%2Fv2%2Fcategories&post=646592"},{"taxonomy":"post_tag","embeddable":true,"href":"https:\/\/diariodominicano.com\/index.php?rest_route=%2Fwp%2Fv2%2Ftags&post=646592"}],"curies":[{"name":"wp","href":"https:\/\/api.w.org\/{rel}","templated":true}]}}