{"id":646589,"date":"2025-10-31T02:19:32","date_gmt":"2025-10-31T06:19:32","guid":{"rendered":"https:\/\/diariodominicano.com\/?p=646589"},"modified":"2025-10-31T02:19:35","modified_gmt":"2025-10-31T06:19:35","slug":"arrancan-juegos-parapanamericanos-juveniles-en-chile","status":"publish","type":"post","link":"https:\/\/diariodominicano.com\/?p=646589","title":{"rendered":"Arrancan Juegos Parapanamericanos Juveniles en Chile"},"content":{"rendered":"\n<p>Santiago de Chile, 31 oct (Prensa Latina) La sexta edici\u00f3n de los Juegos Parapanamericanos Juveniles comienza hoy en Chile, con la ceremonia inaugural en el hist\u00f3rico Estadio Nacional, ubicado en la capitalina comuna de \u00d1u\u00f1oa.<\/p>\n\n\n\n<ul class=\"wp-block-list\">\n<li><a href=\"https:\/\/www.prensa-latina.cu\/2025\/10\/31\/\"><time>octubre 31, 2025 | 00:38<\/time><\/a><\/li>\n<\/ul>\n\n\n\n<ul class=\"wp-block-list\">\n<li><a href=\"https:\/\/www.prensa-latina.cu\/2025\/10\/31\/arrancan-juegos-parapanamericanos-juveniles-en-chile\/#\"><\/a><\/li>\n\n\n\n<li><a href=\"https:\/\/www.prensa-latina.cu\/2025\/10\/31\/arrancan-juegos-parapanamericanos-juveniles-en-chile\/#\"><\/a><\/li>\n\n\n\n<li><a href=\"https:\/\/www.prensa-latina.cu\/2025\/10\/31\/arrancan-juegos-parapanamericanos-juveniles-en-chile\/#\"><\/a><\/li>\n\n\n\n<li><a href=\"https:\/\/www.prensa-latina.cu\/2025\/10\/31\/arrancan-juegos-parapanamericanos-juveniles-en-chile\/#\"><\/a><\/li>\n<\/ul>\n\n\n\n<p>El acto ser\u00e1 una expresi\u00f3n de energ\u00eda, voluntad, juventud e inclusi\u00f3n, se\u00f1alaron los organizadores del encuentro multideportivo, que se extender\u00e1 hasta el domingo 9 de noviembre.<\/p>\n\n\n\n<p>M\u00e1s de mil deportistas de 27 pa\u00edses del continente participar\u00e1n en 14 competencias, correspondientes a 13 deportes, habida cuenta de que el basquetbol en silla de ruedas se realiza en sus dos modalidades, 3X3 y 5X5.<\/p>\n\n\n\n<p>Para albergar el evento, Chile prepar\u00f3 sedes en seis comunas de dos regiones centrales, la Metropolitana de Santiago y O\u2019Higgins, si bien el recinto m\u00e1s importante es el gigante de \u00d1u\u00f1oa, que cuenta con las condiciones id\u00f3neas.<\/p>\n\n\n\n<p>La inauguraci\u00f3n comenzar\u00e1 a las 20:00 hora local y los discursos de apertura estar\u00e1n a cargo del ministro del Deporte, Jaime Pizarro, y el presidente del Comit\u00e9 Paral\u00edmpico de las Am\u00e9ricas, Julio C\u00e9sar \u00c1vila, quien la v\u00edspera fue reelecto para un nuevo per\u00edodo en el cargo.<\/p>\n\n\n\n<p>En representaci\u00f3n del gobierno de Chile asistir\u00e1 el vicepresidente en funciones, \u00c1lvaro Elizalde, ante la ausencia del mandatario Gabriel Boric, quien realiza una gira por Corea del Sur.<\/p>\n\n\n\n<p>La ceremonia combinar\u00e1 el protocolo habitual con el tradicional ingreso de una representaci\u00f3n de los paratletas, m\u00fasica en vivo y competencias de freestyle, como se conoce a la habilidad de improvisar movimientos y maniobras con un objeto deportivo.<\/p>\n\n\n\n<p>Tambi\u00e9n est\u00e1 prevista una gran coreograf\u00eda de bienvenida con m\u00e1s de 20 bailarines del grupo Movimiento Activo.<\/p>\n\n\n\n<p>Un momento solemne ser\u00e1 el izamiento de las banderas de Chile y la Panamericana, junto a sus respectivos himnos y el juramento de \u00e1rbitros, entrenadores y deportistas.<\/p>\n\n\n\n<p>Tras el encendido del pebetero, la ceremonia concluir\u00e1 con un concierto a cargo de los Hermanos Ilabaca y el artista urbano Polim\u00e1 West Coast.<\/p>\n\n\n\n<p>Las primeras medallas del evento se conocer\u00e1n el s\u00e1bado 1 de noviembre en paratenis de mesa y ese honor recaer\u00e1 en la ciudad de Rengo, en O\u2019Higgins.<\/p>\n\n\n\n<p>lam\/car\/eam<\/p>\n\n\n\n<ul class=\"wp-block-list\">\n<li>#<a href=\"https:\/\/www.prensa-latina.cu\/etiqueta\/chile\/\">Chile<\/a>\u00a0#<a href=\"https:\/\/www.prensa-latina.cu\/etiqueta\/parapanamericanos-juveniles\/\">parapanamericanos juveniles<\/a>\u00a0#<a href=\"https:\/\/www.prensa-latina.cu\/etiqueta\/resultados\/\">resultados<\/a><\/li>\n<\/ul>\n","protected":false},"excerpt":{"rendered":"<p>Santiago de Chile, 31 oct (Prensa Latina) La sexta edici\u00f3n de los Juegos Parapanamericanos Juveniles comienza hoy en Chile, con la ceremonia inaugural en el hist\u00f3rico Estadio Nacional, ubicado en la capitalina comuna de \u00d1u\u00f1oa. El acto ser\u00e1 una expresi\u00f3n de energ\u00eda, voluntad, juventud e inclusi\u00f3n, se\u00f1alaron los organizadores del encuentro multideportivo, que se extender\u00e1 [&hellip;]<\/p>\n","protected":false},"author":2,"featured_media":646590,"comment_status":"closed","ping_status":"closed","sticky":false,"template":"","format":"standard","meta":{"footnotes":""},"categories":[17],"tags":[],"class_list":["post-646589","post","type-post","status-publish","format-standard","has-post-thumbnail","hentry","category-deportes"],"_links":{"self":[{"href":"https:\/\/diariodominicano.com\/index.php?rest_route=\/wp\/v2\/posts\/646589","targetHints":{"allow":["GET"]}}],"collection":[{"href":"https:\/\/diariodominicano.com\/index.php?rest_route=\/wp\/v2\/posts"}],"about":[{"href":"https:\/\/diariodominicano.com\/index.php?rest_route=\/wp\/v2\/types\/post"}],"author":[{"embeddable":true,"href":"https:\/\/diariodominicano.com\/index.php?rest_route=\/wp\/v2\/users\/2"}],"replies":[{"embeddable":true,"href":"https:\/\/diariodominicano.com\/index.php?rest_route=%2Fwp%2Fv2%2Fcomments&post=646589"}],"version-history":[{"count":1,"href":"https:\/\/diariodominicano.com\/index.php?rest_route=\/wp\/v2\/posts\/646589\/revisions"}],"predecessor-version":[{"id":646591,"href":"https:\/\/diariodominicano.com\/index.php?rest_route=\/wp\/v2\/posts\/646589\/revisions\/646591"}],"wp:featuredmedia":[{"embeddable":true,"href":"https:\/\/diariodominicano.com\/index.php?rest_route=\/wp\/v2\/media\/646590"}],"wp:attachment":[{"href":"https:\/\/diariodominicano.com\/index.php?rest_route=%2Fwp%2Fv2%2Fmedia&parent=646589"}],"wp:term":[{"taxonomy":"category","embeddable":true,"href":"https:\/\/diariodominicano.com\/index.php?rest_route=%2Fwp%2Fv2%2Fcategories&post=646589"},{"taxonomy":"post_tag","embeddable":true,"href":"https:\/\/diariodominicano.com\/index.php?rest_route=%2Fwp%2Fv2%2Ftags&post=646589"}],"curies":[{"name":"wp","href":"https:\/\/api.w.org\/{rel}","templated":true}]}}