{"id":646545,"date":"2025-10-31T01:15:01","date_gmt":"2025-10-31T05:15:01","guid":{"rendered":"https:\/\/diariodominicano.com\/?p=646545"},"modified":"2025-10-31T01:18:19","modified_gmt":"2025-10-31T05:18:19","slug":"darly-batista-demuestra-estar-como-el-vino-en-la-elite-del-futbol-dominicano","status":"publish","type":"post","link":"https:\/\/diariodominicano.com\/?p=646545","title":{"rendered":"Darly Batista demuestra estar \u00abcomo el vino\u00bb en la \u00e9lite del f\u00fatbol dominicano"},"content":{"rendered":"\n<p>Darly Batista <\/p>\n\n\n\n<h2 class=\"wp-block-heading\"><em>El veterano delantero sigue cruzando travesa\u00f1os y siendo una figura determinante en Atl\u00e1ntico FC, probando que la edad es solo un n\u00famero para el talento y la disciplina.<\/em><\/h2>\n\n\n\n<h2 class=\"wp-block-heading\"><em>PUERTO PLATA, REP. DOM. \u2013 En un deporte donde la juventud suele ser la norma, el delantero puertoplate\u00f1o Darly Batista se erige como una notable excepci\u00f3n. A sus 37 a\u00f1os, el atacante, no solo se mantiene activo en la Liga Dominicana de F\u00fatbol (LDF), sino en esta temporada 2025-2026 es una de las fuerzas ofensivas m\u00e1s temidas y respetadas de la competici\u00f3n, haciendo honor al dicho popular: est\u00e1 \u00abcomo el vino\u00bb.<\/em><\/h2>\n\n\n\n<figure class=\"wp-block-image size-large\"><img loading=\"lazy\" decoding=\"async\" width=\"768\" height=\"1024\" src=\"https:\/\/diariodominicano.com\/wp-content\/uploads\/2025\/10\/570951421_18534173557023799_6411769154109126297_n-768x1024.jpg\" alt=\"\" class=\"wp-image-646551\" srcset=\"https:\/\/diariodominicano.com\/wp-content\/uploads\/2025\/10\/570951421_18534173557023799_6411769154109126297_n-768x1024.jpg 768w, https:\/\/diariodominicano.com\/wp-content\/uploads\/2025\/10\/570951421_18534173557023799_6411769154109126297_n-225x300.jpg 225w, https:\/\/diariodominicano.com\/wp-content\/uploads\/2025\/10\/570951421_18534173557023799_6411769154109126297_n-816x1088.jpg 816w, https:\/\/diariodominicano.com\/wp-content\/uploads\/2025\/10\/570951421_18534173557023799_6411769154109126297_n.jpg 855w\" sizes=\"auto, (max-width: 768px) 100vw, 768px\" \/><\/figure>\n\n\n\n<h2 class=\"wp-block-heading\">Darly Batista <\/h2>\n\n\n\n<h2 class=\"wp-block-heading\"><em>Originario del municipio de Montellano, Batista parece rejuvenecido al anotar 6 goles en los 11 partidos para Atl\u00e1ntico y eso lo coloca como el quinto mejor goleador en la actual campa\u00f1a de la LDF.\u00a0<\/em><\/h2>\n\n\n\n<h2 class=\"wp-block-heading\"><em>Batista ha forjado una carrera marcada por la constancia, el olfato goleador y una profesionalidad que hoy rinde frutos visibles en cada partido. Lejos de mostrar un declive, el delantero ha refinado su juego, combinando su instinto natural frente al arco con una inteligencia t\u00e1ctica y una condici\u00f3n f\u00edsica envidiables.<\/em><\/h2>\n\n\n\n<h2 class=\"wp-block-heading\"><em>Su rendimiento esta temporada ha sido crucial para las aspiraciones de Atl\u00e1ntico FC, aportando goles decisivos y una presencia de liderazgo incuestionable en el vestuario.<\/em><\/h2>\n\n\n\n<h2 class=\"wp-block-heading\"><em>La trayectoria de Batista, que incluye m\u00faltiples equipos en la LDF desde el inicio de la liga en 2015 y experiencia en la selecci\u00f3n de mayores desde que debut\u00f3 con la casaca nacional en 2006, lo ha consolidado como un \u00edcono del f\u00fatbol de Puerto Plata y una leyenda activa de la liga.&nbsp;<\/em><\/h2>\n\n\n\n<h2 class=\"wp-block-heading\"><em>Darly Batista no es solo un jugador que envejece bien; es un competidor que, como los grandes vinos, mejora con el tiempo, demostrando que la calidad y la dedicaci\u00f3n no tienen fecha de caducidad.<\/em><\/h2>\n\n\n\n<p><strong>Prensa Atl\u00e1ntico FC<\/strong><\/p>\n\n\n\n<p>Winston Cid<\/p>\n\n\n\n<p><a target=\"_blank\" href=\"mailto:wincid@gmail.com\" rel=\"noreferrer noopener\">wincid@gmail.com<\/a><\/p>\n","protected":false},"excerpt":{"rendered":"<p>Darly Batista El veterano delantero sigue cruzando travesa\u00f1os y siendo una figura determinante en Atl\u00e1ntico FC, probando que la edad es solo un n\u00famero para el talento y la disciplina. PUERTO PLATA, REP. DOM. \u2013 En un deporte donde la juventud suele ser la norma, el delantero puertoplate\u00f1o Darly Batista se erige como una notable [&hellip;]<\/p>\n","protected":false},"author":2,"featured_media":646546,"comment_status":"closed","ping_status":"closed","sticky":false,"template":"","format":"standard","meta":{"footnotes":""},"categories":[17],"tags":[],"class_list":["post-646545","post","type-post","status-publish","format-standard","has-post-thumbnail","hentry","category-deportes"],"_links":{"self":[{"href":"https:\/\/diariodominicano.com\/index.php?rest_route=\/wp\/v2\/posts\/646545","targetHints":{"allow":["GET"]}}],"collection":[{"href":"https:\/\/diariodominicano.com\/index.php?rest_route=\/wp\/v2\/posts"}],"about":[{"href":"https:\/\/diariodominicano.com\/index.php?rest_route=\/wp\/v2\/types\/post"}],"author":[{"embeddable":true,"href":"https:\/\/diariodominicano.com\/index.php?rest_route=\/wp\/v2\/users\/2"}],"replies":[{"embeddable":true,"href":"https:\/\/diariodominicano.com\/index.php?rest_route=%2Fwp%2Fv2%2Fcomments&post=646545"}],"version-history":[{"count":5,"href":"https:\/\/diariodominicano.com\/index.php?rest_route=\/wp\/v2\/posts\/646545\/revisions"}],"predecessor-version":[{"id":646554,"href":"https:\/\/diariodominicano.com\/index.php?rest_route=\/wp\/v2\/posts\/646545\/revisions\/646554"}],"wp:featuredmedia":[{"embeddable":true,"href":"https:\/\/diariodominicano.com\/index.php?rest_route=\/wp\/v2\/media\/646546"}],"wp:attachment":[{"href":"https:\/\/diariodominicano.com\/index.php?rest_route=%2Fwp%2Fv2%2Fmedia&parent=646545"}],"wp:term":[{"taxonomy":"category","embeddable":true,"href":"https:\/\/diariodominicano.com\/index.php?rest_route=%2Fwp%2Fv2%2Fcategories&post=646545"},{"taxonomy":"post_tag","embeddable":true,"href":"https:\/\/diariodominicano.com\/index.php?rest_route=%2Fwp%2Fv2%2Ftags&post=646545"}],"curies":[{"name":"wp","href":"https:\/\/api.w.org\/{rel}","templated":true}]}}