{"id":646485,"date":"2025-10-31T00:42:08","date_gmt":"2025-10-31T04:42:08","guid":{"rendered":"https:\/\/diariodominicano.com\/?p=646485"},"modified":"2025-10-31T00:42:10","modified_gmt":"2025-10-31T04:42:10","slug":"julito-fulcar-rinde-en-bani-y-presenta-el-plan-estrategico-de-desarrollo-sostenible-de-peravia","status":"publish","type":"post","link":"https:\/\/diariodominicano.com\/?p=646485","title":{"rendered":"Julito Fulcar rinde en Ban\u00ed y presenta el Plan Estrat\u00e9gico de Desarrollo Sostenible de Peravia"},"content":{"rendered":"\n<p><strong>&#8211; Con la presencia del presidente del Senado, Ricardo de los Santos, y de otros senadores, junto a autoridades civiles, religiosas, empresariales y comunitarias, el legislador peraviano destac\u00f3 los logros de su primer a\u00f1o de gesti\u00f3n.<\/strong><\/p>\n\n\n\n<p><strong>Ban\u00ed, provincia Peravia. \u2013 En un acto que congreg\u00f3 a representantes de todos los sectores de la sociedad banileja, el senador Julito Fulcar Encarnaci\u00f3n present\u00f3 este mi\u00e9rcoles su Memoria de Gesti\u00f3n 2024-2025, donde rindi\u00f3 cuentas de su primer a\u00f1o de ejercicio legislativo, reafirmando su compromiso con la transparencia, la cercan\u00eda y el desarrollo sostenible de la provincia.<\/strong><\/p>\n\n\n\n<p><strong>La actividad, celebrada en el Auditorio del Recinto UASD Ban\u00ed, cont\u00f3 con la presencia del presidente del Senado de la Rep\u00fablica, Ricardo de los Santos, y de los senadores Gustavo Lara Salazar (San Crist\u00f3bal), Eduard Esp\u00edritu Santo (La Romana) y Antonio Marte (Santiago Rodr\u00edguez), adem\u00e1s de alcaldes, regidores, empresarios, l\u00edderes sociales, comunitarios y religiosos, quienes acudieron a respaldar al legislador peraviano.<\/strong><\/p>\n\n\n\n<p><strong>El evento estuvo enmarcado por una presentaci\u00f3n art\u00edstica y cultural a cargo de grupos folcl\u00f3ricos y expresiones art\u00edsticas de la provincia, que dieron un toque de identidad y orgullo local a la jornada.<\/strong><\/p>\n\n\n\n<p><strong>Durante su discurso, Fulcar destac\u00f3 que rendir cuentas no es solo un compromiso legal, sino un deber moral y \u00e9tico con el pueblo, resaltando que su gesti\u00f3n se ha basado en tres pilares fundamentales: representar con dignidad los intereses de Peravia, legislar con visi\u00f3n nacional y desarrollar una gesti\u00f3n cercana, transparente y humana.<\/strong><\/p>\n\n\n\n<p><strong>\u201cRendir cuentas es mirar al pueblo de frente y decirle con claridad lo que hemos hecho, lo que estamos haciendo y lo que seguiremos haciendo en nombre de la confianza que nos han otorgado\u201d, expres\u00f3 el legislador.<\/strong><\/p>\n\n\n\n<p><strong>Entre los logros m\u00e1s relevantes, Fulcar present\u00f3 el Plan Estrat\u00e9gico de Desarrollo Sostenible de Peravia 2025-2055, una herramienta de planificaci\u00f3n colectiva que busca encaminar el desarrollo integral de la provincia durante los pr\u00f3ximos 30 a\u00f1os.<\/strong><\/p>\n\n\n\n<p><strong>\u201cEste plan representa el m\u00e1s leg\u00edtimo ejercicio de ciudadan\u00eda responsable, uniendo voluntades m\u00e1s all\u00e1 de colores o intereses particulares, bajo la gran bandera de nuestra provincia Peravia\u201d, afirm\u00f3.<\/strong><\/p>\n\n\n\n<p><strong>El senador tambi\u00e9n resalt\u00f3 la rehabilitaci\u00f3n del antiguo edificio escolar de Peravia, que se convertir\u00e1 en un Centro de Educaci\u00f3n Especial para m\u00e1s de 200 ni\u00f1os y ni\u00f1as con condiciones especiales; el programa de becas universitarias que beneficia a 45 j\u00f3venes peravianos; y las acciones de apoyo social y comunitario canalizadas a trav\u00e9s del Fondo de Gesti\u00f3n Social de la Oficina Senatorial.<\/strong><\/p>\n\n\n\n<p><strong>Fulcar agradeci\u00f3 el acompa\u00f1amiento de los distintos sectores que han respaldado su gesti\u00f3n y reafirm\u00f3 su compromiso de seguir legislando con responsabilidad, fiscalizando con firmeza y gestionando con pasi\u00f3n.<\/strong><\/p>\n\n\n\n<p><strong>\u201cSeguiremos trabajando sin descanso, porque Peravia no se detiene. Nuestra provincia tiene todo para seguir creciendo: gente trabajadora, juventud talentosa y un esp\u00edritu emprendedor que no se rinde\u201d, puntualiz\u00f3.<\/strong><\/p>\n\n\n\n<p><strong>Entre las autoridades locales presentes se destacan los alcaldes Iv\u00e1n Reyes, del municipio de Nizao, y Ra\u00fal Batista, del municipio de Matanzas, as\u00ed como los directores y directoras de juntas distritales Amaury Castillo (Villa Fundaci\u00f3n), Jes\u00fas Marte (Las Bar\u00edas), Josefina B\u00e1ez (Carret\u00f3n), Confesor Gonz\u00e1lez (El Lim\u00f3nal), Ellionet Almonte (Santana), Juan Pe\u00f1a (Sombrero), Rosa S\u00e1nchez (Sabana Buey) y Dalma Arias (Paya), quienes acompa\u00f1aron al senador Fulcar en esta rendici\u00f3n de cuentas.<\/strong><\/p>\n\n\n\n<p><strong>Tambi\u00e9n estuvieron presentes los diputados peravianos Carmen Leyda Gonz\u00e1lez y Willy S\u00e1nchez, junto al diputado del Distrito Nacional Carlos S\u00e1nchez, quienes resaltaron el trabajo legislativo, social y de articulaci\u00f3n territorial impulsado por el senador Fulcar durante su primer a\u00f1o de gesti\u00f3n.<\/strong><\/p>\n\n\n\n<p><strong>La Memoria de Gesti\u00f3n Senatorial 2024-2025 estar\u00e1 disponible en formato impreso y digital mediante c\u00f3digo QR, e incluye los proyectos legislativos impulsados, las acciones de supervisi\u00f3n, las iniciativas sociales y los ejes del Plan Estrat\u00e9gico de Desarrollo Sostenible.<\/strong><\/p>\n\n\n\n<p><strong>Oficina Senatorial Provincia Peravia<\/strong><\/p>\n\n\n\n<p><strong>Equipo de Comunicaciones<\/strong><\/p>\n","protected":false},"excerpt":{"rendered":"<p>&#8211; Con la presencia del presidente del Senado, Ricardo de los Santos, y de otros senadores, junto a autoridades civiles, religiosas, empresariales y comunitarias, el legislador peraviano destac\u00f3 los logros de su primer a\u00f1o de gesti\u00f3n. Ban\u00ed, provincia Peravia. \u2013 En un acto que congreg\u00f3 a representantes de todos los sectores de la sociedad banileja, [&hellip;]<\/p>\n","protected":false},"author":7,"featured_media":646530,"comment_status":"closed","ping_status":"closed","sticky":false,"template":"","format":"standard","meta":{"footnotes":""},"categories":[36],"tags":[2510,2359],"class_list":["post-646485","post","type-post","status-publish","format-standard","has-post-thumbnail","hentry","category-hombresmujeresycosas","tag-julito-fulcar","tag-senado"],"_links":{"self":[{"href":"https:\/\/diariodominicano.com\/index.php?rest_route=\/wp\/v2\/posts\/646485","targetHints":{"allow":["GET"]}}],"collection":[{"href":"https:\/\/diariodominicano.com\/index.php?rest_route=\/wp\/v2\/posts"}],"about":[{"href":"https:\/\/diariodominicano.com\/index.php?rest_route=\/wp\/v2\/types\/post"}],"author":[{"embeddable":true,"href":"https:\/\/diariodominicano.com\/index.php?rest_route=\/wp\/v2\/users\/7"}],"replies":[{"embeddable":true,"href":"https:\/\/diariodominicano.com\/index.php?rest_route=%2Fwp%2Fv2%2Fcomments&post=646485"}],"version-history":[{"count":1,"href":"https:\/\/diariodominicano.com\/index.php?rest_route=\/wp\/v2\/posts\/646485\/revisions"}],"predecessor-version":[{"id":646531,"href":"https:\/\/diariodominicano.com\/index.php?rest_route=\/wp\/v2\/posts\/646485\/revisions\/646531"}],"wp:featuredmedia":[{"embeddable":true,"href":"https:\/\/diariodominicano.com\/index.php?rest_route=\/wp\/v2\/media\/646530"}],"wp:attachment":[{"href":"https:\/\/diariodominicano.com\/index.php?rest_route=%2Fwp%2Fv2%2Fmedia&parent=646485"}],"wp:term":[{"taxonomy":"category","embeddable":true,"href":"https:\/\/diariodominicano.com\/index.php?rest_route=%2Fwp%2Fv2%2Fcategories&post=646485"},{"taxonomy":"post_tag","embeddable":true,"href":"https:\/\/diariodominicano.com\/index.php?rest_route=%2Fwp%2Fv2%2Ftags&post=646485"}],"curies":[{"name":"wp","href":"https:\/\/api.w.org\/{rel}","templated":true}]}}