{"id":646484,"date":"2025-10-31T00:40:02","date_gmt":"2025-10-31T04:40:02","guid":{"rendered":"https:\/\/diariodominicano.com\/?p=646484"},"modified":"2025-10-31T00:40:04","modified_gmt":"2025-10-31T04:40:04","slug":"senador-aneudy-ortiz-hace-llamado-urgente-al-gobierno-para-declarar-a-san-jose-de-ocoa-en-estado-de-emergencia","status":"publish","type":"post","link":"https:\/\/diariodominicano.com\/?p=646484","title":{"rendered":"Senador Aneudy Ortiz hace llamado urgente al Gobierno para declarar a San Jos\u00e9 de Ocoa en estado de emergencia"},"content":{"rendered":"\n<p>San Jos\u00e9 de Ocoa, R.D. \u2013 Ante la cr\u00edtica situaci\u00f3n que vive la provincia de San Jos\u00e9 de Ocoa tras siete d\u00edas de lluvias ininterrumpidas y los efectos devastadores de la tormenta Melissa, el senador Aneudy Ortiz Saji\u00fan hizo un llamado urgente al presidente Luis Abinader y al Gobierno dominicano para que se declare la provincia en estado de emergencia y se tomen medidas inmediatas para proteger a las familias afectadas.<\/p>\n\n\n\n<p>El legislador ocoe\u00f1o expres\u00f3 su profunda preocupaci\u00f3n por las condiciones actuales de los municipios y distritos municipales, donde los suelos se encuentran saturados, los caminos vecinales intransitables y la producci\u00f3n agr\u00edcola de campo abierto destruida, dejando a cientos de familias en una situaci\u00f3n de vulnerabilidad extrema.<\/p>\n\n\n\n<p>\u201cDebemos proteger a nuestras familias ocoe\u00f1as. La situaci\u00f3n es alarmante y necesitamos con urgencia la intervenci\u00f3n del Gobierno dominicano. No podemos esperar m\u00e1s; cada hora cuenta para garantizar la seguridad y el bienestar de nuestra gente\u201d, manifest\u00f3 el senador Aneudy Ortiz.<\/p>\n\n\n\n<p>El senador destac\u00f3 que todas las autoridades provinciales se mantienen unidas frente a la emergencia.<\/p>\n\n\n\n<p>\u201cEstamos trabajando de manera coordinada junto a nuestra gobernadora Josefa Oliva Castillo, el Comit\u00e9 de Prevenci\u00f3n, Mitigaci\u00f3n y Respuesta (PMR), y acompa\u00f1ando a cada alcalde y director de junta distrital para atender las necesidades de cada comunidad. Unidos, estamos firmes y comprometidos con el bienestar del pueblo ocoe\u00f1o\u201d, expres\u00f3 Ortiz.<\/p>\n\n\n\n<p>Medidas urgentes solicitadas<\/p>\n\n\n\n<p>El senador Aneudy Ortiz Saji\u00fan reiter\u00f3 la necesidad de implementar de inmediato las siguientes acciones:<br>\u2022 Declarar el estado de emergencia en toda la provincia de San Jos\u00e9 de Ocoa.<br>\u2022 Disponer la intervenci\u00f3n de los ministros y directores generales para coordinar esfuerzos y restablecer los servicios b\u00e1sicos.<br>\u2022 Enviar equipos amarillos para rehabilitar caminos vecinales y permitir el acceso a las zonas afectadas.<br>\u2022 Fortalecer los programas sociales y de ayuda humanitaria, garantizando que lleguen a todas las familias necesitadas.<\/p>\n\n\n\n<p>El senador record\u00f3 que San Jos\u00e9 de Ocoa es una provincia fuerte, trabajadora y solidaria, pero que en este momento necesita la mano amiga y la acci\u00f3n inmediata del Gobierno.<\/p>\n\n\n\n<p>\u201cOcoa ha sabido levantarse en los momentos dif\u00edciles, pero hoy necesita el respaldo total del Estado. Lo que est\u00e1 en juego son las vidas, la seguridad y la esperanza de nuestras familias. Este es el momento de unirnos todos por Ocoa\u201d, enfatiz\u00f3 el legislador.<\/p>\n\n\n\n<p>Finalmente, Ortiz reiter\u00f3 su llamado al presidente Luis Abinader, y a todas las instituciones gubernamentales a tomar medidas urgentes para atender la emergencia y proteger a las familias ocoe\u00f1as, garantizando su seguridad, alimentaci\u00f3n y bienestar.<\/p>\n","protected":false},"excerpt":{"rendered":"<p>San Jos\u00e9 de Ocoa, R.D. \u2013 Ante la cr\u00edtica situaci\u00f3n que vive la provincia de San Jos\u00e9 de Ocoa tras siete d\u00edas de lluvias ininterrumpidas y los efectos devastadores de la tormenta Melissa, el senador Aneudy Ortiz Saji\u00fan hizo un llamado urgente al presidente Luis Abinader y al Gobierno dominicano para que se declare la [&hellip;]<\/p>\n","protected":false},"author":7,"featured_media":646528,"comment_status":"closed","ping_status":"open","sticky":false,"template":"","format":"standard","meta":{"footnotes":""},"categories":[36],"tags":[3384,2359],"class_list":["post-646484","post","type-post","status-publish","format-standard","has-post-thumbnail","hentry","category-hombresmujeresycosas","tag-aneudy-ortiz","tag-senado"],"_links":{"self":[{"href":"https:\/\/diariodominicano.com\/index.php?rest_route=\/wp\/v2\/posts\/646484","targetHints":{"allow":["GET"]}}],"collection":[{"href":"https:\/\/diariodominicano.com\/index.php?rest_route=\/wp\/v2\/posts"}],"about":[{"href":"https:\/\/diariodominicano.com\/index.php?rest_route=\/wp\/v2\/types\/post"}],"author":[{"embeddable":true,"href":"https:\/\/diariodominicano.com\/index.php?rest_route=\/wp\/v2\/users\/7"}],"replies":[{"embeddable":true,"href":"https:\/\/diariodominicano.com\/index.php?rest_route=%2Fwp%2Fv2%2Fcomments&post=646484"}],"version-history":[{"count":1,"href":"https:\/\/diariodominicano.com\/index.php?rest_route=\/wp\/v2\/posts\/646484\/revisions"}],"predecessor-version":[{"id":646529,"href":"https:\/\/diariodominicano.com\/index.php?rest_route=\/wp\/v2\/posts\/646484\/revisions\/646529"}],"wp:featuredmedia":[{"embeddable":true,"href":"https:\/\/diariodominicano.com\/index.php?rest_route=\/wp\/v2\/media\/646528"}],"wp:attachment":[{"href":"https:\/\/diariodominicano.com\/index.php?rest_route=%2Fwp%2Fv2%2Fmedia&parent=646484"}],"wp:term":[{"taxonomy":"category","embeddable":true,"href":"https:\/\/diariodominicano.com\/index.php?rest_route=%2Fwp%2Fv2%2Fcategories&post=646484"},{"taxonomy":"post_tag","embeddable":true,"href":"https:\/\/diariodominicano.com\/index.php?rest_route=%2Fwp%2Fv2%2Ftags&post=646484"}],"curies":[{"name":"wp","href":"https:\/\/api.w.org\/{rel}","templated":true}]}}