{"id":646477,"date":"2025-10-30T16:12:47","date_gmt":"2025-10-30T20:12:47","guid":{"rendered":"https:\/\/diariodominicano.com\/?p=646477"},"modified":"2025-10-30T16:12:47","modified_gmt":"2025-10-30T20:12:47","slug":"arte-san-ramon-inaugura-la-exposicion-rebirth-renacer-de-la-artista-aida-vasquez-yarull","status":"publish","type":"post","link":"https:\/\/diariodominicano.com\/?p=646477","title":{"rendered":"Arte San Ram\u00f3n inaugura la Exposici\u00f3n \u201cRebirth \/ Renacer\u201d de la artista Aida V\u00e1squez Yarull\u00a0"},"content":{"rendered":"\n<p>Santo Domingo, D.N. \u2013 Con la presencia de destacadas personalidades, coleccionistas, empresarios, artistas y amantes del arte, qued\u00f3 inaugurada la exposici\u00f3n \u201cRebirth\/ Renacer\u201d de la artista Aida V\u00e1squez Yarull. La apertura, celebrada el mi\u00e9rcoles 15 de octubre en ASR Galer\u00eda Arte San Ram\u00f3n, reuni\u00f3 a un nutrido p\u00fablico para admirar las obras de la joven artista, quien a trav\u00e9s de su cuerpo de trabajo explora el gesto, el color y la espiritualidad desde una perspectiva contempor\u00e1nea.<\/p>\n\n\n\n<figure class=\"wp-block-gallery has-nested-images columns-default is-cropped wp-block-gallery-1 is-layout-flex wp-block-gallery-is-layout-flex\">\n<figure class=\"wp-block-image size-large\"><img loading=\"lazy\" decoding=\"async\" width=\"635\" height=\"940\" data-id=\"646494\" src=\"https:\/\/diariodominicano.com\/wp-content\/uploads\/2025\/10\/Sue-Rodriguez-Ebel-Echavarria-Susy-Guzman-y-Felipe-Rangel.jpg\" alt=\"\" class=\"wp-image-646494\" srcset=\"https:\/\/diariodominicano.com\/wp-content\/uploads\/2025\/10\/Sue-Rodriguez-Ebel-Echavarria-Susy-Guzman-y-Felipe-Rangel.jpg 635w, https:\/\/diariodominicano.com\/wp-content\/uploads\/2025\/10\/Sue-Rodriguez-Ebel-Echavarria-Susy-Guzman-y-Felipe-Rangel-203x300.jpg 203w\" sizes=\"auto, (max-width: 635px) 100vw, 635px\" \/><figcaption class=\"wp-element-caption\">Sue Rodr\u00edguez, Ebel Echavarr\u00eda, Susy Guzma\u0301n y Felipe Rangel<\/figcaption><\/figure>\n<\/figure>\n\n\n\n<p>En la exposici\u00f3n se present\u00f3 un conjunto de 40 obras entre pinturas y dibujos representativas de los primeros cinco a\u00f1os de su trayectoria art\u00edstica,\u00a0 a la manera de un \u201chomenaje simb\u00f3lico a su renacer interior a trav\u00e9s del arte\u201d.\u00a0\u00a0<\/p>\n\n\n\n<figure class=\"wp-block-gallery has-nested-images columns-default is-cropped wp-block-gallery-2 is-layout-flex wp-block-gallery-is-layout-flex\">\n<figure class=\"wp-block-image size-large\"><img loading=\"lazy\" decoding=\"async\" width=\"467\" height=\"635\" data-id=\"646496\" src=\"https:\/\/diariodominicano.com\/wp-content\/uploads\/2025\/10\/Victor-Bisino-y-Felipe-Moreno.jpg\" alt=\"\" class=\"wp-image-646496\" srcset=\"https:\/\/diariodominicano.com\/wp-content\/uploads\/2025\/10\/Victor-Bisino-y-Felipe-Moreno.jpg 467w, https:\/\/diariodominicano.com\/wp-content\/uploads\/2025\/10\/Victor-Bisino-y-Felipe-Moreno-221x300.jpg 221w\" sizes=\"auto, (max-width: 467px) 100vw, 467px\" \/><figcaption class=\"wp-element-caption\">V\u00edctor Bisin\u00f3 y Felipe Moreno <\/figcaption><\/figure>\n\n\n\n<figure class=\"wp-block-image size-large\"><img loading=\"lazy\" decoding=\"async\" width=\"322\" height=\"372\" data-id=\"646495\" src=\"https:\/\/diariodominicano.com\/wp-content\/uploads\/2025\/10\/Tony-Raful-y-Felipe-Moreno.jpg\" alt=\"\" class=\"wp-image-646495\" srcset=\"https:\/\/diariodominicano.com\/wp-content\/uploads\/2025\/10\/Tony-Raful-y-Felipe-Moreno.jpg 322w, https:\/\/diariodominicano.com\/wp-content\/uploads\/2025\/10\/Tony-Raful-y-Felipe-Moreno-260x300.jpg 260w\" sizes=\"auto, (max-width: 322px) 100vw, 322px\" \/><figcaption class=\"wp-element-caption\">Tony Raful y Felipe Moreno<\/figcaption><\/figure>\n<\/figure>\n\n\n\n<p>Durante la inauguraci\u00f3n, la curadora de la muestra Dra. Paula G\u00f3mez Jorge, expres\u00f3 en su discurso que \u201cEl cuerpo de trabajo de Aida V\u00e1squez evidencia c\u00f3mo experiencia vital y lenguaje pict\u00f3rico se entrelazan en una intensidad crom\u00e1tica vibrante, una gestualidad expansiva y un repertorio de signos personales que evocan fuerzas an\u00edmicas en proceso de integraci\u00f3n. Desde esta perspectiva, su pr\u00e1ctica se sit\u00faa en un punto de encuentro entre el expresionismo abstracto y la abstracci\u00f3n l\u00edrica, corrientes que entienden la pintura como una experiencia de existencia y descubrimiento interior. M\u00e1s all\u00e1 de filiaciones estil\u00edsticas, su obra dialoga con las ideas planteadas por Kandinsky en De lo espiritual en el arte, donde la pintura se concibe como veh\u00edculo de fuerzas interiores cargadas de emoci\u00f3n y trascendencia\u201d.<\/p>\n\n\n\n<figure class=\"wp-block-gallery has-nested-images columns-default is-cropped wp-block-gallery-3 is-layout-flex wp-block-gallery-is-layout-flex\">\n<figure class=\"wp-block-image size-large\"><img loading=\"lazy\" decoding=\"async\" width=\"635\" height=\"776\" data-id=\"646497\" src=\"https:\/\/diariodominicano.com\/wp-content\/uploads\/2025\/10\/Aida-Vasquez.jpg\" alt=\"\" class=\"wp-image-646497\" srcset=\"https:\/\/diariodominicano.com\/wp-content\/uploads\/2025\/10\/Aida-Vasquez.jpg 635w, https:\/\/diariodominicano.com\/wp-content\/uploads\/2025\/10\/Aida-Vasquez-245x300.jpg 245w\" sizes=\"auto, (max-width: 635px) 100vw, 635px\" \/><figcaption class=\"wp-element-caption\">Aida V\u00e1squez <\/figcaption><\/figure>\n<\/figure>\n\n\n\n<p>Por su parte la artista expres\u00f3 que \u201cEsta exposici\u00f3n Rebirth\/ Renacer es un paso trascendental en mi trayectoria, un logro, un honor y un acontecimiento que marca mi carrera art\u00edstica. Estoy profundamente agradecida de que sea en Arte San Ram\u00f3n, una galer\u00eda de tanta relevancia y de contar con el respaldo de coleccionistas y figuras del arte que valoran mi trabajo. Sin embargo, aunque celebro este hito, estoy convencida de que es apenas el inicio\u00a0 de un viaje que ser\u00e1 tan desafiante como maravilloso\u201d.<\/p>\n\n\n\n<figure class=\"wp-block-gallery has-nested-images columns-default is-cropped wp-block-gallery-4 is-layout-flex wp-block-gallery-is-layout-flex\">\n<figure class=\"wp-block-image size-large\"><img loading=\"lazy\" decoding=\"async\" width=\"821\" height=\"635\" data-id=\"646493\" src=\"https:\/\/diariodominicano.com\/wp-content\/uploads\/2025\/10\/Paula-Gomez-Aida-Vasquez-Susy-Guzman-Sergio-Ferreira-Gabriela-Armenteros-y-Eunice-Pereira.jpg\" alt=\"\" class=\"wp-image-646493\" srcset=\"https:\/\/diariodominicano.com\/wp-content\/uploads\/2025\/10\/Paula-Gomez-Aida-Vasquez-Susy-Guzman-Sergio-Ferreira-Gabriela-Armenteros-y-Eunice-Pereira.jpg 821w, https:\/\/diariodominicano.com\/wp-content\/uploads\/2025\/10\/Paula-Gomez-Aida-Vasquez-Susy-Guzman-Sergio-Ferreira-Gabriela-Armenteros-y-Eunice-Pereira-300x232.jpg 300w, https:\/\/diariodominicano.com\/wp-content\/uploads\/2025\/10\/Paula-Gomez-Aida-Vasquez-Susy-Guzman-Sergio-Ferreira-Gabriela-Armenteros-y-Eunice-Pereira-768x594.jpg 768w, https:\/\/diariodominicano.com\/wp-content\/uploads\/2025\/10\/Paula-Gomez-Aida-Vasquez-Susy-Guzman-Sergio-Ferreira-Gabriela-Armenteros-y-Eunice-Pereira-816x631.jpg 816w\" sizes=\"auto, (max-width: 821px) 100vw, 821px\" \/><figcaption class=\"wp-element-caption\">Paula Go\u0301mez, Aida V\u00e1squez, Susy Guzm\u00e1n, Sergio Ferreira, Gabriela Armenteros y Eunice Pereira<\/figcaption><\/figure>\n<\/figure>\n\n\n\n<p>El t\u00edtulo Rebirth \/ Renacer sintetiza la concepci\u00f3n de la pintura de Aida como un acto regenerador: no solo un lenguaje formal, sino el arte entendido como medio de sanaci\u00f3n, transformaci\u00f3n y de resonancia espiritual, concluy\u00f3 la curadora.<\/p>\n\n\n\n<p>Rebirth \/ Renacer, estar\u00e1 abierta al p\u00fablico del 15 de octubre al 15 de noviembre de 2025. Su programa paralelo consistir\u00e1 en un Conversatorio con la artista y la curadora, el mi\u00e9rcoles 22 de octubre, a las 4:00 p.m y el s\u00e1bado 25 de octubre, a las 10:00 am\u00a0 la Visita guiada con la artista. Estas actividades son abiertas al p\u00fablico.\u00a0<\/p>\n\n\n\n<figure class=\"wp-block-gallery has-nested-images columns-default is-cropped wp-block-gallery-5 is-layout-flex wp-block-gallery-is-layout-flex\">\n<figure class=\"wp-block-image size-large\"><img loading=\"lazy\" decoding=\"async\" width=\"995\" height=\"635\" data-id=\"646498\" src=\"https:\/\/diariodominicano.com\/wp-content\/uploads\/2025\/10\/Arte-San-inaugura-la-Exposicion-Rebirth-Renacer-de-la-artista-Aida-Vasquez-Yarull.jpg\" alt=\"\" class=\"wp-image-646498\" srcset=\"https:\/\/diariodominicano.com\/wp-content\/uploads\/2025\/10\/Arte-San-inaugura-la-Exposicion-Rebirth-Renacer-de-la-artista-Aida-Vasquez-Yarull.jpg 995w, https:\/\/diariodominicano.com\/wp-content\/uploads\/2025\/10\/Arte-San-inaugura-la-Exposicion-Rebirth-Renacer-de-la-artista-Aida-Vasquez-Yarull-300x191.jpg 300w, https:\/\/diariodominicano.com\/wp-content\/uploads\/2025\/10\/Arte-San-inaugura-la-Exposicion-Rebirth-Renacer-de-la-artista-Aida-Vasquez-Yarull-768x490.jpg 768w, https:\/\/diariodominicano.com\/wp-content\/uploads\/2025\/10\/Arte-San-inaugura-la-Exposicion-Rebirth-Renacer-de-la-artista-Aida-Vasquez-Yarull-816x521.jpg 816w\" sizes=\"auto, (max-width: 995px) 100vw, 995px\" \/><\/figure>\n<\/figure>\n\n\n\n<p>Sobre la artista&nbsp;<\/p>\n\n\n\n<p>A\u00edda V\u00e1squez Yarull (1990)<\/p>\n\n\n\n<p>Artista visual. Actualmente reside en Santo Domingo, Rep\u00fablica Dominicana.&nbsp;<\/p>\n\n\n\n<p>Egresada de la carrera de Psicolog\u00eda, menci\u00f3n Escolar, por la Universidad Iberoamericana (UNIBE). Posee una especialidad en Habilitaci\u00f3n Docente por la Universidad Nacional Pedro Henriquez Ure\u00f1a (UNPHU), y ha complementado su formaci\u00f3n con diversos diplomados en su \u00e1rea de estudio, tanto en la Rep\u00fablica Dominicana como en el extranjero.&nbsp;<\/p>\n\n\n\n<p>En 2023, sus obras fueron presentadas en la reconocida feria Red Dot Miami y el Consulado Dominicano en Miami la distingui\u00f3 por su compromiso social como creadora visual. Tambi\u00e9n se le reconoci\u00f3 como artista destacada por el Museo Empresarial &amp; Cultural de Colombia en la categor\u00eda \u201cTalento y Excelencia\u201d.&nbsp;<\/p>\n\n\n\n<p>En el 2024, particip\u00f3 en la exposici\u00f3n colectiva Inner Canvas en Arte San Ram\u00f3n en Santo Domingo. Ese mismo a\u00f1o, fue invitada al Workshop de Econom\u00eda Creativa coordinado por la Escuela de Estudios Liberales de la Universidad Iberoamericana (UNIBE), donde fue reconocida por su aporte como expositora. Tambi\u00e9n form\u00f3 parte del evento Arte como estilo de vida, organizado por Tissage en Francesco Home, Santiago de los Caballeros y present\u00f3 ese mismo a\u00f1o la conferencia La espiritualidad en el arte durante la cuarta edici\u00f3n de FIARTE (Feria Internacional de Arte en Blue Mall Punta Cana, en la cual profundiz\u00f3 en la dimensi\u00f3n espiritual que impregna su proceso creativo.&nbsp;<\/p>\n\n\n\n<p>En 2025, fue invitada por la Galer\u00eda de Arte San Ram\u00f3n en Santo Domingo, a prop\u00f3sito de la muestra \u201cNarrativas Femeninas en Tr\u00e1nsito\u201d, un homenaje a la maestra Elsa N\u00fa\u00f1ez, bajo la curadur\u00eda de la Dra. Paula G\u00f3mez Jorge. En julio del mismo a\u00f1o, sus obras fueron exhibidas en la gala de arte Perspective, tambi\u00e9n organizada por ARTGALA en The Green Room en la ciudad de Santo Domingo. En el mes de septiembre, fue invitada por el Consulado General de la Rep\u00fablica Dominicana en Miami para el develamiento de su obra \u201cCuando mi pa\u00eds llora, a m\u00ed me duele distinto\u201d en homenaje a las v\u00edctimas de la tragedia de Jet Set, ocurrida en Santo Domingo, el 8 de abril, 2025. Las obras de Aida tambi\u00e9n formaron parte de la ruta cultural organizada por The Still Room e intervino en un panel creativo en West Palm Beach sobre \u201cEl Arte como Puente Cultural\u201d.<\/p>\n\n\n\n<p>Daniela Sena <a href=\"mailto:daniela@lendof.com.do\">daniela@lendof.com.do<\/a>&nbsp;<\/p>\n\n\n\n<p>Daniela Sena <a href=\"mailto:daniela@lendof.com.do\">daniela@lendof.com.do<\/a><\/p>\n","protected":false},"excerpt":{"rendered":"<p>Santo Domingo, D.N. \u2013 Con la presencia de destacadas personalidades, coleccionistas, empresarios, artistas y amantes del arte, qued\u00f3 inaugurada la exposici\u00f3n \u201cRebirth\/ Renacer\u201d de la artista Aida V\u00e1squez Yarull. La apertura, celebrada el mi\u00e9rcoles 15 de octubre en ASR Galer\u00eda Arte San Ram\u00f3n, reuni\u00f3 a un nutrido p\u00fablico para admirar las obras de la joven [&hellip;]<\/p>\n","protected":false},"author":7,"featured_media":646493,"comment_status":"closed","ping_status":"closed","sticky":false,"template":"","format":"standard","meta":{"footnotes":""},"categories":[1],"tags":[210],"class_list":["post-646477","post","type-post","status-publish","format-standard","has-post-thumbnail","hentry","category-editorial","tag-aida-vasquez-yarull"],"_links":{"self":[{"href":"https:\/\/diariodominicano.com\/index.php?rest_route=\/wp\/v2\/posts\/646477","targetHints":{"allow":["GET"]}}],"collection":[{"href":"https:\/\/diariodominicano.com\/index.php?rest_route=\/wp\/v2\/posts"}],"about":[{"href":"https:\/\/diariodominicano.com\/index.php?rest_route=\/wp\/v2\/types\/post"}],"author":[{"embeddable":true,"href":"https:\/\/diariodominicano.com\/index.php?rest_route=\/wp\/v2\/users\/7"}],"replies":[{"embeddable":true,"href":"https:\/\/diariodominicano.com\/index.php?rest_route=%2Fwp%2Fv2%2Fcomments&post=646477"}],"version-history":[{"count":2,"href":"https:\/\/diariodominicano.com\/index.php?rest_route=\/wp\/v2\/posts\/646477\/revisions"}],"predecessor-version":[{"id":646500,"href":"https:\/\/diariodominicano.com\/index.php?rest_route=\/wp\/v2\/posts\/646477\/revisions\/646500"}],"wp:featuredmedia":[{"embeddable":true,"href":"https:\/\/diariodominicano.com\/index.php?rest_route=\/wp\/v2\/media\/646493"}],"wp:attachment":[{"href":"https:\/\/diariodominicano.com\/index.php?rest_route=%2Fwp%2Fv2%2Fmedia&parent=646477"}],"wp:term":[{"taxonomy":"category","embeddable":true,"href":"https:\/\/diariodominicano.com\/index.php?rest_route=%2Fwp%2Fv2%2Fcategories&post=646477"},{"taxonomy":"post_tag","embeddable":true,"href":"https:\/\/diariodominicano.com\/index.php?rest_route=%2Fwp%2Fv2%2Ftags&post=646477"}],"curies":[{"name":"wp","href":"https:\/\/api.w.org\/{rel}","templated":true}]}}