{"id":646360,"date":"2025-10-30T01:22:42","date_gmt":"2025-10-30T05:22:42","guid":{"rendered":"https:\/\/diariodominicano.com\/?p=646360"},"modified":"2025-10-30T01:22:45","modified_gmt":"2025-10-30T05:22:45","slug":"pld-rechaza-uso-reiterado-del-estado-de-emergencia","status":"publish","type":"post","link":"https:\/\/diariodominicano.com\/?p=646360","title":{"rendered":"PLD rechaza uso reiterado del Estado de Emergencia"},"content":{"rendered":"\n<p><em><br>Johnny Pujols: \u201cNo podemos abusar del Estado de Emergencia, no hay necesidad de utilizarlo en extremo para darle asistencia a la poblaci\u00f3n.\u201d<\/em><\/p>\n\n\n\n<p>El Secretario General del Partido de la Liberaci\u00f3n Dominicana (PLD), Johnny Pujols, expres\u00f3 preocupaci\u00f3n ante la frecuencia con que el gobierno recurre al mecanismo de Situaci\u00f3n de Emergencia, advirtiendo que no siempre es la v\u00eda m\u00e1s adecuada para responder a los escenarios de calamidad.<\/p>\n\n\n\n<p>Manifest\u00f3 que hay una tendencia del gobierno a utilizar mucho el mecanismo del \u201cEstado de Emergencia\u201d y eso es preocupante, porque a veces no es necesario utilizarlo, para asistir a la gente que, evidentemente, necesita la solidaridad del Estado.<\/p>\n\n\n\n<p>Pujols consider\u00f3 que, si bien es importante asistir a quienes sufren los embates de eventos graves, \u201cno podemos abusar del Estado de Emergencia, no hay necesidad de utilizarlo en extremo para darle asistencia a la poblaci\u00f3n\u201d.<\/p>\n\n\n\n<p>Al ser consultado sobre la posibilidad de que el gobierno eval\u00fae declarar un nuevo estado de emergencia, el dirigente pelede\u00edsta recomend\u00f3 prudencia y record\u00f3 que \u201chay que esperar primero qu\u00e9 puede suceder en los pr\u00f3ximos d\u00edas, pero al parecer lo peor con el paso de la tormenta Melissa, ya ha sucedido\u201d.<\/p>\n\n\n\n<p>Subray\u00f3 que la tendencia oficialista a utilizar ese recurso debe analizarse con sentido cr\u00edtico y responsabilidad institucional.<\/p>\n\n\n\n<p>Al ser cuestionado sobre la suspensi\u00f3n de la docencia y las labores por varios d\u00edas, como parte de las medidas para resguardar vidas, resalt\u00f3 que, en esta ocasi\u00f3n, la informaci\u00f3n fluy\u00f3 de manera adecuada. \u201cNosotros somos un partido de oposici\u00f3n y cuando toca hacer oposici\u00f3n la hacemos, pero en esta ocasi\u00f3n la informaci\u00f3n se le brind\u00f3 oportunamente a la poblaci\u00f3n\u201d, afirm\u00f3 el Secretario General.<\/p>\n\n\n\n<p>El dirigente pelede\u00edsta destac\u00f3 la actitud responsable del PLD ante el llamado del gobierno para prevenir p\u00e9rdidas de vida debido al paso de Melissa, se\u00f1alando que la organizaci\u00f3n puso a disposici\u00f3n de las comunidades toda su militancia y suspendi\u00f3 actividades para colaborar con la poblaci\u00f3n.<\/p>\n\n\n\n<p>\u201cEl PLD tambi\u00e9n se puso a la altura de la circunstancia, expresando su solidaridad, suspendimos las actividades y pusimos a la militancia al servicio de las comunidades y de la gente que necesitaba el auxilio de nosotros\u201d, apunt\u00f3 Pujols.<\/p>\n\n\n\n<p>Las declaraciones fueron ofrecidas por Johnny Pujols a la prensa en la entrada de la Parroquia donde se celebr\u00f3 la misa de recordatorio por el fallecimiento de Reinaldo Pared P\u00e9rez, exsecretario general y figura emblem\u00e1tica del PLD.<\/p>\n\n\n\n<p>Johnny Pujols aprovech\u00f3 la ocasi\u00f3n para resaltar la vida y obra del dirigente fallecido, a quien defini\u00f3 como \u201cun ejemplo de ciudadano y militante pol\u00edtico siempre comprometido con causas e ideas nobles\u201d.<\/p>\n\n\n\n<p>Finalmente, Pujols destac\u00f3 el legado de Reinaldo Pared P\u00e9rez, subrayando su formaci\u00f3n \u00edntegra en el seno del PLD y su compromiso como dem\u00f3crata y servidor p\u00fablico.<\/p>\n\n\n\n<p>Record\u00f3 que, como senador, Pared P\u00e9rez promovi\u00f3 importantes iniciativas y dej\u00f3 una huella imborrable, siendo un referente para la militancia del partido y para el pa\u00eds.<\/p>\n\n\n\n<p><strong>SECRETAR\u00cdA DE COMUNICACIONES<\/strong><\/p>\n\n\n\n<p><strong>29 DE OCTUBRE DE 2025<\/strong><\/p>\n","protected":false},"excerpt":{"rendered":"<p>Johnny Pujols: \u201cNo podemos abusar del Estado de Emergencia, no hay necesidad de utilizarlo en extremo para darle asistencia a la poblaci\u00f3n.\u201d El Secretario General del Partido de la Liberaci\u00f3n Dominicana (PLD), Johnny Pujols, expres\u00f3 preocupaci\u00f3n ante la frecuencia con que el gobierno recurre al mecanismo de Situaci\u00f3n de Emergencia, advirtiendo que no siempre es [&hellip;]<\/p>\n","protected":false},"author":2,"featured_media":646361,"comment_status":"closed","ping_status":"closed","sticky":false,"template":"","format":"standard","meta":{"footnotes":""},"categories":[22],"tags":[],"class_list":["post-646360","post","type-post","status-publish","format-standard","has-post-thumbnail","hentry","category-politica"],"_links":{"self":[{"href":"https:\/\/diariodominicano.com\/index.php?rest_route=\/wp\/v2\/posts\/646360","targetHints":{"allow":["GET"]}}],"collection":[{"href":"https:\/\/diariodominicano.com\/index.php?rest_route=\/wp\/v2\/posts"}],"about":[{"href":"https:\/\/diariodominicano.com\/index.php?rest_route=\/wp\/v2\/types\/post"}],"author":[{"embeddable":true,"href":"https:\/\/diariodominicano.com\/index.php?rest_route=\/wp\/v2\/users\/2"}],"replies":[{"embeddable":true,"href":"https:\/\/diariodominicano.com\/index.php?rest_route=%2Fwp%2Fv2%2Fcomments&post=646360"}],"version-history":[{"count":1,"href":"https:\/\/diariodominicano.com\/index.php?rest_route=\/wp\/v2\/posts\/646360\/revisions"}],"predecessor-version":[{"id":646362,"href":"https:\/\/diariodominicano.com\/index.php?rest_route=\/wp\/v2\/posts\/646360\/revisions\/646362"}],"wp:featuredmedia":[{"embeddable":true,"href":"https:\/\/diariodominicano.com\/index.php?rest_route=\/wp\/v2\/media\/646361"}],"wp:attachment":[{"href":"https:\/\/diariodominicano.com\/index.php?rest_route=%2Fwp%2Fv2%2Fmedia&parent=646360"}],"wp:term":[{"taxonomy":"category","embeddable":true,"href":"https:\/\/diariodominicano.com\/index.php?rest_route=%2Fwp%2Fv2%2Fcategories&post=646360"},{"taxonomy":"post_tag","embeddable":true,"href":"https:\/\/diariodominicano.com\/index.php?rest_route=%2Fwp%2Fv2%2Ftags&post=646360"}],"curies":[{"name":"wp","href":"https:\/\/api.w.org\/{rel}","templated":true}]}}