{"id":646356,"date":"2025-10-30T01:12:59","date_gmt":"2025-10-30T05:12:59","guid":{"rendered":"https:\/\/diariodominicano.com\/?p=646356"},"modified":"2025-10-30T02:15:58","modified_gmt":"2025-10-30T06:15:58","slug":"comentario-la-region-de-asia-pacifico-debe-resistirse-al-proteccionismo-y-renovar-su-compromiso-con-la-apertura","status":"publish","type":"post","link":"https:\/\/diariodominicano.com\/?p=646356","title":{"rendered":"Comentario: La regi\u00f3n de Asia-Pac\u00edfico debe resistirse al proteccionismo y renovar su compromiso con la apertura"},"content":{"rendered":"\n<p><em>spanish.news.cn<\/em>|<em>&nbsp;2025-10-29 23:55:00<\/em>|<\/p>\n\n\n\n<p>BEIJING, 29 oct (Xinhua) &#8212; Mientras el crecimiento econ\u00f3mico mundial se enfrenta a \u00abvientos en contra\u00bb debido al aumento del proteccionismo, la pr\u00f3xima reuni\u00f3n de l\u00edderes econ\u00f3micos del Foro de Cooperaci\u00f3n Econ\u00f3mica Asia-Pac\u00edfico (APEC, siglas en ingl\u00e9s) en la Rep\u00fablica de Corea llega en un momento crucial.<\/p>\n\n\n\n<p>El mundo est\u00e1 mirando a Asia-Pac\u00edfico, la regi\u00f3n m\u00e1s din\u00e1mica e interconectada del planeta, para ver si podr\u00e1 demostrar una vez m\u00e1s su determinaci\u00f3n de optar por la apertura y la cooperaci\u00f3n frente al aislamiento y la divisi\u00f3n.<\/p>\n\n\n\n<p>Asia-Pac\u00edfico ha sido un motor esencial del crecimiento mundial en las \u00faltimas d\u00e9cadas. Hogar de un tercio de la poblaci\u00f3n global y de casi la mitad del comercio internacional, la regi\u00f3n se caracteriza por su diversidad econ\u00f3mica y una aspiraci\u00f3n compartida al desarrollo.<\/p>\n\n\n\n<figure class=\"wp-block-image size-full\"><img loading=\"lazy\" decoding=\"async\" width=\"900\" height=\"520\" src=\"https:\/\/diariodominicano.com\/wp-content\/uploads\/2025\/10\/China-y-ASEAN-firman-el-Protocolo-de-Actualizacion-del-Area-de-Libre-Comercio-3.0.jpeg\" alt=\"\" class=\"wp-image-646399\" srcset=\"https:\/\/diariodominicano.com\/wp-content\/uploads\/2025\/10\/China-y-ASEAN-firman-el-Protocolo-de-Actualizacion-del-Area-de-Libre-Comercio-3.0.jpeg 900w, https:\/\/diariodominicano.com\/wp-content\/uploads\/2025\/10\/China-y-ASEAN-firman-el-Protocolo-de-Actualizacion-del-Area-de-Libre-Comercio-3.0-300x173.jpeg 300w, https:\/\/diariodominicano.com\/wp-content\/uploads\/2025\/10\/China-y-ASEAN-firman-el-Protocolo-de-Actualizacion-del-Area-de-Libre-Comercio-3.0-768x444.jpeg 768w, https:\/\/diariodominicano.com\/wp-content\/uploads\/2025\/10\/China-y-ASEAN-firman-el-Protocolo-de-Actualizacion-del-Area-de-Libre-Comercio-3.0-816x471.jpeg 816w\" sizes=\"auto, (max-width: 900px) 100vw, 900px\" \/><figcaption class=\"wp-element-caption\">(251028) &#8212; KUALA LUMPUR, 28 octubre, 2025 (Xinhua) &#8212; China y ASEAN firman el Protocolo de Actualizaci\u00f3n del Area de Libre Comercio 3.0, en Kuala Lumpur, Malasia, 28 de octubre de 2025. (Xinhua\/Xing Guangli) (jg) (ra) (ce)<\/figcaption><\/figure>\n\n\n\n<p>A medida que el mundo se enfrenta a crecientes incertidumbres y tendencias proteccionistas, Asia-Pac\u00edfico siente inevitablemente el impacto. Las barreras comerciales se acumulan, las rivalidades geopol\u00edticas se intensifican y el sistema multilateral de comercio est\u00e1 sometido a una presi\u00f3n creciente.<\/p>\n\n\n\n<p>Sin embargo, en medio de estos desaf\u00edos, el compromiso duradero de la regi\u00f3n con la apertura, la asociaci\u00f3n y el di\u00e1logo se destaca como una fuerza estabilizadora. Recuerda al mundo que la cooperaci\u00f3n, y no la confrontaci\u00f3n, sigue siendo el camino m\u00e1s convincente hacia la prosperidad compartida.<\/p>\n\n\n\n<p>La Asociaci\u00f3n Econ\u00f3mica Integral Regional (RCEP, siglas en ingl\u00e9s), el mayor acuerdo de libre comercio del mundo que agrupa a 15 econom\u00edas de Asia-Pac\u00edfico, constituye tambi\u00e9n un logro hist\u00f3rico en apoyo al multilateralismo.<\/p>\n\n\n\n<p>M\u00e1s recientemente, China y la Asociaci\u00f3n de Naciones del Sudeste Asi\u00e1tico (ASEAN, siglas en ingl\u00e9s) firmaron el Protocolo de Actualizaci\u00f3n del \u00c1rea de Libre Comercio 3.0, reforzando a\u00fan m\u00e1s la red regional de zonas de libre comercio de orientaci\u00f3n global.<\/p>\n\n\n\n<p>El \u00e9xito de Asia-Pac\u00edfico se ha basado no solo en su vitalidad econ\u00f3mica, sino tambi\u00e9n en una convicci\u00f3n colectiva en la integraci\u00f3n y el beneficio mutuo.<\/p>\n\n\n\n<p>Desde los centros manufactureros de Asia Oriental hasta las econom\u00edas digitales emergentes del Sudeste Asi\u00e1tico, la integraci\u00f3n regional ha generado una prosperidad sin precedentes. Esta historia de \u00e9xito se construy\u00f3 sobre la apertura, con mercados abiertos, di\u00e1logo abierto y libre intercambio de bienes, capital e ideas.<\/p>\n\n\n\n<p>Este modelo de beneficio mutuo ha sacado a cientos de millones de personas de la pobreza, ha transformado econom\u00edas en desarrollo en innovadoras globales y ha fortalecido la confianza a trav\u00e9s de la colaboraci\u00f3n. Retroceder ahora sobre esos cimientos pondr\u00eda en riesgo no solo la estabilidad regional, sino tambi\u00e9n la recuperaci\u00f3n mundial.<\/p>\n\n\n\n<p>Los intentos de desacoplamiento, ya sea en el comercio, la tecnolog\u00eda o las finanzas, ignoran la profunda interdependencia econ\u00f3mica que define hoy a Asia-Pac\u00edfico. Las cadenas de suministro cruzan fronteras, las redes de producci\u00f3n abarcan industrias y la innovaci\u00f3n prospera gracias a la colaboraci\u00f3n transfronteriza.<\/p>\n\n\n\n<p>Pretender cortar estos enlaces es tan err\u00f3neo como destructivo. Tales intentos proteccionistas solo debilitar\u00edan la eficiencia, aumentar\u00edan los costos y sofocar\u00edan la innovaci\u00f3n. Adem\u00e1s, la desvinculaci\u00f3n contradice el esp\u00edritu de asociaci\u00f3n que ha guiado el desarrollo de Asia-Pac\u00edfico durante d\u00e9cadas.<\/p>\n\n\n\n<p>La regi\u00f3n ha demostrado repetidamente que la cooperaci\u00f3n y la apertura generan prosperidad compartida. El APEC debe seguir sirviendo como una plataforma inclusiva para promover el libre y justo comercio, la cooperaci\u00f3n digital y el desarrollo sostenible.<\/p>\n\n\n\n<p>China, que se mantiene firme en su compromiso con el verdadero multilateralismo y el regionalismo abierto, seguir\u00e1 liderando los esfuerzos hacia una Asia-Pac\u00edfico m\u00e1s inclusiva.<\/p>\n\n\n\n<p>Las propuestas de Beijing, como la iniciativa de la Franja y la Ruta, han reforzado la conectividad en Asia y m\u00e1s all\u00e1, construyendo infraestructuras, facilitando la log\u00edstica y fortaleciendo los intercambios culturales y entre pueblos.<\/p>\n\n\n\n<p>Desde puertos en el Sudeste Asi\u00e1tico hasta ferrocarriles en Asia Central, estos proyectos est\u00e1n remodelando el desarrollo regional y fomentando una mayor interdependencia.<\/p>\n\n\n\n<p>Las lecciones de la historia son claras: cuando las econom\u00edas construyen muros, invitan al estancamiento y la desconfianza; cuando tienden puentes, generan oportunidades compartidas.<\/p>\n\n\n\n<p>La fortaleza de Asia-Pac\u00edfico radica en su diversidad econ\u00f3mica y su interconexi\u00f3n.<\/p>\n\n\n\n<p>A trav\u00e9s de rechazar el proteccionismo y resistir al desacoplamiento, la regi\u00f3n puede reafirmar su liderazgo en la promoci\u00f3n del libre comercio, la innovaci\u00f3n y el desarrollo compartido. Al hacerlo, no solo salvaguarda su propio futuro, sino que tambi\u00e9n ofrece al mundo un ejemplo de c\u00f3mo la cooperaci\u00f3n puede imponerse sobre la confrontaci\u00f3n y el aislamiento.&nbsp;<\/p>\n\n\n\n<p><a href=\"https:\/\/www.facebook.com\/sharer\/sharer.php?u=https:\/\/spanish.xinhuanet.com\/20251029\/dd9a7878fa5a43b18dca76d37fd22f4c\/c.html\" target=\"_blank\" rel=\"noreferrer noopener\"><\/a>&nbsp;<a href=\"https:\/\/twitter.com\/intent\/tweet?text=%0A%20%20%20%20%20%20%20%20%20%20%20%20%20%20%20%20%20%20%20%20Comentario:%20La%20regi%C3%B3n%20de%20Asia-Pac%C3%ADfico%20debe%20resistirse%20al%20proteccionismo%20y%20renovar%20su%20compromiso%20con%20la%20apertura%0A%20%20%20%20%20%20%20%20%20%20%20%20%20%20%20%20&amp;url=https:\/\/spanish.xinhuanet.com\/20251029\/dd9a7878fa5a43b18dca76d37fd22f4c\/c.html\" target=\"_blank\" rel=\"noreferrer noopener\"><\/a>&nbsp;<a target=\"_blank\" href=\"https:\/\/service.weibo.com\/share\/share.php?title=%0A%20%20%20%20%20%20%20%20%20%20%20%20%20%20%20%20%20%20%20%20Comentario:%20La%20regi%C3%B3n%20de%20Asia-Pac%C3%ADfico%20debe%20resistirse%20al%20proteccionismo%20y%20renovar%20su%20compromiso%20con%20la%20apertura%0A%20%20%20%20%20%20%20%20%20%20%20%20%20%20%20%20&amp;url=https:\/\/spanish.xinhuanet.com\/20251029\/dd9a7878fa5a43b18dca76d37fd22f4c\/c.html\" rel=\"noreferrer noopener\"><\/a>&nbsp;<a><\/a><\/p>\n\n\n\n<figure class=\"wp-block-image\"><img decoding=\"async\" src=\"https:\/\/imgs.news.cn\/res\/xhwimg\/spanish\/20170522\/img\/jc-xfa.png\" alt=\"\"\/><\/figure>\n\n\n\n<figure class=\"wp-block-table\"><table><tbody><tr><td><\/td><\/tr><\/tbody><\/table><\/figure>\n\n\n\n<figure class=\"wp-block-table\"><table><tbody><tr><td><\/td><\/tr><\/tbody><\/table><\/figure>\n","protected":false},"excerpt":{"rendered":"<p>spanish.news.cn|&nbsp;2025-10-29 23:55:00| BEIJING, 29 oct (Xinhua) &#8212; Mientras el crecimiento econ\u00f3mico mundial se enfrenta a \u00abvientos en contra\u00bb debido al aumento del proteccionismo, la pr\u00f3xima reuni\u00f3n de l\u00edderes econ\u00f3micos del Foro de Cooperaci\u00f3n Econ\u00f3mica Asia-Pac\u00edfico (APEC, siglas en ingl\u00e9s) en la Rep\u00fablica de Corea llega en un momento crucial. El mundo est\u00e1 mirando a Asia-Pac\u00edfico, [&hellip;]<\/p>\n","protected":false},"author":2,"featured_media":646402,"comment_status":"closed","ping_status":"closed","sticky":false,"template":"","format":"standard","meta":{"footnotes":""},"categories":[19,16],"tags":[],"class_list":["post-646356","post","type-post","status-publish","format-standard","has-post-thumbnail","hentry","category-mi-voz","category-opiniones"],"_links":{"self":[{"href":"https:\/\/diariodominicano.com\/index.php?rest_route=\/wp\/v2\/posts\/646356","targetHints":{"allow":["GET"]}}],"collection":[{"href":"https:\/\/diariodominicano.com\/index.php?rest_route=\/wp\/v2\/posts"}],"about":[{"href":"https:\/\/diariodominicano.com\/index.php?rest_route=\/wp\/v2\/types\/post"}],"author":[{"embeddable":true,"href":"https:\/\/diariodominicano.com\/index.php?rest_route=\/wp\/v2\/users\/2"}],"replies":[{"embeddable":true,"href":"https:\/\/diariodominicano.com\/index.php?rest_route=%2Fwp%2Fv2%2Fcomments&post=646356"}],"version-history":[{"count":2,"href":"https:\/\/diariodominicano.com\/index.php?rest_route=\/wp\/v2\/posts\/646356\/revisions"}],"predecessor-version":[{"id":646403,"href":"https:\/\/diariodominicano.com\/index.php?rest_route=\/wp\/v2\/posts\/646356\/revisions\/646403"}],"wp:featuredmedia":[{"embeddable":true,"href":"https:\/\/diariodominicano.com\/index.php?rest_route=\/wp\/v2\/media\/646402"}],"wp:attachment":[{"href":"https:\/\/diariodominicano.com\/index.php?rest_route=%2Fwp%2Fv2%2Fmedia&parent=646356"}],"wp:term":[{"taxonomy":"category","embeddable":true,"href":"https:\/\/diariodominicano.com\/index.php?rest_route=%2Fwp%2Fv2%2Fcategories&post=646356"},{"taxonomy":"post_tag","embeddable":true,"href":"https:\/\/diariodominicano.com\/index.php?rest_route=%2Fwp%2Fv2%2Ftags&post=646356"}],"curies":[{"name":"wp","href":"https:\/\/api.w.org\/{rel}","templated":true}]}}