{"id":646280,"date":"2025-10-29T22:16:52","date_gmt":"2025-10-30T02:16:52","guid":{"rendered":"https:\/\/diariodominicano.com\/?p=646280"},"modified":"2025-10-29T22:16:54","modified_gmt":"2025-10-30T02:16:54","slug":"senado-reconoce-al-doctor-jose-garrido-calderon-por-su-destacada-trayectoria-y-valiosos-aportes-en-beneficio-de-la-medicina-en-el-pais","status":"publish","type":"post","link":"https:\/\/diariodominicano.com\/?p=646280","title":{"rendered":"Senado reconoce al doctor Jos\u00e9 Garrido Calder\u00f3n por su destacada trayectoria y valiosos aportes en beneficio de la medicina en el pa\u00eds"},"content":{"rendered":"\n<p>El homenaje es en cumplimiento a una resoluci\u00f3n sometida por el senador de la provincia La Altagracia, Rafael Bar\u00f3n Duluc Rijo.<\/p>\n\n\n\n<p>SANTO DOMINGO. &#8211; En un acto encabezado por el presidente del Senado, Ricardo de los Santos, el \u00f3rgano legislativo otorg\u00f3 este mi\u00e9rcoles un pergamino de reconocimiento al doctor Jos\u00e9 Garrido Calder\u00f3n, por su fruct\u00edfera carrera, y sus numerosos aportes en beneficio de la medicina en el pa\u00eds.<\/p>\n\n\n\n<figure class=\"wp-block-gallery has-nested-images columns-default is-cropped wp-block-gallery-1 is-layout-flex wp-block-gallery-is-layout-flex\">\n<figure class=\"wp-block-image size-large\"><img loading=\"lazy\" decoding=\"async\" width=\"1024\" height=\"682\" data-id=\"646294\" src=\"https:\/\/diariodominicano.com\/wp-content\/uploads\/2025\/10\/Senado-reconoce-al-doctor-Jose-Garrido-Calderon-por-su-destacada-trayectoria-y-valiosos-aportes-en-beneficio-de-medicina-en-el-pais-1024x682.jpeg\" alt=\"\" class=\"wp-image-646294\" srcset=\"https:\/\/diariodominicano.com\/wp-content\/uploads\/2025\/10\/Senado-reconoce-al-doctor-Jose-Garrido-Calderon-por-su-destacada-trayectoria-y-valiosos-aportes-en-beneficio-de-medicina-en-el-pais-1024x682.jpeg 1024w, https:\/\/diariodominicano.com\/wp-content\/uploads\/2025\/10\/Senado-reconoce-al-doctor-Jose-Garrido-Calderon-por-su-destacada-trayectoria-y-valiosos-aportes-en-beneficio-de-medicina-en-el-pais-300x200.jpeg 300w, https:\/\/diariodominicano.com\/wp-content\/uploads\/2025\/10\/Senado-reconoce-al-doctor-Jose-Garrido-Calderon-por-su-destacada-trayectoria-y-valiosos-aportes-en-beneficio-de-medicina-en-el-pais-768x511.jpeg 768w, https:\/\/diariodominicano.com\/wp-content\/uploads\/2025\/10\/Senado-reconoce-al-doctor-Jose-Garrido-Calderon-por-su-destacada-trayectoria-y-valiosos-aportes-en-beneficio-de-medicina-en-el-pais-816x543.jpeg 816w, https:\/\/diariodominicano.com\/wp-content\/uploads\/2025\/10\/Senado-reconoce-al-doctor-Jose-Garrido-Calderon-por-su-destacada-trayectoria-y-valiosos-aportes-en-beneficio-de-medicina-en-el-pais.jpeg 1280w\" sizes=\"auto, (max-width: 1024px) 100vw, 1024px\" \/><\/figure>\n<\/figure>\n\n\n\n<p>El destacado galeno, lleg\u00f3 al Sal\u00f3n Reynaldo Pared P\u00e9rez del Senado, acompa\u00f1ado de su esposa Angela de las Mercedes M\u00e9ndez, y sus hijos Cynthia Garrido M\u00e9ndez, Eduardo Garrido, Jos\u00e9 \u00c1ngel Garrido y Ariadna Rachel Garrido, as\u00ed como de sus nietos y otros familiares, para recibir tan importante distinci\u00f3n.<\/p>\n\n\n\n<p>Al encabezar el acto de reconocimiento, el presidente del Senado, Ricardo de los Santos, resalt\u00f3 la destacada trayectoria del doctor Jos\u00e9 Garrido Calder\u00f3n en el \u00e1rea de la salud, quien ha consagrado su vida al servicio de la Rep\u00fablica Dominicana.<\/p>\n\n\n\n<p>\u201cDesde el Senado de la Rep\u00fablica, es un gran honor poder reconocer a una figura como el doctor Jos\u00e9 Garrido Calder\u00f3n, que lo ha dado todo por la medicina; que no solo nos ha representado en la Rep\u00fablica Dominicana sino en el exterior, y es un ejemplo de admiraci\u00f3n y orgullo para todos los dominicanos y dominicanas\u201d, expres\u00f3 el presidente del Senado.<\/p>\n\n\n\n<p>Durante la ceremonia, el proponente de la iniciativa, senador Rafael Duluc Rijo (Cholit\u0655\u00edn), quien agradeci\u00f3 a los presentes, destac\u00f3 la importancia de reconocer la gran labor del doctor Garrido, por su vocaci\u00f3n de servicio, y medico ejemplar de la provincia La Altagracia y el pa\u00eds.<\/p>\n\n\n\n<figure class=\"wp-block-gallery has-nested-images columns-default is-cropped wp-block-gallery-2 is-layout-flex wp-block-gallery-is-layout-flex\">\n<figure class=\"wp-block-image size-large\"><img loading=\"lazy\" decoding=\"async\" width=\"682\" height=\"1024\" data-id=\"646292\" src=\"https:\/\/diariodominicano.com\/wp-content\/uploads\/2025\/10\/Senado-reconoce-al-doctor-Jose-Garrido-Calderon-por-su-destacada-trayectoria-y-valiosos-aportes-beneficio-de-la-medicina-en-el-pais-682x1024.jpeg\" alt=\"\" class=\"wp-image-646292\" srcset=\"https:\/\/diariodominicano.com\/wp-content\/uploads\/2025\/10\/Senado-reconoce-al-doctor-Jose-Garrido-Calderon-por-su-destacada-trayectoria-y-valiosos-aportes-beneficio-de-la-medicina-en-el-pais-682x1024.jpeg 682w, https:\/\/diariodominicano.com\/wp-content\/uploads\/2025\/10\/Senado-reconoce-al-doctor-Jose-Garrido-Calderon-por-su-destacada-trayectoria-y-valiosos-aportes-beneficio-de-la-medicina-en-el-pais-200x300.jpeg 200w, https:\/\/diariodominicano.com\/wp-content\/uploads\/2025\/10\/Senado-reconoce-al-doctor-Jose-Garrido-Calderon-por-su-destacada-trayectoria-y-valiosos-aportes-beneficio-de-la-medicina-en-el-pais-768x1154.jpeg 768w, https:\/\/diariodominicano.com\/wp-content\/uploads\/2025\/10\/Senado-reconoce-al-doctor-Jose-Garrido-Calderon-por-su-destacada-trayectoria-y-valiosos-aportes-beneficio-de-la-medicina-en-el-pais-816x1226.jpeg 816w, https:\/\/diariodominicano.com\/wp-content\/uploads\/2025\/10\/Senado-reconoce-al-doctor-Jose-Garrido-Calderon-por-su-destacada-trayectoria-y-valiosos-aportes-beneficio-de-la-medicina-en-el-pais.jpeg 852w\" sizes=\"auto, (max-width: 682px) 100vw, 682px\" \/><\/figure>\n<\/figure>\n\n\n\n<p>\u201cHoy el Senado de la Rep\u00fablica, se llena de orgullo, y se honra al reconocer a uno de los hijos mas ilustres de la provincia La Altagracia, al doctor Jos\u00e9 Altagracia Garrido Calder\u00f3n, un hombre que representa d\u00e9cadas de servicio, sabidur\u00eda y compromiso con la medicina dominicana, y reconocerlo es un acto de justicia y gratitud nacional hacia un hombre que ha dedicado su vida al bienestar de los dem\u00e1s.&nbsp; Su trayectoria es una c\u00e1tedra de vocaci\u00f3n, sacrificio y excelencia. Gracias por ser un orgullo eterno de La Altagracia y la Rep\u00fablica Dominicana\u201d, resalt\u00f3 el senador Rafael Duluc.&nbsp;<\/p>\n\n\n\n<figure class=\"wp-block-gallery has-nested-images columns-default is-cropped wp-block-gallery-3 is-layout-flex wp-block-gallery-is-layout-flex\">\n<figure class=\"wp-block-image size-large\"><img loading=\"lazy\" decoding=\"async\" width=\"682\" height=\"1024\" data-id=\"646291\" src=\"https:\/\/diariodominicano.com\/wp-content\/uploads\/2025\/10\/Senado-reconoce-al-doctor-Jose-Garrido-Calderon-por-destacada-trayectoria-y-valiosos-aportes-en-beneficio-de-la-medicina-en-el-pais-682x1024.jpeg\" alt=\"\" class=\"wp-image-646291\" srcset=\"https:\/\/diariodominicano.com\/wp-content\/uploads\/2025\/10\/Senado-reconoce-al-doctor-Jose-Garrido-Calderon-por-destacada-trayectoria-y-valiosos-aportes-en-beneficio-de-la-medicina-en-el-pais-682x1024.jpeg 682w, https:\/\/diariodominicano.com\/wp-content\/uploads\/2025\/10\/Senado-reconoce-al-doctor-Jose-Garrido-Calderon-por-destacada-trayectoria-y-valiosos-aportes-en-beneficio-de-la-medicina-en-el-pais-200x300.jpeg 200w, https:\/\/diariodominicano.com\/wp-content\/uploads\/2025\/10\/Senado-reconoce-al-doctor-Jose-Garrido-Calderon-por-destacada-trayectoria-y-valiosos-aportes-en-beneficio-de-la-medicina-en-el-pais-768x1154.jpeg 768w, https:\/\/diariodominicano.com\/wp-content\/uploads\/2025\/10\/Senado-reconoce-al-doctor-Jose-Garrido-Calderon-por-destacada-trayectoria-y-valiosos-aportes-en-beneficio-de-la-medicina-en-el-pais-816x1226.jpeg 816w, https:\/\/diariodominicano.com\/wp-content\/uploads\/2025\/10\/Senado-reconoce-al-doctor-Jose-Garrido-Calderon-por-destacada-trayectoria-y-valiosos-aportes-en-beneficio-de-la-medicina-en-el-pais.jpeg 852w\" sizes=\"auto, (max-width: 682px) 100vw, 682px\" \/><\/figure>\n<\/figure>\n\n\n\n<p>Luego de dar lectura al pergamino de reconocimiento, el presidente del Senado, Ricardo de los Santos, acompa\u00f1ado del proponente de la iniciativa, el senador Rafael Duluc Rijo y los senadores L\u00eda D\u00edaz de D\u00edaz, Mois\u00e9s Ayala, Antonio Marte, Eduard Espiritusanto, Odalis Rodr\u00edguez, Mar\u00eda Mercedes Ortiz y Jonhson Encarnaci\u00f3n, hicieron entrega del mismo al homenajeado.<\/p>\n\n\n\n<p>Al agradecer el reconocimiento, el doctor Jos\u00e9 Garrido Calder\u00f3n, expres\u00f3 con gran emoci\u00f3n la gratitud a quienes propusieron y aprobaron esta resoluci\u00f3n.<\/p>\n\n\n\n<p>\u201cQuiero expresar mi agradecimiento al Senado de la Rep\u00fablica y al senador Rafael Duluc, por esta distinci\u00f3n. Estoy sumamente agradecido de este reconocimiento. Ha sido un acto muy hermoso y familiar. Agradezco al Se\u00f1or por este d\u00eda, por permitirme servirle, asistiendo a los dem\u00e1s y por haberme dado la oportunidad de ser m\u00e9dico. Muchas gracias a todos\u201d, expres\u00f3 el homenajeado.<\/p>\n\n\n\n<p>&nbsp;La resoluci\u00f3n que reconoce al doctor Jos\u00e9 Altagracia Garrido Calder\u00f3n, destaca que es un prestigioso ginec\u00f3logo y profesor, quien naci\u00f3 en Hig\u00fcey, provincia La Altagracia, en enero del 1943. Sus estudios primarios y secundarios los realiz\u00f3 en su ciudad natal, para m\u00e1s adelante, trasladarse a la ciudad de Santo Domingo a estudiar. Se gradu\u00f3 de Doctor en Medicina en octubre de 1967 en la Universidad Aut\u00f3noma de Santo Domingo.<\/p>\n\n\n\n<p>\u201cEl doctor Jos\u00e9 Altagracia Garrido ha sido una figura permanente en los congresos m\u00e9dicos de su especialidad, ofreciendo, adem\u00e1s, cerca de 50 conferencias en diversos foros. Ha publicado cerca de 40 trabajos de investigaci\u00f3n en revistas nacionales e internacionales. Ha sido asesor de m\u00faltiples tesis de grado en la UASD y, adem\u00e1s, ha publicado varios libros\u201d, indica en uno de los considerandos de la iniciativa legislativa.<\/p>\n\n\n\n<p>Junto a los senadores, en el acto estuvieron los diputados Jorge Tav\u00e1rez y \u00c1ngel del Rosario; la alcaldesa de Hig\u00fcey, Karina Aristy; invitados especiales, organizaciones empresariales, autoridades del sector salud, as\u00ed como funcionarios y colaboradores del Senado de la Rep\u00fablica, entre otras personalidades.<\/p>\n","protected":false},"excerpt":{"rendered":"<p>El homenaje es en cumplimiento a una resoluci\u00f3n sometida por el senador de la provincia La Altagracia, Rafael Bar\u00f3n Duluc Rijo. SANTO DOMINGO. &#8211; En un acto encabezado por el presidente del Senado, Ricardo de los Santos, el \u00f3rgano legislativo otorg\u00f3 este mi\u00e9rcoles un pergamino de reconocimiento al doctor Jos\u00e9 Garrido Calder\u00f3n, por su fruct\u00edfera [&hellip;]<\/p>\n","protected":false},"author":7,"featured_media":646293,"comment_status":"closed","ping_status":"closed","sticky":false,"template":"","format":"standard","meta":{"footnotes":""},"categories":[21],"tags":[2359],"class_list":["post-646280","post","type-post","status-publish","format-standard","has-post-thumbnail","hentry","category-cultura","tag-senado"],"_links":{"self":[{"href":"https:\/\/diariodominicano.com\/index.php?rest_route=\/wp\/v2\/posts\/646280","targetHints":{"allow":["GET"]}}],"collection":[{"href":"https:\/\/diariodominicano.com\/index.php?rest_route=\/wp\/v2\/posts"}],"about":[{"href":"https:\/\/diariodominicano.com\/index.php?rest_route=\/wp\/v2\/types\/post"}],"author":[{"embeddable":true,"href":"https:\/\/diariodominicano.com\/index.php?rest_route=\/wp\/v2\/users\/7"}],"replies":[{"embeddable":true,"href":"https:\/\/diariodominicano.com\/index.php?rest_route=%2Fwp%2Fv2%2Fcomments&post=646280"}],"version-history":[{"count":1,"href":"https:\/\/diariodominicano.com\/index.php?rest_route=\/wp\/v2\/posts\/646280\/revisions"}],"predecessor-version":[{"id":646303,"href":"https:\/\/diariodominicano.com\/index.php?rest_route=\/wp\/v2\/posts\/646280\/revisions\/646303"}],"wp:featuredmedia":[{"embeddable":true,"href":"https:\/\/diariodominicano.com\/index.php?rest_route=\/wp\/v2\/media\/646293"}],"wp:attachment":[{"href":"https:\/\/diariodominicano.com\/index.php?rest_route=%2Fwp%2Fv2%2Fmedia&parent=646280"}],"wp:term":[{"taxonomy":"category","embeddable":true,"href":"https:\/\/diariodominicano.com\/index.php?rest_route=%2Fwp%2Fv2%2Fcategories&post=646280"},{"taxonomy":"post_tag","embeddable":true,"href":"https:\/\/diariodominicano.com\/index.php?rest_route=%2Fwp%2Fv2%2Ftags&post=646280"}],"curies":[{"name":"wp","href":"https:\/\/api.w.org\/{rel}","templated":true}]}}