{"id":646262,"date":"2025-10-29T12:11:42","date_gmt":"2025-10-29T16:11:42","guid":{"rendered":"https:\/\/diariodominicano.com\/?p=646262"},"modified":"2025-10-30T02:47:08","modified_gmt":"2025-10-30T06:47:08","slug":"pese-a-presiones-el-mundo-con-cuba-contra-el-bloqueo-fotos","status":"publish","type":"post","link":"https:\/\/diariodominicano.com\/?p=646262","title":{"rendered":"Pese a presiones, el mundo con Cuba contra el bloqueo (+Fotos)"},"content":{"rendered":"\n<p>Naciones Unidas, 29 oct (Prensa Latina) Cuba logr\u00f3 hoy una nueva victoria en la Asamblea General de la ONU tras obtener 165 votos a favor de la resoluci\u00f3n que pide el fin del bloqueo de Estados Unidos a la isla.<\/p>\n\n\n\n<ul class=\"wp-block-list\">\n<li><a href=\"https:\/\/www.prensa-latina.cu\/2025\/10\/29\/\"><time>octubre 29, 2025 | 11:45<\/time><\/a><\/li>\n<\/ul>\n\n\n\n<ul class=\"wp-block-list\">\n<li><a href=\"https:\/\/www.prensa-latina.cu\/2025\/10\/29\/pese-a-presiones-el-mundo-con-cuba-contra-el-bloqueo\/#\"><\/a><\/li>\n\n\n\n<li><a href=\"https:\/\/www.prensa-latina.cu\/2025\/10\/29\/pese-a-presiones-el-mundo-con-cuba-contra-el-bloqueo\/#\"><\/a><\/li>\n\n\n\n<li><a href=\"https:\/\/www.prensa-latina.cu\/2025\/10\/29\/pese-a-presiones-el-mundo-con-cuba-contra-el-bloqueo\/#\"><\/a><\/li>\n\n\n\n<li><a href=\"https:\/\/www.prensa-latina.cu\/2025\/10\/29\/pese-a-presiones-el-mundo-con-cuba-contra-el-bloqueo\/#\"><\/a><\/li>\n<\/ul>\n\n\n\n<p><img loading=\"lazy\" decoding=\"async\" src=\"https:\/\/www.prensa-latina.cu\/wp-content\/uploads\/2025\/10\/voto-bloqueo-5.jpg\" alt=\"pese-a-presiones-el-mundo-con-cuba-contra-el-bloqueo\/\" width=\"1024\" height=\"768\" srcset=\"https:\/\/www.prensa-latina.cu\/wp-content\/uploads\/2025\/10\/voto-bloqueo-5.jpg 1024w, https:\/\/www.prensa-latina.cu\/wp-content\/uploads\/2025\/10\/voto-bloqueo-5-500x375.jpg 500w, https:\/\/www.prensa-latina.cu\/wp-content\/uploads\/2025\/10\/voto-bloqueo-5-768x576.jpg 768w\">&nbsp;Una votaci\u00f3n que en medio de la brutal campa\u00f1a de presi\u00f3n de Estados Unidos previo a este ejercicio que se realiza cada a\u00f1o desde 1992, la comunidad internacional volvi\u00f3 a pronunciarse en contra de un cerco econ\u00f3mico, comercial y financiero que dura m\u00e1s de seis d\u00e9cadas y que califica como el m\u00e1s largo de la historia contra pa\u00eds alguno.<\/p>\n\n\n\n<figure class=\"wp-block-image\"><img decoding=\"async\" src=\"https:\/\/www.prensa-latina.cu\/wp-content\/uploads\/2025\/10\/voto-bloqueo-6.jpg\" alt=\"pese-a-presiones-el-mundo-con-cuba-contra-el-bloqueo\/\" class=\"wp-image-1655147\"\/><\/figure>\n\n\n\n<p>En esta oportunidad hubo siete votos en contra y 12 abstenciones.<\/p>\n\n\n\n<p>(AMPLIACI\u00d3N SEGUIR\u00c1)<\/p>\n\n\n\n<p>jha\/dfm<\/p>\n\n\n\n<ul class=\"wp-block-list\">\n<li>#<a href=\"https:\/\/www.prensa-latina.cu\/etiqueta\/cuba\/\">cuba<\/a>\u00a0#<a href=\"https:\/\/www.prensa-latina.cu\/etiqueta\/onu\/\">ONU<\/a>\u00a0#<a href=\"https:\/\/www.prensa-latina.cu\/etiqueta\/votacion-contra-bloqueo\/\">votacion contra bloqueo<\/a><\/li>\n<\/ul>\n","protected":false},"excerpt":{"rendered":"<p>Naciones Unidas, 29 oct (Prensa Latina) Cuba logr\u00f3 hoy una nueva victoria en la Asamblea General de la ONU tras obtener 165 votos a favor de la resoluci\u00f3n que pide el fin del bloqueo de Estados Unidos a la isla. &nbsp;Una votaci\u00f3n que en medio de la brutal campa\u00f1a de presi\u00f3n de Estados Unidos previo [&hellip;]<\/p>\n","protected":false},"author":2,"featured_media":646263,"comment_status":"closed","ping_status":"closed","sticky":false,"template":"","format":"standard","meta":{"footnotes":""},"categories":[23,22],"tags":[],"class_list":["post-646262","post","type-post","status-publish","format-standard","has-post-thumbnail","hentry","category-internacional","category-politica"],"_links":{"self":[{"href":"https:\/\/diariodominicano.com\/index.php?rest_route=\/wp\/v2\/posts\/646262","targetHints":{"allow":["GET"]}}],"collection":[{"href":"https:\/\/diariodominicano.com\/index.php?rest_route=\/wp\/v2\/posts"}],"about":[{"href":"https:\/\/diariodominicano.com\/index.php?rest_route=\/wp\/v2\/types\/post"}],"author":[{"embeddable":true,"href":"https:\/\/diariodominicano.com\/index.php?rest_route=\/wp\/v2\/users\/2"}],"replies":[{"embeddable":true,"href":"https:\/\/diariodominicano.com\/index.php?rest_route=%2Fwp%2Fv2%2Fcomments&post=646262"}],"version-history":[{"count":1,"href":"https:\/\/diariodominicano.com\/index.php?rest_route=\/wp\/v2\/posts\/646262\/revisions"}],"predecessor-version":[{"id":646264,"href":"https:\/\/diariodominicano.com\/index.php?rest_route=\/wp\/v2\/posts\/646262\/revisions\/646264"}],"wp:featuredmedia":[{"embeddable":true,"href":"https:\/\/diariodominicano.com\/index.php?rest_route=\/wp\/v2\/media\/646263"}],"wp:attachment":[{"href":"https:\/\/diariodominicano.com\/index.php?rest_route=%2Fwp%2Fv2%2Fmedia&parent=646262"}],"wp:term":[{"taxonomy":"category","embeddable":true,"href":"https:\/\/diariodominicano.com\/index.php?rest_route=%2Fwp%2Fv2%2Fcategories&post=646262"},{"taxonomy":"post_tag","embeddable":true,"href":"https:\/\/diariodominicano.com\/index.php?rest_route=%2Fwp%2Fv2%2Ftags&post=646262"}],"curies":[{"name":"wp","href":"https:\/\/api.w.org\/{rel}","templated":true}]}}