{"id":646219,"date":"2025-10-29T10:54:47","date_gmt":"2025-10-29T14:54:47","guid":{"rendered":"https:\/\/diariodominicano.com\/?p=646219"},"modified":"2025-10-29T10:54:49","modified_gmt":"2025-10-29T14:54:49","slug":"vision-global-la-encrucijada-de-la-fuerza-del-pueblo","status":"publish","type":"post","link":"https:\/\/diariodominicano.com\/?p=646219","title":{"rendered":"VISI\u00d3N GLOBAL  La encrucijada de la Fuerza del Pueblo"},"content":{"rendered":"\n<p>Nelson Encarnaci\u00f3n<\/p>\n\n\n\n<p>Una encrucijada es, por definici\u00f3n, un lugar donde se cruzan dos caminos, pero tambi\u00e9n puede ser una disyuntiva, un dilema, e incluso, una emboscada.<\/p>\n\n\n\n<p>Referido al campo pol\u00edtico, una encrucijada pudiera parecerse bastante a la situaci\u00f3n que se le avecina al partido Fuerza del Pueblo de cara a las elecciones del a\u00f1o 2028, a pesar de estar situado, conforme el \u00fanico par\u00e1metro v\u00e1lido en estos momentos, es decir, los resultados presidenciales del pasado 2024.<\/p>\n\n\n\n<p>Entiendo oportuno recordar que en estos comicios, la f\u00f3rmula presidencial obtuvo 19 puntos porcentuales por encima de la boleta principal del Partido de la Liberaci\u00f3n Dominicana (29 a 10), y, por consiguiente, es lo cuenta como referencia en la actualidad.<\/p>\n\n\n\n<p>En tales condiciones, la FP tiene una ventaja relativa frente al partido morado, pero esa misma situaci\u00f3n pinta como su mayor debilidad.<\/p>\n\n\n\n<p>A lo que me refiero es que el partido verde tiene un candidato conocido, tal vez el m\u00e1s completo de los pol\u00edticos actuales en la Rep\u00fablica Dominicana, esto es, el doctor Leonel Fern\u00e1ndez; pero al mismo tiempo tiene un potencial aspirante con cierto nivel de simpat\u00eda y aceptaci\u00f3n, el senador Omar Fern\u00e1ndez.<\/p>\n\n\n\n<p>Y es aqu\u00ed la encrucijada: el doctor Fern\u00e1ndez es presentado por su partido como la carta de triunfo para el 2028, pero tiene una importante tasa de rechazo que le genera un techo duro y dif\u00edcil de romper.<\/p>\n\n\n\n<p>Sin embargo, en la eventualidad de que la econom\u00eda entrase en una seria crisis, la tasa de rechazo pasar\u00eda a un segundo plano. Pero eso no est\u00e1 dentro de las probabilidades en el corto plazo.<\/p>\n\n\n\n<p>Aqu\u00ed radica la primera dificultad para la Fuerza del Pueblo y sus aspiraciones de convertirse en gobierno a partir de agosto de 2028.<\/p>\n\n\n\n<p>Viene la otra: Omar Fern\u00e1ndez recibe una buena porci\u00f3n de simpat\u00eda en algunos segmentos de la poblaci\u00f3n, pero su juventud le hace inviable su hipot\u00e9tico proyecto presidencial de cara al pr\u00f3ximo torneo electoral.<\/p>\n\n\n\n<p>Del modo que muchos dicen que el pa\u00eds no est\u00e1 listo para ser gobernado por una mujer\u2014no lo creo v\u00e1lido\u2014tampoco lo est\u00e1 para entregar el destino nacional en manos de un muchacho.<\/p>\n\n\n\n<p>El senador de la capital podr\u00e1 lucir todo lo preparado que algunos dicen, pero le faltan tablas para asumir el gran desaf\u00edo que representa gobernar un pa\u00eds tan complejo. Esto opino.<\/p>\n\n\n\n<p><a href=\"mailto:Nelsonencar10@gmail.com\" target=\"_blank\" rel=\"noreferrer noopener\">Nelsonencar10@gmail.com<\/a><\/p>\n","protected":false},"excerpt":{"rendered":"<p>Nelson Encarnaci\u00f3n Una encrucijada es, por definici\u00f3n, un lugar donde se cruzan dos caminos, pero tambi\u00e9n puede ser una disyuntiva, un dilema, e incluso, una emboscada. Referido al campo pol\u00edtico, una encrucijada pudiera parecerse bastante a la situaci\u00f3n que se le avecina al partido Fuerza del Pueblo de cara a las elecciones del a\u00f1o 2028, [&hellip;]<\/p>\n","protected":false},"author":2,"featured_media":504894,"comment_status":"closed","ping_status":"closed","sticky":false,"template":"","format":"standard","meta":{"footnotes":""},"categories":[19,16],"tags":[],"class_list":["post-646219","post","type-post","status-publish","format-standard","has-post-thumbnail","hentry","category-mi-voz","category-opiniones"],"_links":{"self":[{"href":"https:\/\/diariodominicano.com\/index.php?rest_route=\/wp\/v2\/posts\/646219","targetHints":{"allow":["GET"]}}],"collection":[{"href":"https:\/\/diariodominicano.com\/index.php?rest_route=\/wp\/v2\/posts"}],"about":[{"href":"https:\/\/diariodominicano.com\/index.php?rest_route=\/wp\/v2\/types\/post"}],"author":[{"embeddable":true,"href":"https:\/\/diariodominicano.com\/index.php?rest_route=\/wp\/v2\/users\/2"}],"replies":[{"embeddable":true,"href":"https:\/\/diariodominicano.com\/index.php?rest_route=%2Fwp%2Fv2%2Fcomments&post=646219"}],"version-history":[{"count":1,"href":"https:\/\/diariodominicano.com\/index.php?rest_route=\/wp\/v2\/posts\/646219\/revisions"}],"predecessor-version":[{"id":646220,"href":"https:\/\/diariodominicano.com\/index.php?rest_route=\/wp\/v2\/posts\/646219\/revisions\/646220"}],"wp:featuredmedia":[{"embeddable":true,"href":"https:\/\/diariodominicano.com\/index.php?rest_route=\/wp\/v2\/media\/504894"}],"wp:attachment":[{"href":"https:\/\/diariodominicano.com\/index.php?rest_route=%2Fwp%2Fv2%2Fmedia&parent=646219"}],"wp:term":[{"taxonomy":"category","embeddable":true,"href":"https:\/\/diariodominicano.com\/index.php?rest_route=%2Fwp%2Fv2%2Fcategories&post=646219"},{"taxonomy":"post_tag","embeddable":true,"href":"https:\/\/diariodominicano.com\/index.php?rest_route=%2Fwp%2Fv2%2Ftags&post=646219"}],"curies":[{"name":"wp","href":"https:\/\/api.w.org\/{rel}","templated":true}]}}