{"id":646184,"date":"2025-10-29T02:17:36","date_gmt":"2025-10-29T06:17:36","guid":{"rendered":"https:\/\/diariodominicano.com\/?p=646184"},"modified":"2025-10-29T02:46:37","modified_gmt":"2025-10-29T06:46:37","slug":"presidente-abinader-afirma-que-la-reforma-constitucional-de-2024-que-limita-la-reeleccion-presidencial-consecutiva-constituye-una-garantia-para-la-estabilidad-democratica-de","status":"publish","type":"post","link":"https:\/\/diariodominicano.com\/?p=646184","title":{"rendered":"Abinader\u00a0afirma que la\u00a0reforma constitucional de 2024, que limita la\u00a0reelecci\u00f3n\u00a0presidencial consecutiva, constituye una\u00a0garant\u00eda para la estabilidad democr\u00e1tica de\u00a0la Rep\u00fablica Dominicana"},"content":{"rendered":"\n<h3 class=\"wp-block-heading\">Mandatario asiste a la puesta en circulaci\u00f3n de la edici\u00f3n ampliada del libro \u201cReformas a la Constituci\u00f3n Pol\u00edtica Dominicana\u201d de Antoliano Peralta Romero y Rafael Peralta Romero.<\/h3>\n\n\n\n<p>28 de Octubre 2025 |<\/p>\n\n\n\n<figure class=\"wp-block-image\"><img decoding=\"async\" src=\"https:\/\/platform-cdn.sharethis.com\/img\/facebook.svg\" alt=\"facebook sharing button\"\/><\/figure>\n\n\n\n<figure class=\"wp-block-image\"><img decoding=\"async\" src=\"https:\/\/platform-cdn.sharethis.com\/img\/sharethis.svg\" alt=\"sharethis sharing button\"\/><\/figure>\n\n\n\n<p>Santo Domingo, RD.\u2013\u00a0<strong>El presidente Luis Abinader<\/strong>\u00a0afirm\u00f3 que la\u00a0<strong>reforma constitucional de 2024<\/strong>, que limita la\u00a0<strong>reelecci\u00f3n<\/strong>\u00a0presidencial consecutiva, constituye una\u00a0<strong>garant\u00eda para la estabilidad democr\u00e1tica de<\/strong>\u00a0la Rep\u00fablica Dominicana, al tiempo que reconoci\u00f3 que su decisi\u00f3n no busc\u00f3 reconocimiento pol\u00edtico, sino fortalecer las instituciones del pa\u00eds.<\/p>\n\n\n\n<p>Durante su intervenci\u00f3n en la puesta en circulaci\u00f3n de la segunda edici\u00f3n ampliada del libro<strong>&nbsp;\u201cReformas a la Constituci\u00f3n Pol\u00edtica Dominicana\u201d,<\/strong>&nbsp;de la autor\u00eda de&nbsp;<strong>Rafael Peralta Romero y Antoliano Peralta Romero<\/strong>, el mandatario explic\u00f3 que la motivaci\u00f3n detr\u00e1s de la reforma fue su preocupaci\u00f3n por la&nbsp;<strong>preservaci\u00f3n de la democracia dominicana.<\/strong><\/p>\n\n\n\n<p>El jefe de Estado dijo que antes de promover la modificaci\u00f3n&nbsp;<strong>consult\u00f3 a un asesor pol\u00edtico<\/strong>&nbsp;sobre la reacci\u00f3n que tendr\u00eda la poblaci\u00f3n frente a la propuesta de \u201cblindar\u201d la reelecci\u00f3n consecutiva<em>. \u201cYo pensaba que me iba a decir: te lo van a agradecer, pero me dijo: nadie te lo va a agradecer\u201d,<\/em>&nbsp;record\u00f3 entre risas.&nbsp;<\/p>\n\n\n\n<p>Agreg\u00f3:<em>&nbsp;\u201cPorque la gente que te sigue piensa que es una traici\u00f3n porque t\u00fa debiste continuar y m\u00e1s con una amplia mayor\u00eda, donde pod\u00edamos modificar la Constituci\u00f3n en el Congreso; la oposici\u00f3n nunca te va a reconocer nada en ese sentido\u201d.<\/em><\/p>\n\n\n\n<figure class=\"wp-block-image\"><img decoding=\"async\" src=\"https:\/\/www.presidencia.gob.do\/sites\/default\/files\/inline-images\/WhatsApp%20Image%202025-10-28%20at%204.05.36%20AM%281%29.jpeg\" alt=\"\"\/><\/figure>\n\n\n\n<p>Sin embargo, afirm\u00f3 que<strong>&nbsp;las decisiones de Estado no deben tomarse esperando gratitud<\/strong>, sino guiadas por la&nbsp;<strong>convicci\u00f3n de hacer lo correcto<\/strong>.<em>&nbsp;\u201cNada de lo que uno hace en pol\u00edtica o en el gobierno debe esperar un agradecimiento, sino hacer y ejecutar lo que uno piensa que es correcto para el pa\u00eds y para la historia\u201d,<\/em>&nbsp;expres\u00f3.<\/p>\n\n\n\n<p>El presidente Abinader destac\u00f3 que la llamada&nbsp;<strong>\u201ccl\u00e1usula p\u00e9trea\u201d<\/strong>&nbsp;aprobada en la reforma constitucional representa una&nbsp;<strong>salvaguarda fundamental del orden democr\u00e1tico<\/strong>.&nbsp;<em>\u201cEn esa cl\u00e1usula p\u00e9trea, ah\u00ed est\u00e1 la garant\u00eda de la estabilidad de la democracia dominicana<\/em>\u201d, asegur\u00f3.<\/p>\n\n\n\n<p>De su lado, el consultor jur\u00eddico del Poder Ejecutivo,&nbsp;<strong>Antoliano Peralta<\/strong>, agradeci\u00f3 al presidente Abinader por su presencia en la actividad y record\u00f3 que la fecha coincide con el&nbsp;<strong>primer aniversario de la proclamaci\u00f3n de la reforma constitucional impulsada por el mandatario<\/strong>.<em>&nbsp;\u201cEsta es su fiesta tambi\u00e9n\u201d,<\/em>&nbsp;dijo, al reconocer el papel del presidente en ese proceso.<\/p>\n\n\n\n<p>El funcionario explic\u00f3 que el libro no se limita a analizar la Constituci\u00f3n de 2024, sino que constituye una&nbsp;<strong>cr\u00f3nica general de la historia de la reforma constitucional desde 1994 hasta 2024<\/strong>, elaborada con un enfoque objetivo y equilibrado. Indic\u00f3 que la obra re\u00fane art\u00edculos y debates en torno a las distintas reformas, incluyendo opiniones favorables y contrarias, porque<em>&nbsp;\u00abm\u00e1s que un libro de derecho, es un libro de historia\u201d.<\/em><\/p>\n\n\n\n<p>El libro fue presentado por el doctor&nbsp;<strong>Noel Sued Canahuate<\/strong>, director de Proyectos Jur\u00eddicos Especiales e Investigaci\u00f3n Jur\u00eddica del Poder Ejecutivo, quien lo calific\u00f3 como un&nbsp;<strong>aporte de envergadura al acervo literario y jur\u00eddico<\/strong>&nbsp;de la Rep\u00fablica Dominicana.<\/p>\n\n\n\n<p><em>\u201cLa obra de los hermanos Peralta Romero marca, sin dudas, un aporte de envergadura al acervo literario dominicano, la cual no solo est\u00e1 destinada a abogados y entendidos en la materia sino a toda persona con un m\u00ednimo de inter\u00e9s por comprender estos eventos que, de manera principal, han marcado el rumbo de nuestra naci\u00f3n\u201d<\/em>, manifest\u00f3<\/p>\n\n\n\n<p>Sued Canahuate destac\u00f3 que en el libro \u201cReformas a la Constituci\u00f3n Pol\u00edtica Dominicana\u201d, el lector encontrar\u00e1 los&nbsp;<strong>elementos jur\u00eddicos, pol\u00edticos y sociales que marcaron cada uno de estos procesos de reforma<\/strong>,<em>&nbsp;\u201ctodos recogidos con precisi\u00f3n, sin escatimar detalles, y bajo un mismo hilo conductor que permite seguir los pasos tanto firmes como en falso del constitucionalismo dominicano contempor\u00e1neo\u201d.<\/em><\/p>\n\n\n\n<p><em>\u201cEl resultado es una obra que, entre las categor\u00edas historiogr\u00e1ficas, rebasa la historia convencional y se enmarca en la denominada historia del presente, pues se caracteriza por el di\u00e1logo entre la disciplina hist\u00f3rica y las ciencias sociales, para etender la complejidad de la contemporaneidad\u201d,<\/em>&nbsp;indic\u00f3.<\/p>\n\n\n\n<p>Sued Canahuelate se refiri\u00f3 al prefacio de la segunda edici\u00f3n, puesta a circular ayer, en lo referente a la reforma constitucional de 2024, en el que se califica como un&nbsp;<strong>hecho in\u00e9dito e ins\u00f3lito<\/strong>, que<em>&nbsp;\u201cun presidente toma la iniciativa y pone todo su empe\u00f1o, liderazgo y poder pol\u00edtico con el prop\u00f3sito de, mediante una reforma constitucional, poner l\u00edmites a sus atribuciones, al inicio de su segundo mandato, a la vez que cerrarse todas las posibilidades de ser candidato nuevamente\u201d.<\/em><\/p>\n\n\n\n<p>Dijo esperar que esta \u00faltima reforma marque un&nbsp;<strong>nuevo ritmo y un hito en la historia de modificaciones a la Constituci\u00f3n dominicana.<\/strong><\/p>\n\n\n\n<p><strong>Ren\u00e9 Alfonso<\/strong>, quien tuvo a su cargo las palabras de apertura de la actividad, destac\u00f3 que la reforma a la Constituci\u00f3n del 27 de octubre de 2024 introdujo cambios para garantizar la&nbsp;<strong>estabilidad de las elecciones presidenciales<\/strong>, fortalecer<strong>&nbsp;la autonom\u00eda del Ministerio P\u00fablico<\/strong>, unificar las&nbsp;<strong>elecciones presidenciales, congresuales y municipales<\/strong>&nbsp;y reducir los miembros de la C\u00e1mara de Diputados.<\/p>\n\n\n\n<p>En torno a la importancia de la obra, Alfonso afirm\u00f3 que la cr\u00f3nica de las alteraciones de la Constituci\u00f3n es&nbsp;<strong>de vital importancia<\/strong>&nbsp;para entender en el futuro la&nbsp;<strong>particular historia de la naci\u00f3n<\/strong>. Dijo que la afirmaci\u00f3n de que la historia de la Rep\u00fablica va de la mano con la historia del constitucionalismo es un hecho incontrovertible.<\/p>\n\n\n\n<p>En sus palabras de salutaci\u00f3n, el escritor Rafael Peralta Romero, coautor de la obra, dijo que tanto \u00e9l como Antoliano Peralta Romero aspiran a que la obra puesta en circulaci\u00f3n&nbsp;<em>\u201csirva a los interesados por mucho tiempo y que no aparezca una reforma afrentosa que venga a desactualizarlo\u201d.&nbsp;<\/em><\/p>\n\n\n\n<p>La actividad se llev\u00f3 a cabo en el auditorio principal del Banco Central y cont\u00f3, adem\u00e1s, el presidente del Senado,&nbsp;<strong>Ricardo de los Santos Polanco<\/strong>. Tambi\u00e9n,&nbsp;<strong>Henry Molina<\/strong>, presidente de la Suprema Corte de Justicia;&nbsp;<strong>Napole\u00f3n Est\u00e9vez Lavandier<\/strong>, presidente del Tribunal Constitucional, e&nbsp;<strong>Ignacio Pascual Camacho<\/strong>, presidente del Tribunal Superior Electoral.<\/p>\n\n\n\n<p>Tambi\u00e9n, ministros, servidores del Estado, legisladores, acad\u00e9micos, juristas, estudiosos de la Constituci\u00f3n y p\u00fablico en general.<\/p>\n\n\n\n<p>Con informaci\u00f3n de la Presidencia de la Rep\u00fablica.<\/p>\n","protected":false},"excerpt":{"rendered":"<p>Mandatario asiste a la puesta en circulaci\u00f3n de la edici\u00f3n ampliada del libro \u201cReformas a la Constituci\u00f3n Pol\u00edtica Dominicana\u201d de Antoliano Peralta Romero y Rafael Peralta Romero. 28 de Octubre 2025 | Santo Domingo, RD.\u2013\u00a0El presidente Luis Abinader\u00a0afirm\u00f3 que la\u00a0reforma constitucional de 2024, que limita la\u00a0reelecci\u00f3n\u00a0presidencial consecutiva, constituye una\u00a0garant\u00eda para la estabilidad democr\u00e1tica de\u00a0la Rep\u00fablica [&hellip;]<\/p>\n","protected":false},"author":2,"featured_media":646187,"comment_status":"closed","ping_status":"closed","sticky":false,"template":"","format":"standard","meta":{"footnotes":""},"categories":[20,22,27],"tags":[],"class_list":["post-646184","post","type-post","status-publish","format-standard","has-post-thumbnail","hentry","category-dominicana-hoy","category-politica","category-portada"],"_links":{"self":[{"href":"https:\/\/diariodominicano.com\/index.php?rest_route=\/wp\/v2\/posts\/646184","targetHints":{"allow":["GET"]}}],"collection":[{"href":"https:\/\/diariodominicano.com\/index.php?rest_route=\/wp\/v2\/posts"}],"about":[{"href":"https:\/\/diariodominicano.com\/index.php?rest_route=\/wp\/v2\/types\/post"}],"author":[{"embeddable":true,"href":"https:\/\/diariodominicano.com\/index.php?rest_route=\/wp\/v2\/users\/2"}],"replies":[{"embeddable":true,"href":"https:\/\/diariodominicano.com\/index.php?rest_route=%2Fwp%2Fv2%2Fcomments&post=646184"}],"version-history":[{"count":2,"href":"https:\/\/diariodominicano.com\/index.php?rest_route=\/wp\/v2\/posts\/646184\/revisions"}],"predecessor-version":[{"id":646198,"href":"https:\/\/diariodominicano.com\/index.php?rest_route=\/wp\/v2\/posts\/646184\/revisions\/646198"}],"wp:featuredmedia":[{"embeddable":true,"href":"https:\/\/diariodominicano.com\/index.php?rest_route=\/wp\/v2\/media\/646187"}],"wp:attachment":[{"href":"https:\/\/diariodominicano.com\/index.php?rest_route=%2Fwp%2Fv2%2Fmedia&parent=646184"}],"wp:term":[{"taxonomy":"category","embeddable":true,"href":"https:\/\/diariodominicano.com\/index.php?rest_route=%2Fwp%2Fv2%2Fcategories&post=646184"},{"taxonomy":"post_tag","embeddable":true,"href":"https:\/\/diariodominicano.com\/index.php?rest_route=%2Fwp%2Fv2%2Ftags&post=646184"}],"curies":[{"name":"wp","href":"https:\/\/api.w.org\/{rel}","templated":true}]}}