{"id":646077,"date":"2025-10-28T23:24:50","date_gmt":"2025-10-29T03:24:50","guid":{"rendered":"https:\/\/diariodominicano.com\/?p=646077"},"modified":"2025-10-29T00:19:23","modified_gmt":"2025-10-29T04:19:23","slug":"presidente-del-senado-recibe-reconocimiento-en-el-marco-de-la-xxviii-cumbre-mundial-de-empresa-y-educacion","status":"publish","type":"post","link":"https:\/\/diariodominicano.com\/?p=646077","title":{"rendered":"Presidente del Senado recibe reconocimiento en el marco de la XXVIII Cumbre Mundial de Empresa y Educaci\u00f3n"},"content":{"rendered":"\n<p>Santo Domingo. \u2013 El presidente del Senado de la Rep\u00fablica, Ricardo de los Santos, recibi\u00f3 sendos reconocimientos por parte del presidente de la Academia Mundial de Empresa y Educaci\u00f3n, Roque D\u00edaz Tizol, y de la doctora Patria Fern\u00e1ndez, directora internacional de la instituci\u00f3n para la Rep\u00fablica Dominicana.<\/p>\n\n\n\n<p>De los Santos fue distinguido por su gesti\u00f3n en favor de la educaci\u00f3n y el desarrollo del pa\u00eds.<\/p>\n\n\n\n<p>El primer reconocimiento fue entregado por Roque D\u00edaz Tizol, quien destac\u00f3 la labor y el compromiso del senador De los Santos en el fortalecimiento de la educaci\u00f3n como pilar esencial para el desarrollo de los pueblos.<\/p>\n\n\n\n<figure class=\"wp-block-gallery has-nested-images columns-default is-cropped wp-block-gallery-1 is-layout-flex wp-block-gallery-is-layout-flex\">\n<figure class=\"wp-block-image size-large\"><img loading=\"lazy\" decoding=\"async\" width=\"1024\" height=\"682\" data-id=\"646087\" src=\"https:\/\/diariodominicano.com\/wp-content\/uploads\/2025\/10\/Presidente-del-Senado-recibe-reconocimiento-en-el-marco-del-XXVIII-Cumbre-Mundial-de-Empresa-y-Educacion-1024x682.jpeg\" alt=\"\" class=\"wp-image-646087\" srcset=\"https:\/\/diariodominicano.com\/wp-content\/uploads\/2025\/10\/Presidente-del-Senado-recibe-reconocimiento-en-el-marco-del-XXVIII-Cumbre-Mundial-de-Empresa-y-Educacion-1024x682.jpeg 1024w, https:\/\/diariodominicano.com\/wp-content\/uploads\/2025\/10\/Presidente-del-Senado-recibe-reconocimiento-en-el-marco-del-XXVIII-Cumbre-Mundial-de-Empresa-y-Educacion-300x200.jpeg 300w, https:\/\/diariodominicano.com\/wp-content\/uploads\/2025\/10\/Presidente-del-Senado-recibe-reconocimiento-en-el-marco-del-XXVIII-Cumbre-Mundial-de-Empresa-y-Educacion-768x511.jpeg 768w, https:\/\/diariodominicano.com\/wp-content\/uploads\/2025\/10\/Presidente-del-Senado-recibe-reconocimiento-en-el-marco-del-XXVIII-Cumbre-Mundial-de-Empresa-y-Educacion-816x543.jpeg 816w, https:\/\/diariodominicano.com\/wp-content\/uploads\/2025\/10\/Presidente-del-Senado-recibe-reconocimiento-en-el-marco-del-XXVIII-Cumbre-Mundial-de-Empresa-y-Educacion.jpeg 1232w\" sizes=\"auto, (max-width: 1024px) 100vw, 1024px\" \/><\/figure>\n<\/figure>\n\n\n\n<p>\u201cPara nosotros es un privilegio inmenso realizar este reconocimiento al presidente de este distinguido cuerpo por su gesti\u00f3n al servicio de la educaci\u00f3n, adem\u00e1s de sus dem\u00e1s aportes. Queremos entregarle esta placa en reconocimiento a su labor en favor de esta comunidad, pero, sobre todo, en el campo de la educaci\u00f3n, que es realmente la herramienta que tienen los pueblos para avanzar\u201d, expres\u00f3 D\u00edaz Tizol.<\/p>\n\n\n\n<p>A su vez, la doctora Patria Fern\u00e1ndez, representante local de la academia, impuso una medalla y entreg\u00f3 otra placa que simboliza el agradecimiento del gremio por las gestiones desarrolladas por el presidente del Senado en pro de la educaci\u00f3n y por su desempe\u00f1o legislativo. Fern\u00e1ndez resalt\u00f3 que este galard\u00f3n legitima el aporte del presidente del Senado en el \u00e1mbito acad\u00e9mico.<br>Al agradecer la distinci\u00f3n, Ricardo de los Santos reiter\u00f3 su compromiso con la educaci\u00f3n y su empe\u00f1o en continuar impulsando programas de formaci\u00f3n para los senadores y colaboradores de la instituci\u00f3n.<\/p>\n\n\n\n<p>Durante su intervenci\u00f3n, De los Santos destac\u00f3 el Estado de derecho y la democracia que vive la Rep\u00fablica Dominicana, subrayando que el \u00f3rgano legislativo trabaja de manera constante en la actualizaci\u00f3n del marco jur\u00eddico, garantizando la protecci\u00f3n ciudadana y generando confianza en la institucionalidad.<\/p>\n\n\n\n<p>\u201cEl liderazgo pol\u00edtico dominicano no descansa; trabaja arduamente en la elaboraci\u00f3n de leyes que buscan reforzar el Estado de derecho democr\u00e1tico que impera en el pa\u00eds. Les garantizamos que tanto en el Senado de la Rep\u00fablica como en la C\u00e1mara de Diputados procuramos dotar al pa\u00eds de legislaciones actualizadas y acordes con las exigencias de estos tiempos\u201d, expres\u00f3 el senador por la provincia S\u00e1nchez Ram\u00edrez.<\/p>\n\n\n\n<p>Academia Mundial de Empresa y Educaci\u00f3n<\/p>\n\n\n\n<figure class=\"wp-block-image\"><img decoding=\"async\" src=\"https:\/\/diariodominicano.com\/wp-content\/uploads\/2025\/10\/Presidente-del-Senado-recibe-reconocimiento-en-el-marco-de-la-XXVIII-Cumbre-Mundial-de-Empresa-y-Educacion-1024x682.jpeg\" alt=\"\"\/><\/figure>\n\n\n\n<p>La Academia Mundial de Empresa y Educaci\u00f3n reconoci\u00f3 al presidente del Senado en el marco de su vig\u00e9simo octavo encuentro, celebrado los d\u00edas 22, 23 y 24 de octubre en la Universidad Aut\u00f3noma de Santo Domingo (UASD).<\/p>\n\n\n\n<p>El evento reuni\u00f3 a educadores de 28 pa\u00edses iberoamericanos y abord\u00f3 temas relacionados con la sostenibilidad, la educaci\u00f3n, las tecnolog\u00edas emergentes, el desarrollo sostenible, la salud mental, el marketing estrat\u00e9gico, la innovaci\u00f3n educativa y el desarrollo empresarial, entre otros.<\/p>\n\n\n\n<p>En el acto participaron, adem\u00e1s de Roque D\u00edaz Tizol y Patria Fern\u00e1ndez, los doctores Oscar Manuel G\u00f3mez Jim\u00e9nez, Linda Asencios, Giseya Maqueira y Pedro Musa.<\/p>\n\n\n\n<p>Por parte del Senado asistieron Yudith Moscoso de De los Santos; el jefe de Gabinete Senatorial, Nelson Guzm\u00e1n; el secretario general legislativo, Jos\u00e9 Carrasco; el secretario general administrativo, Jos\u00e9 Novo Padilla; as\u00ed como directores departamentales, encargados y colaboradores del \u00f3rgano legislativo. <\/p>\n","protected":false},"excerpt":{"rendered":"<p>Santo Domingo. \u2013 El presidente del Senado de la Rep\u00fablica, Ricardo de los Santos, recibi\u00f3 sendos reconocimientos por parte del presidente de la Academia Mundial de Empresa y Educaci\u00f3n, Roque D\u00edaz Tizol, y de la doctora Patria Fern\u00e1ndez, directora internacional de la instituci\u00f3n para la Rep\u00fablica Dominicana. De los Santos fue distinguido por su gesti\u00f3n [&hellip;]<\/p>\n","protected":false},"author":7,"featured_media":646087,"comment_status":"closed","ping_status":"closed","sticky":true,"template":"","format":"standard","meta":{"footnotes":""},"categories":[36],"tags":[2359],"class_list":["post-646077","post","type-post","status-publish","format-standard","has-post-thumbnail","hentry","category-hombresmujeresycosas","tag-senado"],"_links":{"self":[{"href":"https:\/\/diariodominicano.com\/index.php?rest_route=\/wp\/v2\/posts\/646077","targetHints":{"allow":["GET"]}}],"collection":[{"href":"https:\/\/diariodominicano.com\/index.php?rest_route=\/wp\/v2\/posts"}],"about":[{"href":"https:\/\/diariodominicano.com\/index.php?rest_route=\/wp\/v2\/types\/post"}],"author":[{"embeddable":true,"href":"https:\/\/diariodominicano.com\/index.php?rest_route=\/wp\/v2\/users\/7"}],"replies":[{"embeddable":true,"href":"https:\/\/diariodominicano.com\/index.php?rest_route=%2Fwp%2Fv2%2Fcomments&post=646077"}],"version-history":[{"count":2,"href":"https:\/\/diariodominicano.com\/index.php?rest_route=\/wp\/v2\/posts\/646077\/revisions"}],"predecessor-version":[{"id":646092,"href":"https:\/\/diariodominicano.com\/index.php?rest_route=\/wp\/v2\/posts\/646077\/revisions\/646092"}],"wp:featuredmedia":[{"embeddable":true,"href":"https:\/\/diariodominicano.com\/index.php?rest_route=\/wp\/v2\/media\/646087"}],"wp:attachment":[{"href":"https:\/\/diariodominicano.com\/index.php?rest_route=%2Fwp%2Fv2%2Fmedia&parent=646077"}],"wp:term":[{"taxonomy":"category","embeddable":true,"href":"https:\/\/diariodominicano.com\/index.php?rest_route=%2Fwp%2Fv2%2Fcategories&post=646077"},{"taxonomy":"post_tag","embeddable":true,"href":"https:\/\/diariodominicano.com\/index.php?rest_route=%2Fwp%2Fv2%2Ftags&post=646077"}],"curies":[{"name":"wp","href":"https:\/\/api.w.org\/{rel}","templated":true}]}}