{"id":645944,"date":"2025-10-28T04:42:39","date_gmt":"2025-10-28T08:42:39","guid":{"rendered":"https:\/\/diariodominicano.com\/?p=645944"},"modified":"2025-10-28T04:42:42","modified_gmt":"2025-10-28T08:42:42","slug":"abinader-encabeza-reunion-virtual-con-15-gobernadoras-para-pasar-balance-tras-el-paso-del-huracan-melissa","status":"publish","type":"post","link":"https:\/\/diariodominicano.com\/?p=645944","title":{"rendered":"Abinader encabeza reuni\u00f3n virtual con 15 gobernadoras para pasar balance tras el paso del hurac\u00e1n Melissa"},"content":{"rendered":"\n<h3 class=\"wp-block-heading\"><\/h3>\n\n\n\n<p>27 de Octubre 2025 | 17:05<\/p>\n\n\n\n<figure class=\"wp-block-image\"><img decoding=\"async\" src=\"https:\/\/platform-cdn.sharethis.com\/img\/facebook.svg\" alt=\"facebook sharing button\"\/><\/figure>\n\n\n\n<figure class=\"wp-block-image\"><img decoding=\"async\" src=\"https:\/\/platform-cdn.sharethis.com\/img\/sharethis.svg\" alt=\"sharethis sharing button\"\/><\/figure>\n\n\n\n<p>Santo Domingo., RD\u2013\u00a0<strong>El presidente Luis Abinader<\/strong>\u00a0encabez\u00f3 este lunes una reuni\u00f3n virtual, v\u00eda Zoom, con\u00a0<strong>15 gobernadoras provinciales<\/strong>, con el objetivo de\u00a0<strong>evaluar los da\u00f1os y coordinar las acciones de recuperaci\u00f3n<\/strong>\u00a0tras el paso del\u00a0<strong>hurac\u00e1n Melissa,<\/strong>\u00a0que provoc\u00f3\u00a0<strong>fuertes lluvias, inundaciones y afectaciones\u00a0<\/strong>en diversas comunidades de la Rep\u00fablica Dominicana.<\/p>\n\n\n\n<p>Durante el encuentro, realizado desde el&nbsp;<strong>Sal\u00f3n Privado del Palacio Nacional<\/strong>, el mandatario, acompa\u00f1ado de los ministros de la Presidencia,&nbsp;<strong>Jos\u00e9 Ignacio Paliza<\/strong>, y Administrativo de la Presidencia,&nbsp;<strong>Andr\u00e9s Bautista<\/strong>, escuch\u00f3 los reportes directos de cada provincia sobre los&nbsp;<strong>principales da\u00f1os ocasionados por Melissa,<\/strong>&nbsp;que incluyen viviendas anegadas, interrupciones el\u00e9ctricas, deslizamientos de tierra y da\u00f1os en infraestructuras viales.<\/p>\n\n\n\n<p>De forma virtual participaron tambi\u00e9n, los ministros de Obras P\u00fablicas y Comunicaciones,&nbsp;<strong>Eduardo Estrella<\/strong>, y de Vivienda y Edificaciones,&nbsp;<strong>Carlos Bonilla<\/strong>; tambi\u00e9n; los directores de Asistencia Social y Alimentaci\u00f3n Comunitaria (Dasac), antiguo Plan Social,&nbsp;<strong>Edgar F\u00e9liz<\/strong>; del Gabinete de Pol\u00edticas Sociales,&nbsp;<strong>Tony Pe\u00f1a Guaba<\/strong>, y de Proyectos Estrat\u00e9gicos y Especiales de la Presidencia (Propeep),&nbsp;<strong>Robert Polanco.<\/strong><\/p>\n\n\n\n<figure class=\"wp-block-image\"><img decoding=\"async\" src=\"https:\/\/www.presidencia.gob.do\/sites\/default\/files\/inline-images\/WhatsApp%20Image%202025-10-27%20at%2017.01.22.jpeg\" alt=\"\"\/><\/figure>\n\n\n\n<p>Las gobernadoras expusieron las&nbsp;<strong>medidas de emergencia<\/strong>&nbsp;implementadas en sus demarcaciones, incluyendo la activaci\u00f3n de&nbsp;<strong>albergues temporales<\/strong>, la distribuci\u00f3n de&nbsp;<strong>alimentos y agua potable<\/strong>, y la movilizaci\u00f3n de equipos de la Dasac hacia las zonas m\u00e1s afectadas.<\/p>\n\n\n\n<p>Participaron las gobernadoras de Azua,\u00a0<strong>Mar\u00eda Navarro;<\/strong>\u00a0de Bahoruco,\u00a0<strong>Mar\u00eda Esther D\u00edaz Medina<\/strong>; de Barahona,\u00a0<strong>Oneida F\u00e9liz<\/strong>; de Pedernales,\u00a0<strong>Edirda Yoalis de \u00d3leo Pe\u00f1a<\/strong>; de Peravia,\u00a0<strong>\u00c1ngela B\u00e1ez;<\/strong>\u00a0de San Crist\u00f3bal,\u00a0<strong>Pura Casilla<\/strong>; de San Jos\u00e9 de Ocoa,\u00a0<strong>Josefa Oliva Castillo;<\/strong>\u00a0de La Altagracia,\u00a0<strong>Daysi Francisca de \u00d3leo<\/strong>; de La Romana,\u00a0<strong>Ivelisse M\u00e9ndez;<\/strong>\u00a0de Duarte,\u00a0<strong>Ana Xiomara Cort\u00e9s;<\/strong>\u00a0de El\u00edas Pi\u00f1a,\u00a0<strong>Migdalia de los Santos<\/strong>; de San Juan,\u00a0<strong>Ana Mar\u00eda Castillo<\/strong>; de Monte Plata,\u00a0<strong>Rafaela Javier Gomera<\/strong>; de Independencia, Mercedes Novas, y de Santo Domingo,\u00a0<strong>Lucrecia Santana Leyba.<\/strong><\/p>\n\n\n\n<p>Con informaci\u00f3n de la Presidencia de la Rep\u00fablica.<\/p>\n","protected":false},"excerpt":{"rendered":"<p>27 de Octubre 2025 | 17:05 Santo Domingo., RD\u2013\u00a0El presidente Luis Abinader\u00a0encabez\u00f3 este lunes una reuni\u00f3n virtual, v\u00eda Zoom, con\u00a015 gobernadoras provinciales, con el objetivo de\u00a0evaluar los da\u00f1os y coordinar las acciones de recuperaci\u00f3n\u00a0tras el paso del\u00a0hurac\u00e1n Melissa,\u00a0que provoc\u00f3\u00a0fuertes lluvias, inundaciones y afectaciones\u00a0en diversas comunidades de la Rep\u00fablica Dominicana. Durante el encuentro, realizado desde el&nbsp;Sal\u00f3n [&hellip;]<\/p>\n","protected":false},"author":2,"featured_media":645945,"comment_status":"closed","ping_status":"closed","sticky":false,"template":"","format":"standard","meta":{"footnotes":""},"categories":[20],"tags":[],"class_list":["post-645944","post","type-post","status-publish","format-standard","has-post-thumbnail","hentry","category-dominicana-hoy"],"_links":{"self":[{"href":"https:\/\/diariodominicano.com\/index.php?rest_route=\/wp\/v2\/posts\/645944","targetHints":{"allow":["GET"]}}],"collection":[{"href":"https:\/\/diariodominicano.com\/index.php?rest_route=\/wp\/v2\/posts"}],"about":[{"href":"https:\/\/diariodominicano.com\/index.php?rest_route=\/wp\/v2\/types\/post"}],"author":[{"embeddable":true,"href":"https:\/\/diariodominicano.com\/index.php?rest_route=\/wp\/v2\/users\/2"}],"replies":[{"embeddable":true,"href":"https:\/\/diariodominicano.com\/index.php?rest_route=%2Fwp%2Fv2%2Fcomments&post=645944"}],"version-history":[{"count":1,"href":"https:\/\/diariodominicano.com\/index.php?rest_route=\/wp\/v2\/posts\/645944\/revisions"}],"predecessor-version":[{"id":645946,"href":"https:\/\/diariodominicano.com\/index.php?rest_route=\/wp\/v2\/posts\/645944\/revisions\/645946"}],"wp:featuredmedia":[{"embeddable":true,"href":"https:\/\/diariodominicano.com\/index.php?rest_route=\/wp\/v2\/media\/645945"}],"wp:attachment":[{"href":"https:\/\/diariodominicano.com\/index.php?rest_route=%2Fwp%2Fv2%2Fmedia&parent=645944"}],"wp:term":[{"taxonomy":"category","embeddable":true,"href":"https:\/\/diariodominicano.com\/index.php?rest_route=%2Fwp%2Fv2%2Fcategories&post=645944"},{"taxonomy":"post_tag","embeddable":true,"href":"https:\/\/diariodominicano.com\/index.php?rest_route=%2Fwp%2Fv2%2Ftags&post=645944"}],"curies":[{"name":"wp","href":"https:\/\/api.w.org\/{rel}","templated":true}]}}