{"id":645938,"date":"2025-10-28T04:38:02","date_gmt":"2025-10-28T08:38:02","guid":{"rendered":"https:\/\/diariodominicano.com\/?p=645938"},"modified":"2025-10-28T04:39:06","modified_gmt":"2025-10-28T08:39:06","slug":"presidente-abinader-afirma-que-el-saneamiento-de-las-canadas-salva-vidas","status":"publish","type":"post","link":"https:\/\/diariodominicano.com\/?p=645938","title":{"rendered":"El Presidente Abinader afirma que el saneamiento de las ca\u00f1adas\u00a0\u201csalva vidas"},"content":{"rendered":"\n<h3 class=\"wp-block-heading\">Caasd entrega 20 ca\u00f1adas en el GSD, con inversi\u00f3n superior a RD 2,800,901,708.08, impactando directamente a m\u00e1s de 461,500 personas<\/h3>\n\n\n\n<p>27 de Octubre 2025 | 21:24<\/p>\n\n\n\n<p>Santo Domingo, RD.-\u00a0<strong>El presidente Luis Abinader<\/strong>\u00a0dijo que el saneamiento de las ca\u00f1adas<em>\u00a0\u201csalva vidas y es la acci\u00f3n m\u00e1s importante que se puede hacer para evitar muertes durante estas inundaciones\u201d.<\/em>\u00a0Sus palabras se producen al presentar este lunes la importancia de las\u00a0<strong>medidas preventivas<\/strong>\u00a0implementadas por el Gobierno ante el paso de la\u00a0<strong>tormenta Melissa<\/strong>.<\/p>\n\n\n\n<p>El mandatario indic\u00f3 que, a la fecha, se han entregado<strong>&nbsp;22 ca\u00f1adas&nbsp;<\/strong>con 17 kil\u00f3metros y&nbsp;<strong>461,500 beneficiarios directos.&nbsp;<\/strong>Se\u00f1al\u00f3,<strong>&nbsp;<\/strong>que estas acciones est\u00e1n dando resultado, ya que, a pesar de los mil\u00edmetros de lluvia registrados en la \u00faltima semana, siendo similares a tormentas anteriores,&nbsp;<strong>los da\u00f1os han sido menores.<\/strong><\/p>\n\n\n\n<p>En este sentido, el director de la Caasd,&nbsp;<strong>Fellito Suberv\u00ed,<\/strong>&nbsp;cit\u00f3 como ejemplo la intervenci\u00f3n en la&nbsp;<strong>ca\u00f1ada de Los Girasoles,<\/strong>&nbsp;donde habitan m\u00e1s de 30,000 personas, cuyos avances se encuentran en un&nbsp;<strong>60-65 %,<\/strong>&nbsp;y el porcentaje de inundaci\u00f3n&nbsp;<strong>se redujo<\/strong>&nbsp;de un 100 % a un&nbsp;<strong>30 %<\/strong>.<\/p>\n\n\n\n<p><em>\u201cDesde que llegamos al Gobierno le pusimos especial atenci\u00f3n a este tema\u201d,<\/em>&nbsp;manifest\u00f3 el presidente Abinader, ya que,&nbsp;<em>\u201cen otros eventos que han pasado en el pa\u00eds, la mayor cantidad de personas fallecidas por inundaciones, han sido por las ca\u00f1adas\u201d.<\/em><\/p>\n\n\n\n<p>En ejecuci\u00f3n, hay&nbsp;<strong>23 ca\u00f1adas<\/strong>&nbsp;que abarcan 25.5 kil\u00f3metros, de las cuales,&nbsp;<strong>13 est\u00e1n en etapa de terminaci\u00f3n<\/strong>&nbsp;y construcci\u00f3n de espacios comunitarios y en total beneficiar\u00e1n a&nbsp;<strong>878,050<\/strong>&nbsp;personas en el&nbsp;<strong>Gran Santo Domingo.&nbsp;<\/strong><\/p>\n\n\n\n<figure class=\"wp-block-image\"><img decoding=\"async\" src=\"https:\/\/www.presidencia.gob.do\/sites\/default\/files\/inline-images\/WhatsApp%20Image%202025-10-27%20at%209.01.02%20PM.jpeg\" alt=\"\"\/><\/figure>\n\n\n\n<p><strong>Medidas preventivas ante tormenta Melissa<\/strong><\/p>\n\n\n\n<p>El presidente Abinader present\u00f3 este lunes un recuento de las&nbsp;<strong>medidas preventivas&nbsp;<\/strong>implementadas&nbsp;<strong>por el Gobierno&nbsp;<\/strong>ante el paso de la tormenta Melissa, que permitieron&nbsp;<strong>minimizar los efectos negativos<\/strong>&nbsp;que provocan estos fen\u00f3menos atmosf\u00e9ricos, priorizando la&nbsp;<strong>protecci\u00f3n y seguridad<\/strong>&nbsp;de cada ciudadano, porque&nbsp;<em>\u201cla vida humana se mantiene por encima de toda normalidad operativa\u201d.<\/em><\/p>\n\n\n\n<p>El&nbsp;<strong>martes 21,<\/strong>&nbsp;las autoridades informaron la&nbsp;<strong>suspensi\u00f3n de docencia<\/strong>&nbsp;en las provincias en&nbsp;<strong>alerta roja<\/strong>, extendi\u00e9ndose hasta el&nbsp;<strong>viernes 24.<\/strong>&nbsp;Asimismo, se suspendieron las&nbsp;<strong>jornadas laborales<\/strong>&nbsp;desde el<strong>&nbsp;mi\u00e9rcoles a la 1:00 p.m.<\/strong>&nbsp;hasta el&nbsp;<strong>s\u00e1bado 25<\/strong>.&nbsp;<\/p>\n\n\n\n<p>Tanto el mandatario como el director del&nbsp;<strong>Centro de Operaciones de Emergencias<\/strong>&nbsp;(COE),&nbsp;<strong>general retirado Juan Manuel M\u00e9ndez,&nbsp;<\/strong>agradecieron el apoyo del empresariado y la sociedad civil.<\/p>\n\n\n\n<p>El presidente Abinader destac\u00f3 adem\u00e1s que estas prevenciones permitieron el&nbsp;<strong>correcto funcionamiento de las presas<\/strong>, y con el&nbsp;<strong>saneamiento de ca\u00f1adas<\/strong>&nbsp;que se ejecuta desde su llegada al Gobierno,&nbsp;<strong>se evitaron inundaciones<\/strong>&nbsp;en comunidades vulnerables que resultaban afectadas tras fuertes y constantes precipitaciones.<\/p>\n\n\n\n<p>Tambi\u00e9n, se resalt\u00f3 la&nbsp;<strong>inversi\u00f3n en soluci\u00f3n drenaje pluvial<\/strong>, destinando, desde el Gobierno central y el Ayuntamiento del Distrito Nacional,&nbsp;<strong>RD 190,828,997<\/strong>&nbsp;a la primera etapa, y para&nbsp;<strong>2026<\/strong>&nbsp;se proyecta una inversi\u00f3n adicional de&nbsp;<strong>RD 80,398,993<\/strong>.<\/p>\n\n\n\n<p>Las&nbsp;<strong>acciones preventivas<\/strong>&nbsp;iniciaron el pasado&nbsp;<strong>lunes 20 de octubre<\/strong>&nbsp;a las 6:00 p.m., con el primer informe sobre una onda tropical con&nbsp;<strong>probabilidad de desarrollo cicl\u00f3nico.<\/strong>&nbsp;El martes 21 a las 9:00 a.m.&nbsp;<strong>se ampliaron las alertas<\/strong>, se emitieron las&nbsp;<strong>primeras restricciones mar\u00edtimas<\/strong>&nbsp;y se activaron los&nbsp;<strong>protocolos de emergencia.<\/strong>&nbsp;Posteriormente, se anunci\u00f3 la suspensi\u00f3n de labores y docencia.<\/p>\n\n\n\n<figure class=\"wp-block-image\"><img decoding=\"async\" src=\"https:\/\/www.presidencia.gob.do\/sites\/default\/files\/inline-images\/WhatsApp%20Image%202025-10-27%20at%209.01.01%20PM.jpeg\" alt=\"\"\/><\/figure>\n\n\n\n<p><strong>Situaci\u00f3n general<\/strong><\/p>\n\n\n\n<p>Este lunes&nbsp;<strong>27 de octubre<\/strong>, el COE mantiene&nbsp;<strong>cuatro provincias bajo alerta roja<\/strong>, 8 en&nbsp;<strong>amarilla<\/strong>&nbsp;y 12 en&nbsp;<strong>verde<\/strong>; un&nbsp;<strong>albergue activo<\/strong>&nbsp;en el Distrito Nacional,&nbsp;<strong>38<\/strong>&nbsp;personas albergadas y&nbsp;<strong>737 viviendas afectadas.<\/strong><\/p>\n\n\n\n<p><strong>Ayuda humanitaria<\/strong><\/p>\n\n\n\n<p>Durante la&nbsp;<strong>fase de respuesta<\/strong>, se distribuyeron m\u00e1s de&nbsp;<strong>200,000 raciones<\/strong>&nbsp;de alimentos crudos y&nbsp;<strong>1,128,800<\/strong>&nbsp;raciones cocidas en todo el pa\u00eds durante&nbsp;<strong>seis d\u00edas<\/strong>, desde la Direcci\u00f3n de Asistencia Social y Alimentaci\u00f3n Comunitaria&nbsp;<strong>(Dasac)<\/strong>, indicando adem\u00e1s el inicio de&nbsp;<strong>evaluaci\u00f3n de da\u00f1os<\/strong>&nbsp;en viviendas y p\u00e9rdidas de enseres para proceder con las intervenciones correspondientes.<\/p>\n\n\n\n<p>De igual forma, un equipo del&nbsp;<strong>Sistema 911<\/strong>&nbsp;utiliz\u00f3&nbsp;<strong>drones<\/strong>&nbsp;para llevar alimentos a&nbsp;<strong>42 familias<\/strong>&nbsp;incomunicadas en el distrito municipal de&nbsp;<strong>La Victoria.<\/strong><\/p>\n\n\n\n<figure class=\"wp-block-image\"><img decoding=\"async\" src=\"https:\/\/www.presidencia.gob.do\/sites\/default\/files\/inline-images\/WhatsApp%20Image%202025-10-27%20at%209.01.05%20PM.jpeg\" alt=\"\"\/><\/figure>\n\n\n\n<p><strong>Afectaci\u00f3n del agua potable<\/strong><\/p>\n\n\n\n<p>El&nbsp;<strong>Instituto Nacional de Aguas Potables y Alcantarillados<\/strong>&nbsp;(Inapa) report\u00f3&nbsp;<strong>52 acueductos afectados,&nbsp;<\/strong>de los cuales solo&nbsp;<strong>32<\/strong>&nbsp;permanecen fuera de servicio. Los usuarios afectados fueron&nbsp;<strong>501,169<\/strong>.<\/p>\n\n\n\n<p>La&nbsp;<strong>Caasd<\/strong>&nbsp;cerr\u00f3 las operaciones de los sistemas&nbsp;<strong>Isa Mana y Duey<\/strong>&nbsp;por alta turbidez, afectando a&nbsp;<strong>404,978<\/strong>&nbsp;habitantes y&nbsp;<strong>126,555<\/strong>&nbsp;hogares en&nbsp;<strong>Pedro Brand, Los Alcarrizos y Santo Domingo Oeste.<\/strong><\/p>\n\n\n\n<p><strong>Coraamoca<\/strong>&nbsp;inform\u00f3 sobre&nbsp;<strong>tres<\/strong>&nbsp;sistemas afectados por&nbsp;<strong>alta turbidez<\/strong>, con&nbsp;<strong>7,950<\/strong>&nbsp;usuarios impactados, y&nbsp;<strong>Coraabo<\/strong>&nbsp;cerr\u00f3 otros&nbsp;<strong>tres<\/strong>&nbsp;sistemas, afectando a&nbsp;<strong>300,000 usuarios.<\/strong><\/p>\n\n\n\n<p><strong>Presas<\/strong><\/p>\n\n\n\n<p>El jefe de Estado detall\u00f3 los niveles de operaci\u00f3n de las presas, resaltando la&nbsp;<strong>efectividad de las medidas preventivas<\/strong>&nbsp;para mantenerlas funcionando:&nbsp;<strong>Sabaneta,<\/strong>&nbsp;<strong>100.31 %<\/strong>&nbsp;(nivel m\u00e1ximo superado); Monci\u00f3n,&nbsp;<strong>97.55 %<\/strong>; Rinc\u00f3n,&nbsp;<strong>96.97 %;<\/strong>&nbsp;Valdesia,&nbsp;<strong>89.93 %<\/strong>.<\/p>\n\n\n\n<p>En niveles medios cit\u00f3 la de Tavera con&nbsp;<strong>76.25 %<\/strong>; Bao,&nbsp;<strong>76.18 %<\/strong>; Sabana Yegua,&nbsp;<strong>69.47 %<\/strong>, y Hatillo,&nbsp;<strong>88.64 %<\/strong>. Mientras, en niveles bajos operan la de Monte Grande,&nbsp;<strong>49.16 %<\/strong>, y Jig\u00fcey,&nbsp;<strong>46.58 %<\/strong>.<\/p>\n\n\n\n<p>Las presas&nbsp;<strong>Sabaneta y Monci\u00f3n<\/strong>&nbsp;operaron sus dos centrales hidroel\u00e9ctricas&nbsp;<strong>de forma continua.<\/strong><\/p>\n\n\n\n<p><strong>Obras P\u00fablicas<\/strong><\/p>\n\n\n\n<p>El&nbsp;<strong>MOPC<\/strong>&nbsp;despleg\u00f3&nbsp;<strong>2,879<\/strong>&nbsp;hombres y mujeres en&nbsp;<strong>405<\/strong>&nbsp;equipos, mientras,&nbsp;<strong>Comipol<\/strong>&nbsp;dispuso&nbsp;<strong>286<\/strong>&nbsp;camionetas y&nbsp;<strong>1,078<\/strong>&nbsp;efectivos. Tambi\u00e9n brind\u00f3&nbsp;<strong>2,650 asistencias.<\/strong><\/p>\n\n\n\n<p><strong>Inversi\u00f3n en drenaje pluvial<\/strong><\/p>\n\n\n\n<p>El&nbsp;<strong>Gobierno central y el Ayuntamiento del Distrito Nacional<\/strong>&nbsp;(ADN) destinaron&nbsp;<strong>RD 190,828,997<\/strong>&nbsp;a la primera etapa de la soluci\u00f3n integral de drenaje pluvial,&nbsp;<strong>reforzando 50<\/strong>&nbsp;de los 75 puntos cr\u00edticos de la capital. Para el&nbsp;<strong>2026<\/strong>, se proyecta una inversi\u00f3n adicional de&nbsp;<strong>RD 80,398,993<\/strong>&nbsp; para completar los puntos restantes.<\/p>\n\n\n\n<p>Gracias a esto, se han construido&nbsp;<strong>165<\/strong>&nbsp;filtrantes,&nbsp;<strong>128<\/strong>&nbsp;imbornales,&nbsp;<strong>350<\/strong>&nbsp;alcantarillas,&nbsp;<strong>32<\/strong>&nbsp;registros nuevos en&nbsp;<strong>28<\/strong>&nbsp;sectores y&nbsp;<strong>173 colectores<\/strong>&nbsp;adicionales mediante presupuesto participativo.<\/p>\n\n\n\n<p><strong>Innovaci\u00f3n en monitoreo y respuesta<\/strong><\/p>\n\n\n\n<p>Se implement\u00f3 un piloto de&nbsp;<strong>sem\u00e1foros pluviales&nbsp;<\/strong>en zonas cr\u00edticas y se integr\u00f3 el&nbsp;<strong>sistema de videovigilancia del 9-1-1<\/strong>&nbsp;para detectar niveles de agua y reposicionar camiones succionadores en tiempo real.<\/p>\n\n\n\n<p>Las acciones se concentraron en&nbsp;<strong>puntos cr\u00edticos&nbsp;<\/strong>definidos por historial de inundaciones, acumulaci\u00f3n de residuos, densidad poblacional y conectividad con redes de drenaje y transporte urbano.<\/p>\n\n\n\n<p><strong>Efectividad del drenaje<\/strong><\/p>\n\n\n\n<p>La ciudad mostr\u00f3&nbsp;<strong>mejoras significativas<\/strong>&nbsp;en el drenaje, especialmente en&nbsp;<strong>La Chorrera, Hoyo de Bate y Los Platanitos,<\/strong>&nbsp;gracias a las obras hidr\u00e1ulicas y al funcionamiento de la bomba comunitaria.<\/p>\n\n\n\n<p>Asimismo, la soluci\u00f3n ambiental de la\u00a0<strong>Laguna del Fern\u00e1ndez<\/strong>\u00a0incluy\u00f3 el saneamiento de dos lagunas urbanas, con una inversi\u00f3n de\u00a0<strong>RD 71 millones<\/strong>, de los cuales\u00a0<strong>RD 52 millones<\/strong>\u00a0fueron aportados por el\u00a0<strong>Gobierno central,<\/strong>\u00a0a trav\u00e9s del Banco de Reservas.<\/p>\n\n\n\n<p>Con informaci\u00f3n de la Presidencia de la Rep\u00fablica.<\/p>\n","protected":false},"excerpt":{"rendered":"<p>Caasd entrega 20 ca\u00f1adas en el GSD, con inversi\u00f3n superior a RD 2,800,901,708.08, impactando directamente a m\u00e1s de 461,500 personas 27 de Octubre 2025 | 21:24 Santo Domingo, RD.-\u00a0El presidente Luis Abinader\u00a0dijo que el saneamiento de las ca\u00f1adas\u00a0\u201csalva vidas y es la acci\u00f3n m\u00e1s importante que se puede hacer para evitar muertes durante estas inundaciones\u201d.\u00a0Sus [&hellip;]<\/p>\n","protected":false},"author":2,"featured_media":645939,"comment_status":"closed","ping_status":"closed","sticky":false,"template":"","format":"standard","meta":{"footnotes":""},"categories":[20,27],"tags":[],"class_list":["post-645938","post","type-post","status-publish","format-standard","has-post-thumbnail","hentry","category-dominicana-hoy","category-portada"],"_links":{"self":[{"href":"https:\/\/diariodominicano.com\/index.php?rest_route=\/wp\/v2\/posts\/645938","targetHints":{"allow":["GET"]}}],"collection":[{"href":"https:\/\/diariodominicano.com\/index.php?rest_route=\/wp\/v2\/posts"}],"about":[{"href":"https:\/\/diariodominicano.com\/index.php?rest_route=\/wp\/v2\/types\/post"}],"author":[{"embeddable":true,"href":"https:\/\/diariodominicano.com\/index.php?rest_route=\/wp\/v2\/users\/2"}],"replies":[{"embeddable":true,"href":"https:\/\/diariodominicano.com\/index.php?rest_route=%2Fwp%2Fv2%2Fcomments&post=645938"}],"version-history":[{"count":3,"href":"https:\/\/diariodominicano.com\/index.php?rest_route=\/wp\/v2\/posts\/645938\/revisions"}],"predecessor-version":[{"id":645943,"href":"https:\/\/diariodominicano.com\/index.php?rest_route=\/wp\/v2\/posts\/645938\/revisions\/645943"}],"wp:featuredmedia":[{"embeddable":true,"href":"https:\/\/diariodominicano.com\/index.php?rest_route=\/wp\/v2\/media\/645939"}],"wp:attachment":[{"href":"https:\/\/diariodominicano.com\/index.php?rest_route=%2Fwp%2Fv2%2Fmedia&parent=645938"}],"wp:term":[{"taxonomy":"category","embeddable":true,"href":"https:\/\/diariodominicano.com\/index.php?rest_route=%2Fwp%2Fv2%2Fcategories&post=645938"},{"taxonomy":"post_tag","embeddable":true,"href":"https:\/\/diariodominicano.com\/index.php?rest_route=%2Fwp%2Fv2%2Ftags&post=645938"}],"curies":[{"name":"wp","href":"https:\/\/api.w.org\/{rel}","templated":true}]}}