{"id":645881,"date":"2025-10-28T03:19:45","date_gmt":"2025-10-28T07:19:45","guid":{"rendered":"https:\/\/diariodominicano.com\/?p=645881"},"modified":"2025-10-28T03:19:53","modified_gmt":"2025-10-28T07:19:53","slug":"comienza-la-presion-en-brasil-por-la-amnistia-a-bolsonaro","status":"publish","type":"post","link":"https:\/\/diariodominicano.com\/?p=645881","title":{"rendered":"Comienza la presi\u00f3n en Brasil por la amnist\u00eda a Bolsonaro"},"content":{"rendered":"\n<p>Brasilia, 28 oct (Prensa Latina) Una nueva ofensiva del Partido Liberal (PL) por la amnist\u00eda a Jair Bolsonaro comienza hoy ante la posibilidad de que el expresidente brasile\u00f1o sea enviado a prisi\u00f3n en r\u00e9gimen cerrado tras la inminente decisi\u00f3n de la Corte Suprema.<\/p>\n\n\n\n<ul class=\"wp-block-list\">\n<li><a href=\"https:\/\/www.prensa-latina.cu\/2025\/10\/28\/\"><time>octubre 28, 2025 | 00:31<\/time><\/a><\/li>\n<\/ul>\n\n\n\n<ul class=\"wp-block-list\">\n<li><a href=\"https:\/\/www.prensa-latina.cu\/2025\/10\/28\/comienza-la-presion-en-brasil-por-la-amnistia-a-bolsonaro\/#\"><\/a><\/li>\n\n\n\n<li><a href=\"https:\/\/www.prensa-latina.cu\/2025\/10\/28\/comienza-la-presion-en-brasil-por-la-amnistia-a-bolsonaro\/#\"><\/a><\/li>\n\n\n\n<li><a href=\"https:\/\/www.prensa-latina.cu\/2025\/10\/28\/comienza-la-presion-en-brasil-por-la-amnistia-a-bolsonaro\/#\"><\/a><\/li>\n\n\n\n<li><a href=\"https:\/\/www.prensa-latina.cu\/2025\/10\/28\/comienza-la-presion-en-brasil-por-la-amnistia-a-bolsonaro\/#\"><\/a><\/li>\n<\/ul>\n\n\n\n<p>Principal fuerza de apoyo a Bolsonaro, el PL decidi\u00f3 reactivar su estrategia para aprobar el proyecto de ley que podr\u00eda eximirlo de una eventual condena penal.<\/p>\n\n\n\n<p>Seg\u00fan dirigentes del PL, el tema ser\u00e1 presentado oficialmente al presidente de la C\u00e1mara de Diputados, Hugo Motta, en la pr\u00f3xima reuni\u00f3n de l\u00edderes, prevista para este martes.<\/p>\n\n\n\n<p>La ofensiva emergi\u00f3 despu\u00e9s que el Supremo Tribunal Federal (STF) publicara el fallo sobre el intento de golpe de Estado, perpetrado el 8 de enero de 2023.<\/p>\n\n\n\n<p>A partir de ese veredicto, la defensa de Bolsonaro tuvo hasta este lunes para presentar recursos. Los abogados conf\u00edan en que el STF analice r\u00e1pidamente las solicitudes de aclaraci\u00f3n.<\/p>\n\n\n\n<p>El equipo jur\u00eddico del expresidente utiliz\u00f3 seis veces el voto disidente del juez Luiz Fux, del Supremo, para respaldar el pedido de revisi\u00f3n de la sentencia.<\/p>\n\n\n\n<p>Si se agotan las apelaciones, el juez Alexandre de Moraes, relator del caso, podr\u00eda ordenar el cumplimiento inmediato de la sentencia, lo cual abrir\u00eda el camino para el encarcelamiento definitivo de Bolsonaro.<\/p>\n\n\n\n<p>El exmandatario ultraderechista se encuentra bajo arresto domiciliario desde agosto, pero sus aliados temen que en noviembre la corte superior determine su ingreso en c\u00e1rcel en r\u00e9gimen cerrado.<\/p>\n\n\n\n<p>\u00abAlexandre (de Moraes) se apresur\u00f3 a publicar la sentencia. Hab\u00edamos acordado con el Centr\u00e3o (tendencia de centro) esperar, pero ya no hay tiempo. Presentaremos la agenda de amnist\u00eda a Hugo la pr\u00f3xima semana\u00bb, afirm\u00f3 el l\u00edder del PL en R\u00edo de Janeiro, diputado S\u00f3stenes Cavalcante.<\/p>\n\n\n\n<p>Anunci\u00f3 que la bancada pedir\u00e1 incluir el tema en la primera semana de noviembre. Record\u00f3 que el 17 de septiembre la C\u00e1mara baja aprob\u00f3 el Proyecto de Ley de Amnist\u00eda con car\u00e1cter de urgencia.<\/p>\n\n\n\n<p>El PL busca reinstaurar la propuesta original, que preve\u00eda un indulto total a los condenados por el complot violento.<\/p>\n\n\n\n<p>De todos modos, la inclusi\u00f3n del proyecto en la agenda legislativa sigue siendo incierta. Motta advirti\u00f3 que solo permitir\u00e1 avanzar la propuesta si el Senado se compromete a tratarla simult\u00e1neamente.<\/p>\n\n\n\n<p>Hasta ahora, no hay se\u00f1ales de apoyo por parte del timonel del Senado, Davi Alcolumbre.<\/p>\n\n\n\n<p>Impulsada con renovada fuerza, la estrategia del PL, refleja la urgencia del bolsonarismo (adeptos de Bolsonaro) por blindar a su l\u00edder frente a una posible condena que podr\u00eda marcar un antes y un despu\u00e9s en la historia pol\u00edtica reciente de Brasil.<\/p>\n\n\n\n<p>lam\/ocs<\/p>\n\n\n\n<ul class=\"wp-block-list\">\n<li>#<a href=\"https:\/\/www.prensa-latina.cu\/etiqueta\/bolsonaro\/\">bolsonaro<\/a>\u00a0#<a href=\"https:\/\/www.prensa-latina.cu\/etiqueta\/brasil\/\">brasil<\/a>\u00a0#<a href=\"https:\/\/www.prensa-latina.cu\/etiqueta\/congreso\/\">congreso<\/a>\u00a0#<a href=\"https:\/\/www.prensa-latina.cu\/etiqueta\/pl\/\">pl<\/a>\u00a0#<a href=\"https:\/\/www.prensa-latina.cu\/etiqueta\/tentativagolpista\/\">tentativagolpista<\/a><\/li>\n<\/ul>\n","protected":false},"excerpt":{"rendered":"<p>Brasilia, 28 oct (Prensa Latina) Una nueva ofensiva del Partido Liberal (PL) por la amnist\u00eda a Jair Bolsonaro comienza hoy ante la posibilidad de que el expresidente brasile\u00f1o sea enviado a prisi\u00f3n en r\u00e9gimen cerrado tras la inminente decisi\u00f3n de la Corte Suprema. Principal fuerza de apoyo a Bolsonaro, el PL decidi\u00f3 reactivar su estrategia [&hellip;]<\/p>\n","protected":false},"author":2,"featured_media":645882,"comment_status":"closed","ping_status":"closed","sticky":false,"template":"","format":"standard","meta":{"footnotes":""},"categories":[23,22],"tags":[],"class_list":["post-645881","post","type-post","status-publish","format-standard","has-post-thumbnail","hentry","category-internacional","category-politica"],"_links":{"self":[{"href":"https:\/\/diariodominicano.com\/index.php?rest_route=\/wp\/v2\/posts\/645881","targetHints":{"allow":["GET"]}}],"collection":[{"href":"https:\/\/diariodominicano.com\/index.php?rest_route=\/wp\/v2\/posts"}],"about":[{"href":"https:\/\/diariodominicano.com\/index.php?rest_route=\/wp\/v2\/types\/post"}],"author":[{"embeddable":true,"href":"https:\/\/diariodominicano.com\/index.php?rest_route=\/wp\/v2\/users\/2"}],"replies":[{"embeddable":true,"href":"https:\/\/diariodominicano.com\/index.php?rest_route=%2Fwp%2Fv2%2Fcomments&post=645881"}],"version-history":[{"count":1,"href":"https:\/\/diariodominicano.com\/index.php?rest_route=\/wp\/v2\/posts\/645881\/revisions"}],"predecessor-version":[{"id":645883,"href":"https:\/\/diariodominicano.com\/index.php?rest_route=\/wp\/v2\/posts\/645881\/revisions\/645883"}],"wp:featuredmedia":[{"embeddable":true,"href":"https:\/\/diariodominicano.com\/index.php?rest_route=\/wp\/v2\/media\/645882"}],"wp:attachment":[{"href":"https:\/\/diariodominicano.com\/index.php?rest_route=%2Fwp%2Fv2%2Fmedia&parent=645881"}],"wp:term":[{"taxonomy":"category","embeddable":true,"href":"https:\/\/diariodominicano.com\/index.php?rest_route=%2Fwp%2Fv2%2Fcategories&post=645881"},{"taxonomy":"post_tag","embeddable":true,"href":"https:\/\/diariodominicano.com\/index.php?rest_route=%2Fwp%2Fv2%2Ftags&post=645881"}],"curies":[{"name":"wp","href":"https:\/\/api.w.org\/{rel}","templated":true}]}}