{"id":645859,"date":"2025-10-28T03:27:03","date_gmt":"2025-10-28T07:27:03","guid":{"rendered":"https:\/\/diariodominicano.com\/?p=645859"},"modified":"2025-10-28T03:27:06","modified_gmt":"2025-10-28T07:27:06","slug":"el-coe-mantiene-04-provincias-en-alerta-roja","status":"publish","type":"post","link":"https:\/\/diariodominicano.com\/?p=645859","title":{"rendered":"El COE mantiene 04 provincias en alerta roja"},"content":{"rendered":"\n<p>El COE mantiene 04 provincias en alerta roja, 12 y al Distrito Nacional en amarillo y 13 en verde, debido a que el Hurac\u00e1n Melissa, es ahora categor\u00eda 5 en la escala de Saffir-Simpson, posee vientos m\u00e1ximos sostenidos de 260 km\/h.<\/p>\n\n\n\n<p>Asimismo, este poderoso hurac\u00e1n<\/p>\n\n\n\n<p>se ubica cerca de la latitud 16.4 norte y longitud 77.8 oeste, a unos 205 km al sur\/suroeste de Kingston, Jamaica y a 505 km al sur\/suroeste de Guant\u00e1namo, Cuba y se mueve lentamente hacia el oeste a unos 6 km\/h.<\/p>\n\n\n\n<p>Las provincias en alerta roja \ud83d\udd34son:<\/p>\n\n\n\n<p>Barahona<\/p>\n\n\n\n<p>Pedernales<\/p>\n\n\n\n<p>Independencia<\/p>\n\n\n\n<p>Bahoruco<\/p>\n\n\n\n<p>En alerta amarilla \ud83d\udfe1est\u00e1n:<\/p>\n\n\n\n<p>San Jos\u00e9 de Ocoa<\/p>\n\n\n\n<p>Saman\u00e1<\/p>\n\n\n\n<p>Dajab\u00f2n<\/p>\n\n\n\n<p>Az\u00faa<\/p>\n\n\n\n<p>Monte Plata<\/p>\n\n\n\n<p>El\u00edas Pi\u00f1a<\/p>\n\n\n\n<p>Peravia<\/p>\n\n\n\n<p>La Altagracia<\/p>\n\n\n\n<p>San Juan<\/p>\n\n\n\n<p>Monte Cristi<\/p>\n\n\n\n<p>Santo Domingo<\/p>\n\n\n\n<p>San Crist\u00f3bal<\/p>\n\n\n\n<p>Distrito Nacional<\/p>\n\n\n\n<p>En alerta verde \ud83d\udfe2est\u00e1n:<\/p>\n\n\n\n<p>Monse\u00f1or Nouel<\/p>\n\n\n\n<p>La Vega<\/p>\n\n\n\n<p>S\u00e1nchez Ram\u00edrez<\/p>\n\n\n\n<p>San Pedro de Macor\u00eds<\/p>\n\n\n\n<p>La Romana<\/p>\n\n\n\n<p>Hato Mayor<\/p>\n\n\n\n<p>Mar\u00eda Trinidad S\u00e1nchez<\/p>\n\n\n\n<p>Santiago<\/p>\n\n\n\n<p>Santiago Rodr\u00edguez<\/p>\n\n\n\n<p>Hermanas Mirabal<\/p>\n\n\n\n<p>Espaillat<\/p>\n\n\n\n<p>El Seibo<\/p>\n\n\n\n<p>Duarte<\/p>\n\n\n\n<p>En ese sentido, se recomienda a las personas abstenerse de cruzar, r\u00edos, arroyos y ca\u00f1adas que presenten altos vol\u00famenes de agua en las provincias bajo alerta.<\/p>\n\n\n\n<p>Asimismo, en la costa Caribe\u00f1a, espec\u00edficamente hacia la porci\u00f3n suroeste desde Cabo Beata (Pedernales) hasta Punta Salinas Bani recomendamos a los operadores de las fr\u00e1giles, peque\u00f1as y medianas embarcaciones permanecer en puerto, debido a viento y olas peligrosas. El resto de la costa caribe\u00f1a puede realizar sus actividades con la debida precauci\u00f3n.<\/p>\n\n\n\n<p>Mientras que, para la costa Atl\u00e1ntica, deben navegar con precauci\u00f3n cerca del per\u00edmetro costero sin aventurarse mar adentro, debido a viento y olas anormales, as\u00ed como visibilidad reducida por fuertes aguaceros y tormentas el\u00e9ctricas.<\/p>\n\n\n\n<p>Del mismo modo, en ambas costas se instruye a los organismos de protecci\u00f3n civil, a tomar todas las medidas preventivas de lugar, a fin de preservar la vida de los usuarios de dicha costa, debido a probables rompientes y corrientes de resaca.<\/p>\n","protected":false},"excerpt":{"rendered":"<p>El COE mantiene 04 provincias en alerta roja, 12 y al Distrito Nacional en amarillo y 13 en verde, debido a que el Hurac\u00e1n Melissa, es ahora categor\u00eda 5 en la escala de Saffir-Simpson, posee vientos m\u00e1ximos sostenidos de 260 km\/h. Asimismo, este poderoso hurac\u00e1n se ubica cerca de la latitud 16.4 norte y longitud [&hellip;]<\/p>\n","protected":false},"author":7,"featured_media":645885,"comment_status":"closed","ping_status":"closed","sticky":false,"template":"","format":"standard","meta":{"footnotes":""},"categories":[20],"tags":[1658],"class_list":["post-645859","post","type-post","status-publish","format-standard","has-post-thumbnail","hentry","category-dominicana-hoy","tag-coe"],"_links":{"self":[{"href":"https:\/\/diariodominicano.com\/index.php?rest_route=\/wp\/v2\/posts\/645859","targetHints":{"allow":["GET"]}}],"collection":[{"href":"https:\/\/diariodominicano.com\/index.php?rest_route=\/wp\/v2\/posts"}],"about":[{"href":"https:\/\/diariodominicano.com\/index.php?rest_route=\/wp\/v2\/types\/post"}],"author":[{"embeddable":true,"href":"https:\/\/diariodominicano.com\/index.php?rest_route=\/wp\/v2\/users\/7"}],"replies":[{"embeddable":true,"href":"https:\/\/diariodominicano.com\/index.php?rest_route=%2Fwp%2Fv2%2Fcomments&post=645859"}],"version-history":[{"count":1,"href":"https:\/\/diariodominicano.com\/index.php?rest_route=\/wp\/v2\/posts\/645859\/revisions"}],"predecessor-version":[{"id":645890,"href":"https:\/\/diariodominicano.com\/index.php?rest_route=\/wp\/v2\/posts\/645859\/revisions\/645890"}],"wp:featuredmedia":[{"embeddable":true,"href":"https:\/\/diariodominicano.com\/index.php?rest_route=\/wp\/v2\/media\/645885"}],"wp:attachment":[{"href":"https:\/\/diariodominicano.com\/index.php?rest_route=%2Fwp%2Fv2%2Fmedia&parent=645859"}],"wp:term":[{"taxonomy":"category","embeddable":true,"href":"https:\/\/diariodominicano.com\/index.php?rest_route=%2Fwp%2Fv2%2Fcategories&post=645859"},{"taxonomy":"post_tag","embeddable":true,"href":"https:\/\/diariodominicano.com\/index.php?rest_route=%2Fwp%2Fv2%2Ftags&post=645859"}],"curies":[{"name":"wp","href":"https:\/\/api.w.org\/{rel}","templated":true}]}}