{"id":645847,"date":"2025-10-28T02:13:07","date_gmt":"2025-10-28T06:13:07","guid":{"rendered":"https:\/\/diariodominicano.com\/?p=645847"},"modified":"2025-10-28T02:13:32","modified_gmt":"2025-10-28T06:13:32","slug":"odac-posiciona-a-republica-dominicana-como-referente-de-calidad-y-competitividad-en-foro-mundial-de-acreditacion","status":"publish","type":"post","link":"https:\/\/diariodominicano.com\/?p=645847","title":{"rendered":"ODAC posiciona a Rep\u00fablica Dominicana como referente de calidad y competitividad en foro mundial de acreditaci\u00f3n"},"content":{"rendered":"\n<p>El evento reuni\u00f3 a los principales organismos de acreditaci\u00f3n del mundo para fortalecer la confianza global en la calidad y la evaluaci\u00f3n de la conformidad.<\/p>\n\n\n\n<p>Santo Domingo, Rep\u00fablica Dominicana.&nbsp;\u2013 El Organismo Dominicano de Acreditaci\u00f3n (ODAC) particip\u00f3 en las Reuniones Anuales Conjuntas de la Cooperaci\u00f3n Internacional de Acreditaci\u00f3n de Laboratorios (ILAC) y el Foro Internacional de Acreditaci\u00f3n (IAF), celebrado desde el&nbsp; 15 hasta el 24 de octubre de 2025 en Bangkok, Tailandia.<\/p>\n\n\n\n<p>Este encuentro, considerado el foro m\u00e1s importante del mundo en materia de acreditaci\u00f3n y evaluaci\u00f3n de la conformidad, reuni\u00f3 a representantes de m\u00e1s de 100 pa\u00edses para definir pol\u00edticas, revisar est\u00e1ndares internacionales y fortalecer los acuerdos que garantizan la confianza global en los certificados y resultados t\u00e9cnicos emitidos por organismos acreditados.<\/p>\n\n\n\n<figure class=\"wp-block-gallery has-nested-images columns-default is-cropped wp-block-gallery-1 is-layout-flex wp-block-gallery-is-layout-flex\">\n<figure class=\"wp-block-image size-large\"><img loading=\"lazy\" decoding=\"async\" width=\"1024\" height=\"853\" data-id=\"645856\" src=\"https:\/\/diariodominicano.com\/wp-content\/uploads\/2025\/10\/Representantes-del-ODAC-durante-las-Reuniones-Anuales-Conjuntas-de-la-Cooperacion-Internacional-de-Acreditacion-de-Laboratorios-ILAC-1024x853.jpg\" alt=\"\" class=\"wp-image-645856\" srcset=\"https:\/\/diariodominicano.com\/wp-content\/uploads\/2025\/10\/Representantes-del-ODAC-durante-las-Reuniones-Anuales-Conjuntas-de-la-Cooperacion-Internacional-de-Acreditacion-de-Laboratorios-ILAC-1024x853.jpg 1024w, https:\/\/diariodominicano.com\/wp-content\/uploads\/2025\/10\/Representantes-del-ODAC-durante-las-Reuniones-Anuales-Conjuntas-de-la-Cooperacion-Internacional-de-Acreditacion-de-Laboratorios-ILAC-300x250.jpg 300w, https:\/\/diariodominicano.com\/wp-content\/uploads\/2025\/10\/Representantes-del-ODAC-durante-las-Reuniones-Anuales-Conjuntas-de-la-Cooperacion-Internacional-de-Acreditacion-de-Laboratorios-ILAC-768x640.jpg 768w, https:\/\/diariodominicano.com\/wp-content\/uploads\/2025\/10\/Representantes-del-ODAC-durante-las-Reuniones-Anuales-Conjuntas-de-la-Cooperacion-Internacional-de-Acreditacion-de-Laboratorios-ILAC-816x680.jpg 816w, https:\/\/diariodominicano.com\/wp-content\/uploads\/2025\/10\/Representantes-del-ODAC-durante-las-Reuniones-Anuales-Conjuntas-de-la-Cooperacion-Internacional-de-Acreditacion-de-Laboratorios-ILAC.jpg 1056w\" sizes=\"auto, (max-width: 1024px) 100vw, 1024px\" \/><\/figure>\n<\/figure>\n\n\n\n<p>Durante las jornadas se abordaron temas relacionados con la armonizaci\u00f3n de criterios internacionales, la actualizaci\u00f3n de normas ISO, los acuerdos de reconocimiento multilateral (MLA\/MRA) y el papel de la acreditaci\u00f3n en la sostenibilidad, la innovaci\u00f3n tecnol\u00f3gica y los Objetivos de Desarrollo Sostenible (ODS).<\/p>\n\n\n\n<p>La participaci\u00f3n del ODAC en este evento refuerza el posicionamiento de la Rep\u00fablica Dominicana como un pa\u00eds comprometido con la calidad, la transparencia y la competitividad internacional, fortaleciendo el reconocimiento global de los certificados emitidos por los organismos acreditados en el pa\u00eds y ampliando las oportunidades de cooperaci\u00f3n t\u00e9cnica con los miembros del sistema mundial de acreditaci\u00f3n.<\/p>\n\n\n\n<figure class=\"wp-block-gallery has-nested-images columns-default is-cropped wp-block-gallery-2 is-layout-flex wp-block-gallery-is-layout-flex\">\n<figure class=\"wp-block-image size-large\"><img loading=\"lazy\" decoding=\"async\" width=\"1024\" height=\"945\" data-id=\"645853\" src=\"https:\/\/diariodominicano.com\/wp-content\/uploads\/2025\/10\/Neil-Castro-encargado-del-departamento-de-Acreditacion-de-Organismos-de-Inspeccion-y-Angel-David-Taveras-Difo-director-ejcutivo-del-ODAC-1024x945.jpg\" alt=\"\" class=\"wp-image-645853\" srcset=\"https:\/\/diariodominicano.com\/wp-content\/uploads\/2025\/10\/Neil-Castro-encargado-del-departamento-de-Acreditacion-de-Organismos-de-Inspeccion-y-Angel-David-Taveras-Difo-director-ejcutivo-del-ODAC-1024x945.jpg 1024w, https:\/\/diariodominicano.com\/wp-content\/uploads\/2025\/10\/Neil-Castro-encargado-del-departamento-de-Acreditacion-de-Organismos-de-Inspeccion-y-Angel-David-Taveras-Difo-director-ejcutivo-del-ODAC-300x277.jpg 300w, https:\/\/diariodominicano.com\/wp-content\/uploads\/2025\/10\/Neil-Castro-encargado-del-departamento-de-Acreditacion-de-Organismos-de-Inspeccion-y-Angel-David-Taveras-Difo-director-ejcutivo-del-ODAC-768x708.jpg 768w, https:\/\/diariodominicano.com\/wp-content\/uploads\/2025\/10\/Neil-Castro-encargado-del-departamento-de-Acreditacion-de-Organismos-de-Inspeccion-y-Angel-David-Taveras-Difo-director-ejcutivo-del-ODAC-816x753.jpg 816w, https:\/\/diariodominicano.com\/wp-content\/uploads\/2025\/10\/Neil-Castro-encargado-del-departamento-de-Acreditacion-de-Organismos-de-Inspeccion-y-Angel-David-Taveras-Difo-director-ejcutivo-del-ODAC.jpg 1109w\" sizes=\"auto, (max-width: 1024px) 100vw, 1024px\" \/><\/figure>\n<\/figure>\n\n\n\n<p>El director ejecutivo del ODAC, \u00c1ngel David Taveras Difo, asegur\u00f3 que la presencia del organismo en este escenario internacional contribuye directamente a consolidar la credibilidad del sistema nacional de calidad, promoviendo la aceptaci\u00f3n de los productos y servicios dominicanos en los mercados internacionales.<\/p>\n\n\n\n<p>\u201cEste evento sirve como plataforma para fortalecer las relaciones con organismos regionales y globales, compartir experiencias y reafirmar el compromiso de la Rep\u00fablica Dominicana con el desarrollo sostenible y la mejora continua\u201d, asegur\u00f3 Taveras Difo.<\/p>\n\n\n\n<p>Durante las actividades preparatorias, el Comit\u00e9 Conjunto de ILAC\/IAF celebr\u00f3 un taller centrado en la cooperaci\u00f3n entre organismos de acreditaci\u00f3n para la difusi\u00f3n del valor de la acreditaci\u00f3n, con \u00e9nfasis en la comunicaci\u00f3n estrat\u00e9gica, el intercambio de buenas pr\u00e1cticas y la elaboraci\u00f3n de materiales educativos y audiovisuales para promover el impacto de la acreditaci\u00f3n en la sociedad.<\/p>\n\n\n\n<p>Asimismo, dentro del encuentro se defini\u00f3 el tema oficial del pr\u00f3ximo D\u00eda Mundial de la Acreditaci\u00f3n 2026, que llevar\u00e1 por lema:&nbsp;\u201cInnovation, Trust and Sustainability: The Power of Accreditation\u201d&nbsp;(\u201cInnovaci\u00f3n, confianza y sostenibilidad: el poder de la acreditaci\u00f3n\u201d, en espa\u00f1ol). Este concepto resalta el papel de la acreditaci\u00f3n como motor de confianza, sostenibilidad e innovaci\u00f3n en los sectores productivos y de servicios.<\/p>\n\n\n\n<p>Comunicaciones ODAC <a href=\"mailto:comunicaciones@odac.gob.do\">comunicaciones@odac.gob.do<\/a> <a href=\"mailto:iduarte@odac.gob.do\">iduarte@odac.gob.do<\/a><\/p>\n","protected":false},"excerpt":{"rendered":"<p>El evento reuni\u00f3 a los principales organismos de acreditaci\u00f3n del mundo para fortalecer la confianza global en la calidad y la evaluaci\u00f3n de la conformidad. Santo Domingo, Rep\u00fablica Dominicana.&nbsp;\u2013 El Organismo Dominicano de Acreditaci\u00f3n (ODAC) particip\u00f3 en las Reuniones Anuales Conjuntas de la Cooperaci\u00f3n Internacional de Acreditaci\u00f3n de Laboratorios (ILAC) y el Foro Internacional de [&hellip;]<\/p>\n","protected":false},"author":7,"featured_media":645864,"comment_status":"closed","ping_status":"closed","sticky":false,"template":"","format":"standard","meta":{"footnotes":""},"categories":[36],"tags":[853],"class_list":["post-645847","post","type-post","status-publish","format-standard","has-post-thumbnail","hentry","category-hombresmujeresycosas","tag-odac"],"_links":{"self":[{"href":"https:\/\/diariodominicano.com\/index.php?rest_route=\/wp\/v2\/posts\/645847","targetHints":{"allow":["GET"]}}],"collection":[{"href":"https:\/\/diariodominicano.com\/index.php?rest_route=\/wp\/v2\/posts"}],"about":[{"href":"https:\/\/diariodominicano.com\/index.php?rest_route=\/wp\/v2\/types\/post"}],"author":[{"embeddable":true,"href":"https:\/\/diariodominicano.com\/index.php?rest_route=\/wp\/v2\/users\/7"}],"replies":[{"embeddable":true,"href":"https:\/\/diariodominicano.com\/index.php?rest_route=%2Fwp%2Fv2%2Fcomments&post=645847"}],"version-history":[{"count":1,"href":"https:\/\/diariodominicano.com\/index.php?rest_route=\/wp\/v2\/posts\/645847\/revisions"}],"predecessor-version":[{"id":645863,"href":"https:\/\/diariodominicano.com\/index.php?rest_route=\/wp\/v2\/posts\/645847\/revisions\/645863"}],"wp:featuredmedia":[{"embeddable":true,"href":"https:\/\/diariodominicano.com\/index.php?rest_route=\/wp\/v2\/media\/645864"}],"wp:attachment":[{"href":"https:\/\/diariodominicano.com\/index.php?rest_route=%2Fwp%2Fv2%2Fmedia&parent=645847"}],"wp:term":[{"taxonomy":"category","embeddable":true,"href":"https:\/\/diariodominicano.com\/index.php?rest_route=%2Fwp%2Fv2%2Fcategories&post=645847"},{"taxonomy":"post_tag","embeddable":true,"href":"https:\/\/diariodominicano.com\/index.php?rest_route=%2Fwp%2Fv2%2Ftags&post=645847"}],"curies":[{"name":"wp","href":"https:\/\/api.w.org\/{rel}","templated":true}]}}