{"id":645830,"date":"2025-10-27T17:18:22","date_gmt":"2025-10-27T21:18:22","guid":{"rendered":"https:\/\/diariodominicano.com\/?p=645830"},"modified":"2025-10-27T17:18:25","modified_gmt":"2025-10-27T21:18:25","slug":"senado-aprueba-ley-que-designa-con-los-nombres-profesor-juan-bosch-la-circunvalacion-y-doctor-jose-francisco-pena-gomez-la-avenida-ecologica","status":"publish","type":"post","link":"https:\/\/diariodominicano.com\/?p=645830","title":{"rendered":"Senado aprueba ley que designa con los nombres \u201cProfesor Juan Bosch\u201d la Circunvalaci\u00f3n, y \u201cDoctor Jos\u00e9 Francisco Pe\u00f1a G\u00f3mez\u201d, la avenida Ecol\u00f3gica"},"content":{"rendered":"\n<p>Santo Domingo. &#8211; El Senado de la Rep\u00fablica aprob\u00f3 en dos lecturas consecutivas el Proyecto de Ley que designa con los nombres \u201cProfesor Juan Bosch\u201d, la autopista Circunvalaci\u00f3n de Santo Domingo; y \u201cdoctor Jos\u00e9 Francisco Pe\u00f1a G\u00f3mez\u201d, la avenida Ecol\u00f3gica, ubicadas en la provincia Santo Domingo.<\/p>\n\n\n\n<p>La pieza legislativa es una propuesta presentada por los diputados: Alfredo Pacheco Osoria, Braulio de Jes\u00fas Espinal Tav\u00e1rez, Amado Antonio D\u00edaz Jim\u00e9nez, Eduviges Mar\u00eda Bautista Gomera, Fiordaliza Est\u00e9vez Castillo, Gustavo Antonio S\u00e1nchez Garc\u00eda, Onavel Andr\u00e9s Aristy Cede\u00f1o y Rafael Augusto Castillo Casado.<\/p>\n\n\n\n<p>Esta iniciativa tiene por objeto designar con los nombres \u00abProfesor Juan Bosch\u00bb la autopista Circunvalaci\u00f3n de Santo Domingo, en la provincia Santo Domingo; y \u201cDoctor Jos\u00e9 Francisco Pe\u00f1a G\u00f3mez\u00bb la avenida Ecol\u00f3gica, ubicada en la zona este de la provincia Santo Domingo.<\/p>\n\n\n\n<p>En los trabajos legislativos de este lunes, los senadores aprobaron en primera lectura el Proyecto de Ley que crea la Corte de Apelaci\u00f3n de la provincia Valverde, presentado por los senadores Odalis Rodr\u00edguez y&nbsp;&nbsp; Antonio Marte.<\/p>\n\n\n\n<p>Adem\u00e1s, fue aprobado el Proyecto de Ley que declara la provincia Santo Domingo como \u201cProvincia Ecotur\u00edstica\u201d, iniciativa del senador Antonio Manuel Taveras Guzm\u00e1n.<\/p>\n\n\n\n<p>En \u00fanica lectura se aprob\u00f3 la resoluci\u00f3n que solicita al presidente de la Rep\u00fablica, Luis Abinader, instruir al director del Servicio Nacional de Salud, reconocer la necesidad de gestionar nuevos nombramientos de profesionales de la conducta, a partir de los cientos de casos sobre trastornos mentales, y facilitar el ingreso de aquellos profesionales que deseen brindar sus servicios de manera honorifica o reciban un incentivo m\u00ednimo. Esta iniciativa fue presentada por la senadora L\u00eda Ynocencia D\u00edaz Santana.<\/p>\n\n\n\n<p>En la sesi\u00f3n extraordinaria el Senado aprob\u00f3 en \u00fanica lectura, el Acuerdo entre el gobierno de la Rep\u00fablica Dominicana y el Consejo Federal Suizo, relativo a servicios a\u00e9reos regulares, suscrito en la ciudad de Kuala Lumpur, capital de Malasia, el 21 de octubre de 2024, presentado por el Poder Ejecutivo.<\/p>\n\n\n\n<p>Tambi\u00e9n, ratific\u00f3 el nombramiento diplom\u00e1tico de Manuel Antonio Dur\u00e1n Pilarte, como representante permanente de la Rep\u00fablica Dominicana ante la autoridad internacional de los fondos marinos, con sede en Jamaica, presentado por el Poder Ejecutivo.<\/p>\n\n\n\n<p>Adem\u00e1s, se incluy\u00f3 el Acuerdo de Servicios A\u00e9reos entre el gobierno de la Rep\u00fablica de Seychelles y el gobierno de la Rep\u00fablica Dominicana, del 3 de diciembre de 2019 y el protocolo de enmienda para modificar el Acuerdo de Servicios A\u00e9reos, presentado por el Poder Ejecutivo.<\/p>\n\n\n\n<p>El presidente del Senado, Ricardo de los Santos, convoc\u00f3 a sesi\u00f3n para ma\u00f1ana martes a las 2:00 de la tarde.<\/p>\n\n\n\n<p>Por: Adalgisa S\u00e1nchez<\/p>\n","protected":false},"excerpt":{"rendered":"<p>Santo Domingo. &#8211; El Senado de la Rep\u00fablica aprob\u00f3 en dos lecturas consecutivas el Proyecto de Ley que designa con los nombres \u201cProfesor Juan Bosch\u201d, la autopista Circunvalaci\u00f3n de Santo Domingo; y \u201cdoctor Jos\u00e9 Francisco Pe\u00f1a G\u00f3mez\u201d, la avenida Ecol\u00f3gica, ubicadas en la provincia Santo Domingo. La pieza legislativa es una propuesta presentada por los [&hellip;]<\/p>\n","protected":false},"author":7,"featured_media":641027,"comment_status":"closed","ping_status":"closed","sticky":false,"template":"","format":"standard","meta":{"footnotes":""},"categories":[36],"tags":[2359],"class_list":["post-645830","post","type-post","status-publish","format-standard","has-post-thumbnail","hentry","category-hombresmujeresycosas","tag-senado"],"_links":{"self":[{"href":"https:\/\/diariodominicano.com\/index.php?rest_route=\/wp\/v2\/posts\/645830","targetHints":{"allow":["GET"]}}],"collection":[{"href":"https:\/\/diariodominicano.com\/index.php?rest_route=\/wp\/v2\/posts"}],"about":[{"href":"https:\/\/diariodominicano.com\/index.php?rest_route=\/wp\/v2\/types\/post"}],"author":[{"embeddable":true,"href":"https:\/\/diariodominicano.com\/index.php?rest_route=\/wp\/v2\/users\/7"}],"replies":[{"embeddable":true,"href":"https:\/\/diariodominicano.com\/index.php?rest_route=%2Fwp%2Fv2%2Fcomments&post=645830"}],"version-history":[{"count":1,"href":"https:\/\/diariodominicano.com\/index.php?rest_route=\/wp\/v2\/posts\/645830\/revisions"}],"predecessor-version":[{"id":645845,"href":"https:\/\/diariodominicano.com\/index.php?rest_route=\/wp\/v2\/posts\/645830\/revisions\/645845"}],"wp:featuredmedia":[{"embeddable":true,"href":"https:\/\/diariodominicano.com\/index.php?rest_route=\/wp\/v2\/media\/641027"}],"wp:attachment":[{"href":"https:\/\/diariodominicano.com\/index.php?rest_route=%2Fwp%2Fv2%2Fmedia&parent=645830"}],"wp:term":[{"taxonomy":"category","embeddable":true,"href":"https:\/\/diariodominicano.com\/index.php?rest_route=%2Fwp%2Fv2%2Fcategories&post=645830"},{"taxonomy":"post_tag","embeddable":true,"href":"https:\/\/diariodominicano.com\/index.php?rest_route=%2Fwp%2Fv2%2Ftags&post=645830"}],"curies":[{"name":"wp","href":"https:\/\/api.w.org\/{rel}","templated":true}]}}