{"id":645758,"date":"2025-10-27T04:42:55","date_gmt":"2025-10-27T08:42:55","guid":{"rendered":"https:\/\/diariodominicano.com\/?p=645758"},"modified":"2025-10-27T04:43:01","modified_gmt":"2025-10-27T08:43:01","slug":"abinader-supervisa-niveles-de-presas-de-hatillo-moncion-tavera-y-rincon-ante-el-paso-del-huracan-melissa","status":"publish","type":"post","link":"https:\/\/diariodominicano.com\/?p=645758","title":{"rendered":"Abinader supervisa niveles de presas de Hatillo, Monci\u00f3n, Tavera y Rinc\u00f3n ante el paso del Hurac\u00e1n Melissa"},"content":{"rendered":"\n<h3 class=\"wp-block-heading\">En los pr\u00f3ximos d\u00edas tambi\u00e9n supervisar\u00e1 presas del sur.<\/h3>\n\n\n\n<p>26 de Octubre 2025 | 15:03<\/p>\n\n\n\n<figure class=\"wp-block-image\"><img decoding=\"async\" src=\"https:\/\/www.presidencia.gob.do\/sites\/default\/files\/styles\/large\/public\/news\/2025-10\/1000895091.jpg?itok=KLMWrHku\" alt=\"Presidente \"\/><\/figure>\n\n\n\n<p>Compartir:<\/p>\n\n\n\n<figure class=\"wp-block-image\"><img decoding=\"async\" src=\"https:\/\/platform-cdn.sharethis.com\/img\/facebook.svg\" alt=\"facebook sharing button\"\/><\/figure>\n\n\n\n<figure class=\"wp-block-image\"><img decoding=\"async\" src=\"https:\/\/platform-cdn.sharethis.com\/img\/sharethis.svg\" alt=\"sharethis sharing button\"\/><\/figure>\n\n\n\n<p>Santiago Rodr\u00edguez.-&nbsp;<strong>El presidente Luis Abinader<\/strong>&nbsp;supervis\u00f3 la ma\u00f1ana de este domingo las presas de&nbsp;<strong>Hatillo, Monci\u00f3n, Tavera y Rinc\u00f3n<\/strong>&nbsp;para verificar los&nbsp;<strong>niveles de sus embalses<\/strong>, ante los pron\u00f3sticos de que las&nbsp;<strong>lluvias del hurac\u00e1n<\/strong>&nbsp;Melissa, categor\u00eda cuatro, afectar\u00edan la&nbsp;<strong>regi\u00f3n Norte<\/strong>&nbsp;del pa\u00eds a partir de este&nbsp;<strong>lunes<\/strong>.<\/p>\n\n\n\n<p>Durante el recorrido, el mandatario destac\u00f3 el&nbsp;<strong>manejo<\/strong>&nbsp;dado por las autoridades a las presas durante las lluvias, lo que dijo&nbsp;<strong>evit\u00f3 situaciones que se salieran de control<\/strong>&nbsp;en el sur del pa\u00eds.<\/p>\n\n\n\n<p><em>\u00abVinimos a ver los preparativos, y vemos que lo han hecho bastante bien y han cumplido con el protocolo, por lo que ninguna presa ha tenido mayores dificultades\u00bb,<\/em>&nbsp;manifest\u00f3.<\/p>\n\n\n\n<p>Indic\u00f3 que ni la presa de Tavera ni la de Rinc\u00f3n no han tenido novedades y a\u00f1adi\u00f3 que los&nbsp;<strong>mayores niveles de preocupaci\u00f3n los presenta la presa de Hatillo<\/strong>, la cual pudiera ser necesario vertir si contin\u00faa llen\u00e1ndose. Esto afectar\u00eda el&nbsp;<strong>Bajo Yuna<\/strong>,&nbsp;<em>\u00abpor lo que estamos tomando las medidas de precauci\u00f3n\u00bb.<\/em><\/p>\n\n\n\n<figure class=\"wp-block-image\"><img decoding=\"async\" src=\"https:\/\/www.presidencia.gob.do\/sites\/default\/files\/inline-images\/1000895089.jpg\" alt=\"\"\/><\/figure>\n\n\n\n<p>Insisti\u00f3 que en el Bajo Yuna&nbsp;<strong>se toman las precauciones de lugar en Arenoso, Villa Riva y otras comunidades circundantes.<\/strong><\/p>\n\n\n\n<p><em>\u00abHemos cumplido con el protocolo para con la generaci\u00f3n de electricidad que hemos hecho bajar los niveles de las presas y no tenemos las dificultades que en otros tiempos ten\u00edamos\u00bb<\/em>, resalt\u00f3.<\/p>\n\n\n\n<p>El mandatario precis\u00f3 que&nbsp;<strong>cada presa tiene un protocolo de manejo<\/strong>&nbsp;y que la de&nbsp;<strong>Monci\u00f3n<\/strong>&nbsp;est\u00e1 en la cota 279.18,&nbsp;<strong>casi en su nivel de vertir<\/strong>, lo que no se ha producido porque est\u00e1 en proceso de generaci\u00f3n el\u00e9ctrica y, en relaci\u00f3n a la&nbsp;<strong>presa de San Juan<\/strong>, explic\u00f3 que su vertido baja y su&nbsp;<strong>cuenca est\u00e1 en niveles manejables<\/strong>&nbsp;y, a\u00fan si persisten las lluvias dejadas por Melissa en el suroeste del pa\u00eds,&nbsp;<strong>no hay alarma<\/strong>&nbsp;en ese aspecto.<\/p>\n\n\n\n<p>El presidente Abinader dijo que&nbsp;<strong>la presa de Monte Grande est\u00e1 subiendo y est\u00e1 cumpliendo con su funci\u00f3n<\/strong>, evitando inundaciones que afectan la agricultura y que ponen en peligro la vida de quienes viven en la zona de influencia del Yaque del Sur.<\/p>\n\n\n\n<p>El gobernante anunci\u00f3 que en los pr\u00f3ximos d\u00edas supervisar\u00e1 las presas del sur e insisti\u00f3 en que se toman&nbsp;<strong>todas las previsiones de lugar en las provincias Peravia, San Crist\u00f3bal y San Jos\u00e9 de Ocoa.<\/strong><\/p>\n\n\n\n<p><strong>Situaci\u00f3n de las presas este domingo<\/strong><\/p>\n\n\n\n<p>De acuerdo con el informe del Instituto Dominicano de Recursos Hidr\u00e1ulicos&nbsp;<strong>(Indrhi)<\/strong>, la&nbsp;<strong>presa de Tavera- Bao<\/strong>&nbsp;est\u00e1 en el nivel 321.89 con un&nbsp;<strong>76 % de su volumen<\/strong>, bajo 0.72 metros, para un volumen de 3.76 millones metros c\u00fabicos. Su caudal promedio de entrada \u00faltima 24 horas es 46.14 m3\/s y uno de salida por generaci\u00f3n 61.26 m3\/s.<\/p>\n\n\n\n<p><strong>La presa de Hatillo<\/strong>&nbsp;est\u00e1 en el nivel 84.74, con un&nbsp;<strong>88 % de su volumen<\/strong>.<\/p>\n\n\n\n<p>Subi\u00f3 1.15 metros, para un volumen de 27.16 millones de metros c\u00fabicos. Su caudal promedio de entrada en las \u00faltimas 24 horas es 104.00 m3\/s y el de salida por generaci\u00f3n 14.00 m3\/s.<\/p>\n\n\n\n<p><strong>La presa de Monci\u00f3n<\/strong>&nbsp;tiene un nivel de 279.28 con un&nbsp;<strong>98 % de su volumen<\/strong>. Subi\u00f3 0.41 metros, para un volumen de 4.19 millones de metros c\u00fabicos. El caudal promedio de entrada \u00faltima 24 horas es 35.92 m3\/s y el de salida por generaci\u00f3n de 34.68 m3\/s.<\/p>\n\n\n\n<p><strong>La presa de Valdesia<\/strong>&nbsp;presenta un nivel de &nbsp;148.37, con un&nbsp;<strong>90.05 %<\/strong>&nbsp;de su volumen. Subi\u00f3 2.69 metros, para un volumen de 20.27 millones metros c\u00fabicos y tiene un caudal promedio de entrada \u00faltima 24 horas es 82.10 m3\/s.<\/p>\n\n\n\n<p>El informe del Indrhi establece que&nbsp;<strong>la presa de Jig\u00fcey&nbsp;<\/strong>est\u00e1 en el nivel 520.50, con un<strong>&nbsp;41 %<\/strong>&nbsp;de su volumen.<\/p>\n\n\n\n<p>Subi\u00f3 11.25 metros, para un volumen de 23.08 millones de metros c\u00fabicos y un caudal promedio de entrada \u00faltima 24 horas es 96.24 m3\/s.<\/p>\n\n\n\n<p><strong>La presa de Sabana Yegua<\/strong>&nbsp;est\u00e1 en el nivel 389.48, con un&nbsp;<strong>69 % de su volumen<\/strong>. Subi\u00f3 1.27 metros, para un volumen de 17.10 millones de metros c\u00fabicos y un caudal promedio de entrada \u00faltima 24 horas es 56.16 m3\/s. Est\u00e1 fuera de operaci\u00f3n la central hidroel\u00e9ctrica.<\/p>\n\n\n\n<p>El informe expresa que&nbsp;<strong>la presa de Sabaneta<\/strong>&nbsp;est\u00e1 en el nivel 644.08, &nbsp;con un&nbsp;<strong>100.43 %<\/strong>&nbsp;de su volumen. Baj\u00f3 0.14 metros, para un volumen de 0.40 millones de metros c\u00fabicos. Su caudal promedio de entrada y \u00faltimas 24 horas es 16.05 m3\/s. Se mantiene vertiendo 6.83 m3\/s, para un caudal total de salida 17.05 m3\/s y un caudal de salida por generaci\u00f3n de 10.23 m3\/s<\/p>\n\n\n\n<p><strong>La presa de Rinc\u00f3n<\/strong>&nbsp;est\u00e1 en el nivel 121.53, con un&nbsp;<strong>95.4 %<\/strong>&nbsp;de su volumen. Subi\u00f3 0.78 metros, para un volumen de 4.36 millones de metros c\u00fabicos y un caudal promedio de entrada \u00faltimas 24 horas es 16 79 m3\/s. A las 8:00 de la ma\u00f1ana la operaci\u00f3n de la central hidroel\u00e9ctrica se hac\u00eda con un caudal de salida 10.35 m3\/s.<\/p>\n\n\n\n<p>Durante el recorrido, acompa\u00f1aron al jefe de Estado el ministro de Presidencia,\u00a0<strong>Jos\u00e9 Ignacio Paliza,<\/strong>\u00a0y el director del Indrhi,\u00a0<strong>Olmedo Caba<\/strong>; de Estrategia y Comunicaci\u00f3n (Diecom),\u00a0<strong>F\u00e9lix Reyna<\/strong>; de Prensa del Presidente,\u00a0<strong>Alberto Caminero<\/strong>; el subdirector de Diecom,\u00a0<strong>Abel Guzm\u00e1n Then<\/strong>; el senador por la provincia Santiago Rodr\u00edguez,\u00a0<strong>Antonio Marte<\/strong>; la gobernadora\u00a0<strong>Glehanny Azcona<\/strong>\u00a0y el miembro del Consejo de Administraci\u00f3n de la presa de Monci\u00f3n,\u00a0<strong>Eduardo Peralta.<\/strong><\/p>\n\n\n\n<p>Con informaci\u00f3n de la Presidencia de la Rep\u00fablica.<\/p>\n","protected":false},"excerpt":{"rendered":"<p>En los pr\u00f3ximos d\u00edas tambi\u00e9n supervisar\u00e1 presas del sur. 26 de Octubre 2025 | 15:03 Compartir: Santiago Rodr\u00edguez.-&nbsp;El presidente Luis Abinader&nbsp;supervis\u00f3 la ma\u00f1ana de este domingo las presas de&nbsp;Hatillo, Monci\u00f3n, Tavera y Rinc\u00f3n&nbsp;para verificar los&nbsp;niveles de sus embalses, ante los pron\u00f3sticos de que las&nbsp;lluvias del hurac\u00e1n&nbsp;Melissa, categor\u00eda cuatro, afectar\u00edan la&nbsp;regi\u00f3n Norte&nbsp;del pa\u00eds a partir de [&hellip;]<\/p>\n","protected":false},"author":2,"featured_media":645759,"comment_status":"closed","ping_status":"closed","sticky":false,"template":"","format":"standard","meta":{"footnotes":""},"categories":[20,18],"tags":[],"class_list":["post-645758","post","type-post","status-publish","format-standard","has-post-thumbnail","hentry","category-dominicana-hoy","category-economia"],"_links":{"self":[{"href":"https:\/\/diariodominicano.com\/index.php?rest_route=\/wp\/v2\/posts\/645758","targetHints":{"allow":["GET"]}}],"collection":[{"href":"https:\/\/diariodominicano.com\/index.php?rest_route=\/wp\/v2\/posts"}],"about":[{"href":"https:\/\/diariodominicano.com\/index.php?rest_route=\/wp\/v2\/types\/post"}],"author":[{"embeddable":true,"href":"https:\/\/diariodominicano.com\/index.php?rest_route=\/wp\/v2\/users\/2"}],"replies":[{"embeddable":true,"href":"https:\/\/diariodominicano.com\/index.php?rest_route=%2Fwp%2Fv2%2Fcomments&post=645758"}],"version-history":[{"count":1,"href":"https:\/\/diariodominicano.com\/index.php?rest_route=\/wp\/v2\/posts\/645758\/revisions"}],"predecessor-version":[{"id":645760,"href":"https:\/\/diariodominicano.com\/index.php?rest_route=\/wp\/v2\/posts\/645758\/revisions\/645760"}],"wp:featuredmedia":[{"embeddable":true,"href":"https:\/\/diariodominicano.com\/index.php?rest_route=\/wp\/v2\/media\/645759"}],"wp:attachment":[{"href":"https:\/\/diariodominicano.com\/index.php?rest_route=%2Fwp%2Fv2%2Fmedia&parent=645758"}],"wp:term":[{"taxonomy":"category","embeddable":true,"href":"https:\/\/diariodominicano.com\/index.php?rest_route=%2Fwp%2Fv2%2Fcategories&post=645758"},{"taxonomy":"post_tag","embeddable":true,"href":"https:\/\/diariodominicano.com\/index.php?rest_route=%2Fwp%2Fv2%2Ftags&post=645758"}],"curies":[{"name":"wp","href":"https:\/\/api.w.org\/{rel}","templated":true}]}}