{"id":645698,"date":"2025-10-26T19:10:20","date_gmt":"2025-10-26T23:10:20","guid":{"rendered":"https:\/\/diariodominicano.com\/?p=645698"},"modified":"2025-10-26T19:10:30","modified_gmt":"2025-10-26T23:10:30","slug":"el-coe-mantiene-04-provincias-en-alerta-roja-12-y-al-distrito-nacional-en-amarillo-y-13-en-verde","status":"publish","type":"post","link":"https:\/\/diariodominicano.com\/?p=645698","title":{"rendered":"El COE mantiene 04 provincias en alerta roja, 12 y al Distrito Nacional en amarillo y 13 en verde"},"content":{"rendered":"\n<p>El COE mantiene 04 provincias en alerta roja, 12 y al Distrito Nacional en amarillo y 13 en verde, debido a que que el Hurac\u00e1n Melissa, es ahora un hurac\u00e1n intenso con vientos de 220 km\/h, siendo el cuarto hurac\u00e1n intenso de la presente temporada cicl\u00f3nica; ubicado alrededor de las 5:00 a. m. de hoy domingo cerca de la latitud 16.3 norte y longitud 76.3 oeste, esto es a unos 195 km al sur\/sureste de Kingston, Jamaica y a unos 450 km al sur\/suroeste de Guant\u00e1namo, Cuba y est\u00e1 movi\u00e9ndose hacia el oeste a unos 5 km\/h.<\/p>\n\n\n\n<p>Las provincias en alerta roja&nbsp; son:<\/p>\n\n\n\n<p>Barahona<\/p>\n\n\n\n<p>Pedernales<\/p>\n\n\n\n<p>Independencia<\/p>\n\n\n\n<p>Bahoruco<\/p>\n\n\n\n<p>En alerta amarilla&nbsp; est\u00e1n:<\/p>\n\n\n\n<p>San Jos\u00e9 de Ocoa<\/p>\n\n\n\n<p>Saman\u00e1<\/p>\n\n\n\n<p>Dajab\u00f2n<\/p>\n\n\n\n<p>Az\u00faa<\/p>\n\n\n\n<p>Monte Plata<\/p>\n\n\n\n<p>El\u00edas Pi\u00f1a<\/p>\n\n\n\n<p>Peravia<\/p>\n\n\n\n<p>La Altagracia<\/p>\n\n\n\n<p>San Juan<\/p>\n\n\n\n<p>Monte Cristi<\/p>\n\n\n\n<p>Santo Domingo<\/p>\n\n\n\n<p>San Crist\u00f3bal<\/p>\n\n\n\n<p>Distrito Nacional<\/p>\n\n\n\n<p>En alerta verde&nbsp; est\u00e1n:<\/p>\n\n\n\n<p>Monse\u00f1or Nouel<\/p>\n\n\n\n<p>La Vega<\/p>\n\n\n\n<p>S\u00e1nchez Ram\u00edrez<\/p>\n\n\n\n<p>San Pedro de Macor\u00eds<\/p>\n\n\n\n<p>La Romana<\/p>\n\n\n\n<p>Hato Mayor<\/p>\n\n\n\n<p>Mar\u00eda Trinidad S\u00e1nchez<\/p>\n\n\n\n<p>Santiago<\/p>\n\n\n\n<p>Santiago Rodr\u00edguez<\/p>\n\n\n\n<p>Hermanas Mirabal<\/p>\n\n\n\n<p>Espaillat<\/p>\n\n\n\n<p>El Seibo<\/p>\n\n\n\n<p>Duarte<\/p>\n\n\n\n<p>En ese sentido, se recomienda a las personas abstenerse de cruzar, r\u00edos, arroyos y ca\u00f1adas que presenten altos vol\u00famenes de agua en las provincias bajo alerta.<\/p>\n\n\n\n<p>Asimismo, en la costa Caribe\u00f1a, espec\u00edficamente hacia la porci\u00f3n suroeste desde Cabo Beata (Pedernales) hasta Punta Salinas Bani recomendamos a los operadores de las fr\u00e1giles, peque\u00f1as y medianas embarcaciones permanecer en puerto, debido a viento y olas peligrosas. El resto de la costa caribe\u00f1a puede realizar sus actividades con la debida precauci\u00f3n.<\/p>\n\n\n\n<p>Mientras que, para la costa Atl\u00e1ntica, deben navegar con precauci\u00f3n cerca del per\u00edmetro costero sin aventurarse mar adentro, debido a viento y olas anormales, as\u00ed como visibilidad reducida por fuertes aguaceros y tormentas el\u00e9ctricas.<\/p>\n\n\n\n<p>Del mismo modo, en ambas costas se instruye a los organismos de protecci\u00f3n civil, a tomar todas las medidas preventivas de lugar, a fin de preservar la vida de los usuarios de dicha costa, debido a probables rompientes y corrientes de resaca.<\/p>\n","protected":false},"excerpt":{"rendered":"<p>El COE mantiene 04 provincias en alerta roja, 12 y al Distrito Nacional en amarillo y 13 en verde, debido a que que el Hurac\u00e1n Melissa, es ahora un hurac\u00e1n intenso con vientos de 220 km\/h, siendo el cuarto hurac\u00e1n intenso de la presente temporada cicl\u00f3nica; ubicado alrededor de las 5:00 a. m. de hoy [&hellip;]<\/p>\n","protected":false},"author":7,"featured_media":645700,"comment_status":"closed","ping_status":"closed","sticky":true,"template":"","format":"standard","meta":{"footnotes":""},"categories":[20,27],"tags":[1658],"class_list":["post-645698","post","type-post","status-publish","format-standard","has-post-thumbnail","hentry","category-dominicana-hoy","category-portada","tag-coe"],"_links":{"self":[{"href":"https:\/\/diariodominicano.com\/index.php?rest_route=\/wp\/v2\/posts\/645698","targetHints":{"allow":["GET"]}}],"collection":[{"href":"https:\/\/diariodominicano.com\/index.php?rest_route=\/wp\/v2\/posts"}],"about":[{"href":"https:\/\/diariodominicano.com\/index.php?rest_route=\/wp\/v2\/types\/post"}],"author":[{"embeddable":true,"href":"https:\/\/diariodominicano.com\/index.php?rest_route=\/wp\/v2\/users\/7"}],"replies":[{"embeddable":true,"href":"https:\/\/diariodominicano.com\/index.php?rest_route=%2Fwp%2Fv2%2Fcomments&post=645698"}],"version-history":[{"count":1,"href":"https:\/\/diariodominicano.com\/index.php?rest_route=\/wp\/v2\/posts\/645698\/revisions"}],"predecessor-version":[{"id":645701,"href":"https:\/\/diariodominicano.com\/index.php?rest_route=\/wp\/v2\/posts\/645698\/revisions\/645701"}],"wp:featuredmedia":[{"embeddable":true,"href":"https:\/\/diariodominicano.com\/index.php?rest_route=\/wp\/v2\/media\/645700"}],"wp:attachment":[{"href":"https:\/\/diariodominicano.com\/index.php?rest_route=%2Fwp%2Fv2%2Fmedia&parent=645698"}],"wp:term":[{"taxonomy":"category","embeddable":true,"href":"https:\/\/diariodominicano.com\/index.php?rest_route=%2Fwp%2Fv2%2Fcategories&post=645698"},{"taxonomy":"post_tag","embeddable":true,"href":"https:\/\/diariodominicano.com\/index.php?rest_route=%2Fwp%2Fv2%2Ftags&post=645698"}],"curies":[{"name":"wp","href":"https:\/\/api.w.org\/{rel}","templated":true}]}}