{"id":645622,"date":"2025-10-25T14:25:24","date_gmt":"2025-10-25T18:25:24","guid":{"rendered":"https:\/\/diariodominicano.com\/?p=645622"},"modified":"2025-10-25T14:25:33","modified_gmt":"2025-10-25T18:25:33","slug":"el-coe-coloca-12-provincias-y-al-distrito-nacional-en-alerta-roja","status":"publish","type":"post","link":"https:\/\/diariodominicano.com\/?p=645622","title":{"rendered":"El COE coloca 12 provincias y al Distrito Nacional en alerta roja"},"content":{"rendered":"\n<p>El COE coloc\u00f3 12 provincias y al Distrito Nacional en alerta roja. Tambi\u00e9n coloc\u00f3\u2002otras 10 provincias en alerta en amarilla y aument\u00f3  a 6 el n\u00famero de las que est\u00e1n en alerta  verde, debido a que la  tormenta tropical Melissa, No. 13 de esta Temporada Cicl\u00f3nica 2025, alrededor de las 5:00 a. m., fue localizada aproximadamente a unos 385 kil\u00f3metros al suroeste de Puerto Pr\u00edncipe (Hait\u00ed) y a 270 km al sureste de Kingston (Jamaica) movi\u00e9ndose hacia el noroeste a 6 km\/h.<\/p>\n\n\n\n<p>Las provincias en alerta roja&nbsp;<img decoding=\"async\" alt=\"\ud83d\udd34\" src=\"https:\/\/fonts.gstatic.com\/s\/e\/notoemoji\/16.0\/1f534\/32.png\">son:<\/p>\n\n\n\n<p>Barahona<br>San Crist\u00f3bal<br>Santo Domingo<br>Distrito Nacional<br>San Jos\u00e9 de Ocoa<br>San Pedro de Macor\u00eds<br>Independencia<br>San Juan<br>Az\u00faa<br>Peravia<br>Pedernales<br>La Romana<br>Monte Plata<\/p>\n\n\n\n<p>En alerta amarilla&nbsp;<img decoding=\"async\" alt=\"\ud83d\udfe1\" src=\"https:\/\/fonts.gstatic.com\/s\/e\/notoemoji\/16.0\/1f7e1\/32.png\">est\u00e1n:<\/p>\n\n\n\n<p>La Vega<br>Saman\u00e1<br>Hato Mayor<br>El Seibo<br>Bahoruco<br>Monse\u00f1or Nouel<br>S\u00e1nchez Ram\u00edrez<br>Monte Cristi<br>El\u00edas Pi\u00f1a<br>La Altagracia<\/p>\n\n\n\n<p>En alerta verde&nbsp;<img decoding=\"async\" alt=\"\ud83d\udfe2\" src=\"https:\/\/fonts.gstatic.com\/s\/e\/notoemoji\/16.0\/1f7e2\/32.png\">est\u00e1n:<\/p>\n\n\n\n<p>Mar\u00eda Trinidad S\u00e1nchez<br>Santiago<br>Duarte<br>Hermanas Mirabal<br>Espaillat<br>Dajab\u00f3n<\/p>\n\n\n\n<p>El COE recomienda a las personas abstenerse de cruzar, r\u00edos, arroyos y ca\u00f1adas que presenten altos vol\u00famenes de agua en las provincias bajo alerta.<\/p>\n\n\n\n<p>Del mismo modo, en la Costa caribe\u00f1a, se recomienda a los operadores de fr\u00e1giles, peque\u00f1as y medianas embarcaciones permanecer en puerto debido a viento y olas anormales, as\u00ed como fuertes aguaceros, tormentas el\u00e9ctricas y visibilidad reducida.<\/p>\n\n\n\n<p>Mientras que en la costa Atl\u00e1ntica pueden navegar con precauci\u00f3n cerca de par\u00e1metro costero sin salir mar adentro.<\/p>\n\n\n\n<p>Se instruye a los organismos de protecci\u00f3n civil en las zonas costeras a tomar todas las medidas preventivas de lugar, a fin de preservar la vida de los usuarios de las costas, debido a probables rompientes y corrientes de resaca.<\/p>\n\n\n\n<p><strong>Jos\u00e9 Luis&nbsp;Germ\u00e1n&nbsp;<\/strong>| Sub-director | Comunicaciones e&nbsp;Informaci\u00f3n&nbsp;Digital|Divisi\u00f3n&nbsp;de&nbsp;Planificaci\u00f3n&nbsp;Operativa|&nbsp;<\/p>\n\n\n\n<p><strong><a href=\"http:\/\/www.coe.gob.do\/\" target=\"_blank\" rel=\"noreferrer noopener\">Centro de Operaciones de Emergencias<\/a><\/strong>| Plaza de La Salud<\/p>\n\n\n\n<p><strong><em>DEPARTAMENTO DE GESTI\u00d3N&nbsp;DE&nbsp;INFORMACI\u00d3N&nbsp;<\/em><\/strong><\/p>\n","protected":false},"excerpt":{"rendered":"<p>El COE coloc\u00f3 12 provincias y al Distrito Nacional en alerta roja. Tambi\u00e9n coloc\u00f3\u2002otras 10 provincias en alerta en amarilla y aument\u00f3 a 6 el n\u00famero de las que est\u00e1n en alerta verde, debido a que la tormenta tropical Melissa, No. 13 de esta Temporada Cicl\u00f3nica 2025, alrededor de las 5:00 a. m., fue localizada [&hellip;]<\/p>\n","protected":false},"author":2,"featured_media":645623,"comment_status":"closed","ping_status":"closed","sticky":false,"template":"","format":"standard","meta":{"footnotes":""},"categories":[20,27],"tags":[],"class_list":["post-645622","post","type-post","status-publish","format-standard","has-post-thumbnail","hentry","category-dominicana-hoy","category-portada"],"_links":{"self":[{"href":"https:\/\/diariodominicano.com\/index.php?rest_route=\/wp\/v2\/posts\/645622","targetHints":{"allow":["GET"]}}],"collection":[{"href":"https:\/\/diariodominicano.com\/index.php?rest_route=\/wp\/v2\/posts"}],"about":[{"href":"https:\/\/diariodominicano.com\/index.php?rest_route=\/wp\/v2\/types\/post"}],"author":[{"embeddable":true,"href":"https:\/\/diariodominicano.com\/index.php?rest_route=\/wp\/v2\/users\/2"}],"replies":[{"embeddable":true,"href":"https:\/\/diariodominicano.com\/index.php?rest_route=%2Fwp%2Fv2%2Fcomments&post=645622"}],"version-history":[{"count":1,"href":"https:\/\/diariodominicano.com\/index.php?rest_route=\/wp\/v2\/posts\/645622\/revisions"}],"predecessor-version":[{"id":645624,"href":"https:\/\/diariodominicano.com\/index.php?rest_route=\/wp\/v2\/posts\/645622\/revisions\/645624"}],"wp:featuredmedia":[{"embeddable":true,"href":"https:\/\/diariodominicano.com\/index.php?rest_route=\/wp\/v2\/media\/645623"}],"wp:attachment":[{"href":"https:\/\/diariodominicano.com\/index.php?rest_route=%2Fwp%2Fv2%2Fmedia&parent=645622"}],"wp:term":[{"taxonomy":"category","embeddable":true,"href":"https:\/\/diariodominicano.com\/index.php?rest_route=%2Fwp%2Fv2%2Fcategories&post=645622"},{"taxonomy":"post_tag","embeddable":true,"href":"https:\/\/diariodominicano.com\/index.php?rest_route=%2Fwp%2Fv2%2Ftags&post=645622"}],"curies":[{"name":"wp","href":"https:\/\/api.w.org\/{rel}","templated":true}]}}