{"id":645569,"date":"2025-10-25T02:19:37","date_gmt":"2025-10-25T06:19:37","guid":{"rendered":"https:\/\/diariodominicano.com\/?p=645569"},"modified":"2025-10-30T00:41:10","modified_gmt":"2025-10-30T04:41:10","slug":"presidente-abinader-supervisa-los-alimentos-que-entregan-a-las-poblaciones-en-alerta-roja-ante-el-paso-de-la-tormenta-melissa","status":"publish","type":"post","link":"https:\/\/diariodominicano.com\/?p=645569","title":{"rendered":"Presidente Abinader supervisa los alimentos que entregan a las poblaciones en alerta roja ante el paso de la tormenta Melissa"},"content":{"rendered":"\n<h3 class=\"wp-block-heading\">El presidente anunci\u00f3 que en las poblaciones incomunicadas se entregar\u00e1n alimentos mediante drones.<\/h3>\n\n\n\n<p>24 de Octubre 2025 |<\/p>\n\n\n\n<p>Santo Domingo, RD.-&nbsp;<strong>El presidente Luis Abinader<\/strong>&nbsp;supervis\u00f3 este viernes las&nbsp;<strong>miles de raciones de alimentos crudos<\/strong>&nbsp;que se empacan en la Direcci\u00f3n de Asistencia Social y Alimentaci\u00f3n Comunitaria&nbsp;<strong>(Dasac)<\/strong>, antiguo Plan Social, y que se continuar\u00e1n entregando en las&nbsp;<strong>provincias y comunidades afectadas<\/strong>&nbsp;por el paso de la tormenta tropical&nbsp;<strong>Melissa<\/strong>.<\/p>\n\n\n\n<figure class=\"wp-block-image\"><img decoding=\"async\" src=\"https:\/\/diariodominicano.com\/wp-content\/uploads\/2025\/10\/Abinader-221000888664-1024x576.jpg\" alt=\"\"\/><\/figure>\n\n\n\n<p>Se inform\u00f3 que tambi\u00e9n&nbsp;<strong>se utilizar\u00e1n drones<\/strong>&nbsp;para hacer llegar kits de alimentos a&nbsp;<strong>zonas que est\u00e1n incomunicadas<\/strong>&nbsp;por derrumbes de puentes o inundaciones de r\u00edos.<\/p>\n\n\n\n<p>Durante su visita, el mandatario constat\u00f3 el proceso de selecci\u00f3n y empaque de productos b\u00e1sicos como&nbsp;<strong>arroz, sal, aceite, az\u00facar, leche, habichuelas, sardinas, coditos, avena y caf\u00e9<\/strong>, que ser\u00e1n distribuidos a las familias damnificadas.<\/p>\n\n\n\n<figure class=\"wp-block-image\"><img decoding=\"async\" src=\"https:\/\/www.presidencia.gob.do\/sites\/default\/files\/inline-images\/1000888659.jpg\" alt=\"\"\/><\/figure>\n\n\n\n<p>Asimismo, se les har\u00e1 llegar alimentos cocidos a trav\u00e9s de los&nbsp;<strong>Comedores Econ\u00f3micos y sus cocinas m\u00f3viles.<\/strong><\/p>\n\n\n\n<p>Adem\u00e1s de los alimentos, el presidente Abinader observ\u00f3 la preparaci\u00f3n de otros&nbsp;<strong>art\u00edculos de asistencia<\/strong>, como frazadas, mosquiteros y enseres del hogar, que ser\u00e1n entregados a las personas afectadas para ayudarles a superar esta&nbsp;<strong>dif\u00edcil situaci\u00f3n<\/strong>&nbsp;causada por el paso del fen\u00f3meno atmosf\u00e9rico.<\/p>\n\n\n\n<p>El mandatario realiz\u00f3 un&nbsp;<strong>amplio recorrido por los almacenes&nbsp;<\/strong>de las instalaciones del Dasac, lo que le permiti\u00f3 comprobar el proceso de&nbsp;<strong>empaque de los alimentos<\/strong>, as\u00ed como el trabajo que realizan cientos de hombres y mujeres en esa instituci\u00f3n ante el paso de la tormenta tropical Melissa.<\/p>\n\n\n\n<p>La visita del presidente Abinader a las instalaciones de la Dasac, antiguo Plan Social de la Presidencia, demuestra su&nbsp;<strong>compromiso con la atenci\u00f3n a las necesidades&nbsp;<\/strong>de la poblaci\u00f3n afectada por la tormenta y su inter\u00e9s en garantizar que la&nbsp;<strong>ayuda llegue de manera efectiva<\/strong>&nbsp;<strong>y eficiente<\/strong>&nbsp;a quienes m\u00e1s la necesitan.<\/p>\n\n\n\n<p>Durante el recorrido, el jefe de Estado estuvo acompa\u00f1ado del director del Dasac,&nbsp;<strong>Edgar Augusto F\u00e9lix M\u00e9ndez<\/strong>; el alcalde de Santo Domingo Este,&nbsp;<strong>D\u00edo Astacio<\/strong>, y el coordinador del Gabinete de Pol\u00edticas Sociales,&nbsp;<strong>Tony Pe\u00f1a Guaba.<\/strong><\/p>\n\n\n\n<p><strong>Niveles de alerta<\/strong><\/p>\n\n\n\n<p>El Centro de Operaciones de Emergencias (COE) mantiene en&nbsp;<strong>alerta roja<\/strong>&nbsp;al Distrito Nacional y las provincias de Santo Domingo, Monte Plata, San Pedro de Macor\u00eds, La Romana, Barahona, San Crist\u00f3bal, San Jos\u00e9 de Ocoa, San Juan, Azua, Peravia y Pedernales.<\/p>\n\n\n\n<p>La&nbsp;<strong>alerta amarilla<\/strong>&nbsp;contin\u00faa para Hato Mayor, El Seibo, Saman\u00e1, La Altagracia, Monse\u00f1or Nouel, S\u00e1nchez Ram\u00edrez, La Vega, El\u00edas Pi\u00f1a, Independencia, Bahoruco y Monte Cristi.<\/p>\n\n\n\n<p>En&nbsp;<strong>alerta verde<\/strong>&nbsp;est\u00e1n Mar\u00eda Trinidad S\u00e1nchez, Santiago y Duarte.<\/p>\n\n\n\n<p>Con informaci\u00f3n de la Presidencia de la Rep\u00fablica Dominicana.<\/p>\n","protected":false},"excerpt":{"rendered":"<p>El presidente anunci\u00f3 que en las poblaciones incomunicadas se entregar\u00e1n alimentos mediante drones. 24 de Octubre 2025 | Santo Domingo, RD.-&nbsp;El presidente Luis Abinader&nbsp;supervis\u00f3 este viernes las&nbsp;miles de raciones de alimentos crudos&nbsp;que se empacan en la Direcci\u00f3n de Asistencia Social y Alimentaci\u00f3n Comunitaria&nbsp;(Dasac), antiguo Plan Social, y que se continuar\u00e1n entregando en las&nbsp;provincias y comunidades [&hellip;]<\/p>\n","protected":false},"author":2,"featured_media":645576,"comment_status":"closed","ping_status":"closed","sticky":false,"template":"","format":"standard","meta":{"footnotes":""},"categories":[20,27],"tags":[3327,1854],"class_list":["post-645569","post","type-post","status-publish","format-standard","has-post-thumbnail","hentry","category-dominicana-hoy","category-portada","tag-direccion-de-asistencia-social-y-alimentacion-comunitaria-dasac","tag-presidente-abinader"],"_links":{"self":[{"href":"https:\/\/diariodominicano.com\/index.php?rest_route=\/wp\/v2\/posts\/645569","targetHints":{"allow":["GET"]}}],"collection":[{"href":"https:\/\/diariodominicano.com\/index.php?rest_route=\/wp\/v2\/posts"}],"about":[{"href":"https:\/\/diariodominicano.com\/index.php?rest_route=\/wp\/v2\/types\/post"}],"author":[{"embeddable":true,"href":"https:\/\/diariodominicano.com\/index.php?rest_route=\/wp\/v2\/users\/2"}],"replies":[{"embeddable":true,"href":"https:\/\/diariodominicano.com\/index.php?rest_route=%2Fwp%2Fv2%2Fcomments&post=645569"}],"version-history":[{"count":2,"href":"https:\/\/diariodominicano.com\/index.php?rest_route=\/wp\/v2\/posts\/645569\/revisions"}],"predecessor-version":[{"id":645578,"href":"https:\/\/diariodominicano.com\/index.php?rest_route=\/wp\/v2\/posts\/645569\/revisions\/645578"}],"wp:featuredmedia":[{"embeddable":true,"href":"https:\/\/diariodominicano.com\/index.php?rest_route=\/wp\/v2\/media\/645576"}],"wp:attachment":[{"href":"https:\/\/diariodominicano.com\/index.php?rest_route=%2Fwp%2Fv2%2Fmedia&parent=645569"}],"wp:term":[{"taxonomy":"category","embeddable":true,"href":"https:\/\/diariodominicano.com\/index.php?rest_route=%2Fwp%2Fv2%2Fcategories&post=645569"},{"taxonomy":"post_tag","embeddable":true,"href":"https:\/\/diariodominicano.com\/index.php?rest_route=%2Fwp%2Fv2%2Ftags&post=645569"}],"curies":[{"name":"wp","href":"https:\/\/api.w.org\/{rel}","templated":true}]}}