{"id":645565,"date":"2025-10-25T02:08:33","date_gmt":"2025-10-25T06:08:33","guid":{"rendered":"https:\/\/diariodominicano.com\/?p=645565"},"modified":"2025-10-25T02:22:07","modified_gmt":"2025-10-25T06:22:07","slug":"presidente-abinader-mantiene-para-este-sabado-suspension-de-labores-en-provincias-en-alerta-roja","status":"publish","type":"post","link":"https:\/\/diariodominicano.com\/?p=645565","title":{"rendered":"Mandatario mantiene para este s\u00e1bado suspensi\u00f3n de labores en provincias en alerta roja"},"content":{"rendered":"\n<p>Las medidas preventivas ser\u00e1n revisadas a las 9 a. m. de este  s\u00e1bado en reuni\u00f3n de seguimiento desde el COE.<\/p>\n\n\n\n<h3 class=\"wp-block-heading\">Doce provincias contin\u00faan en alerta roja: Santo Domingo, Distrito Nacional, Monte Plata, San Pedro de Macor\u00eds, La Romana, Barahona, San Crist\u00f3bal, San Jos\u00e9 de Ocoa, San Juan, Azua, Peravia y Pedernales.<\/h3>\n\n\n\n<p>24 de Octubre 2025 |<\/p>\n\n\n\n<figure class=\"wp-block-image\"><img decoding=\"async\" src=\"https:\/\/platform-cdn.sharethis.com\/img\/facebook.svg\" alt=\"facebook sharing button\"\/><\/figure>\n\n\n\n<p>Santo Domingo, RD.\u2013\u00a0<strong>El presidente Luis Abinader<\/strong>\u00a0orden\u00f3 mantener un\u00a0<strong>cierre de labores<\/strong>\u00a0para este s\u00e1bado en las\u00a0<strong>12 provincias\u00a0<\/strong>que se mantienen en\u00a0<strong>alerta roja<\/strong>\u00a0ante el paso de la tormenta\u00a0<strong>Melissa<\/strong>, que contin\u00faa avanzando a s\u00f3lo 4 kil\u00f3metros por hora y podr\u00eda convertirse en\u00a0<strong>hurac\u00e1n<\/strong>\u00a0en los pr\u00f3ximos d\u00edas.<\/p>\n\n\n\n<p>Las&nbsp;<strong>medidas preventivas<\/strong>&nbsp;que ha implementado el Gobierno, con el objetivo de preservar vidas y mantener la seguridad de la poblaci\u00f3n, ser\u00e1n&nbsp;<strong>revisadas a las 9 de la ma\u00f1ana de este s\u00e1bado<\/strong>&nbsp;en reuni\u00f3n de&nbsp;<strong>seguimiento desde el COE<\/strong>, que encabezar\u00e1 su director, general retirado&nbsp;<strong>Juan Manuel M\u00e9ndez<\/strong>, y de ser necesario, se emitir\u00edan o disminuir\u00edan los niveles de alerta.<\/p>\n\n\n\n<p><em>\u201cEstamos ante una de las tormentas, seg\u00fan los expertos y analistas, m\u00e1s err\u00e1ticas y que por m\u00e1s tiempo est\u00e1 afectando al territorio nacional\u201d<\/em>, reiter\u00f3 el presidente Abinader. &nbsp;<\/p>\n\n\n\n<figure class=\"wp-block-image\"><img decoding=\"async\" src=\"https:\/\/www.presidencia.gob.do\/sites\/default\/files\/inline-images\/1000888483.jpg\" alt=\"\"\/><\/figure>\n\n\n\n<p><em>\u201cEn una gran parte del territorio nacional contin\u00faa lloviendo\u201d<\/em>, agreg\u00f3 el mandatario, al tiempo de recordar que&nbsp;<strong>el Gobierno y todas sus instituciones<\/strong>&nbsp;est\u00e1n trabajando para proteger las&nbsp;<strong>vidas humanas<\/strong>&nbsp;y las&nbsp;<strong>propiedades<\/strong>, adem\u00e1s de llevar protecci\u00f3n a&nbsp;<strong>zonas de peligro<\/strong>, para poder regresar a la normalidad en el menor tiempo posible.<\/p>\n\n\n\n<p>Hasta el momento se proyecta que las<strong>&nbsp;lluvias contin\u00faen este s\u00e1bado en el Gran Santo Domingo<\/strong>&nbsp;se dirigir\u00edan hacia el sur\/suroeste en los pr\u00f3ximos d\u00edas, pudiendo extenderse&nbsp;<strong>hasta principios de la pr\u00f3xima semana.<\/strong><\/p>\n\n\n\n<p>Ante las constantes precipitaciones, el Gobierno el llamado a la poblaci\u00f3n a&nbsp;<strong>seguir las actualizaciones meteorol\u00f3gicas<\/strong>&nbsp;a trav\u00e9s de los medios de comunicaci\u00f3n y a acatar las&nbsp;<strong>instrucciones de las autoridades<\/strong>, que contin\u00faan en sesi\u00f3n permanente para monitorear la&nbsp;<strong>evoluci\u00f3n de la tormenta.<\/strong><\/p>\n\n\n\n<p><strong>Trayectoria<\/strong><\/p>\n\n\n\n<p>La directora del Instituto Dominicano de Meteorolog\u00eda&nbsp;<strong>(Indomet), Gloria Ceballos,<\/strong>&nbsp;reafirm\u00f3 que la tormenta se est\u00e1 desplazando hacia el norte y se proyecta que realice un&nbsp;<strong>giro hacia el oeste acerc\u00e1ndose m\u00e1s a la pen\u00ednsula de Hait\u00ed<\/strong>, por lo que su campo nuboso podr\u00eda acercarse m\u00e1s al litoral sur del pa\u00eds.<\/p>\n\n\n\n<p><strong>Asistencia social<\/strong><\/p>\n\n\n\n<p>Los organismos p\u00fablicos que brindan asistencia social est\u00e1n haciendo las&nbsp;<strong>previsiones de lugar<\/strong>&nbsp;para llevar ayuda a las&nbsp;<strong>familias afectadas<\/strong>&nbsp;por el paso de la tormenta, ya sea con&nbsp;<strong>alimentos, enseres del hogar o reparaci\u00f3n de viviendas.<\/strong><\/p>\n\n\n\n<p>De igual forma, la ayuda llegar\u00e1 al&nbsp;<strong>sector agr\u00edcola, infraestructuras viales e h\u00eddricas,&nbsp;<\/strong>as\u00ed como todas aquellas que sufran alg\u00fan da\u00f1o como producto de este fen\u00f3meno natural.<\/p>\n\n\n\n<p><strong>Servicios esenciales y entidades bancarias<\/strong><\/p>\n\n\n\n<p><strong>Los servicios esenciales<\/strong>, como farmacias, supermercados, venta de combustibles y transporte,&nbsp;<strong>continuar\u00e1n operando<\/strong>&nbsp;para garantizar el acceso a alimentos perecederos, medicamentos y otros recursos vitales. Estas medidas buscan mantener la&nbsp;<strong>funcionalidad b\u00e1sica del pa\u00eds<\/strong>&nbsp;mientras se enfrenta la emergencia clim\u00e1tica. Asimismo, desde este jueves se anunci\u00f3 la apertura de entidades bancarias.<\/p>\n\n\n\n<p><strong>Niveles de alerta<\/strong><\/p>\n\n\n\n<figure class=\"wp-block-image\"><img decoding=\"async\" src=\"https:\/\/www.presidencia.gob.do\/sites\/default\/files\/inline-images\/1000888482_1.jpg\" alt=\"\"\/><\/figure>\n\n\n\n<p>El Centro de Operaciones de Emergencias (COE) mantiene la&nbsp;<strong>alerta roja<\/strong>&nbsp;al Distrito Nacional y las provincias de Santo Domingo, Monte Plata, San Pedro de Macor\u00eds, La Romana, Barahona, San Crist\u00f3bal, San Jos\u00e9 de Ocoa, San Juan, Azua, Peravia y Pedernales.<\/p>\n\n\n\n<p>La&nbsp;<strong>alerta amarilla<\/strong>&nbsp;contin\u00faa para Hato Mayor, El Seibo, Saman\u00e1, La Altagracia, Monse\u00f1or Nouel, S\u00e1nchez Ram\u00edrez, La Vega, El\u00edas Pi\u00f1a, Independencia, Bahoruco y Montecristi.<\/p>\n\n\n\n<p>En&nbsp;<strong>alerta verde<\/strong>, Mar\u00eda Trinidad S\u00e1nchez, Santiago y Duarte.<\/p>\n\n\n\n<p><strong>L\u00edneas de emergencia<\/strong><\/p>\n\n\n\n<p>Para emergencias, est\u00e1n disponibles las l\u00edneas del 911 y del COE al&nbsp;<a href=\"tel:809-472-0909\">809-472-0909<\/a>.<\/p>\n\n\n\n<p>Con informaci\u00f3n de la Direcci\u00f3n de Comunicaciones de la Presidencia de la Rep\u00fablica.<\/p>\n\n\n\n<p>#COE\u2003\u2003\u2003\u2003\u2003\u2003\u2003\u2003#Abinader<\/p>\n","protected":false},"excerpt":{"rendered":"<p>Las medidas preventivas ser\u00e1n revisadas a las 9 a. m. de este s\u00e1bado en reuni\u00f3n de seguimiento desde el COE. Doce provincias contin\u00faan en alerta roja: Santo Domingo, Distrito Nacional, Monte Plata, San Pedro de Macor\u00eds, La Romana, Barahona, San Crist\u00f3bal, San Jos\u00e9 de Ocoa, San Juan, Azua, Peravia y Pedernales. 24 de Octubre 2025 [&hellip;]<\/p>\n","protected":false},"author":2,"featured_media":645566,"comment_status":"closed","ping_status":"closed","sticky":false,"template":"","format":"standard","meta":{"footnotes":""},"categories":[20,27],"tags":[],"class_list":["post-645565","post","type-post","status-publish","format-standard","has-post-thumbnail","hentry","category-dominicana-hoy","category-portada"],"_links":{"self":[{"href":"https:\/\/diariodominicano.com\/index.php?rest_route=\/wp\/v2\/posts\/645565","targetHints":{"allow":["GET"]}}],"collection":[{"href":"https:\/\/diariodominicano.com\/index.php?rest_route=\/wp\/v2\/posts"}],"about":[{"href":"https:\/\/diariodominicano.com\/index.php?rest_route=\/wp\/v2\/types\/post"}],"author":[{"embeddable":true,"href":"https:\/\/diariodominicano.com\/index.php?rest_route=\/wp\/v2\/users\/2"}],"replies":[{"embeddable":true,"href":"https:\/\/diariodominicano.com\/index.php?rest_route=%2Fwp%2Fv2%2Fcomments&post=645565"}],"version-history":[{"count":3,"href":"https:\/\/diariodominicano.com\/index.php?rest_route=\/wp\/v2\/posts\/645565\/revisions"}],"predecessor-version":[{"id":645572,"href":"https:\/\/diariodominicano.com\/index.php?rest_route=\/wp\/v2\/posts\/645565\/revisions\/645572"}],"wp:featuredmedia":[{"embeddable":true,"href":"https:\/\/diariodominicano.com\/index.php?rest_route=\/wp\/v2\/media\/645566"}],"wp:attachment":[{"href":"https:\/\/diariodominicano.com\/index.php?rest_route=%2Fwp%2Fv2%2Fmedia&parent=645565"}],"wp:term":[{"taxonomy":"category","embeddable":true,"href":"https:\/\/diariodominicano.com\/index.php?rest_route=%2Fwp%2Fv2%2Fcategories&post=645565"},{"taxonomy":"post_tag","embeddable":true,"href":"https:\/\/diariodominicano.com\/index.php?rest_route=%2Fwp%2Fv2%2Ftags&post=645565"}],"curies":[{"name":"wp","href":"https:\/\/api.w.org\/{rel}","templated":true}]}}