{"id":645526,"date":"2025-10-25T00:10:21","date_gmt":"2025-10-25T04:10:21","guid":{"rendered":"https:\/\/diariodominicano.com\/?p=645526"},"modified":"2025-10-25T00:12:52","modified_gmt":"2025-10-25T04:12:52","slug":"el-coe-mantiene-11-provincias-y-el-distrito-nacional-en-alerta-roja-11-en-amarilla-y-3-en-alerta-verde","status":"publish","type":"post","link":"https:\/\/diariodominicano.com\/?p=645526","title":{"rendered":"El COE mantiene 11 provincias y el Distrito Nacional en alerta roja, 11 en amarilla y 3 en alerta verde"},"content":{"rendered":"\n<p>Diario Dominicano<\/p>\n\n\n\n<p>El COE inform\u00f3\u2002el viernes que mantiene 11 provincias y al Distrito Nacional en alerta roja, 11 en amarilla y 3 en alerta verde, debido a que la tormenta tropical Melissa No. 13 de esta Temporada Cicl\u00f3nica 2025, fue localizada aproximadamente a unos 360 kil\u00f3metros al suroeste de Puerto Pr\u00edncipe (Hait\u00ed) y a 345 km al sureste de Kingston (Jamaica) movi\u00e9ndose hacia el norte a 4 km\/h.<\/p>\n\n\n\n<p>Posee vientos m\u00e1ximos sostenidos de unos 100 km\/h con r\u00e1fagas superiores y se pronostica un fortalecimiento en los pr\u00f3ximos d\u00edas.<\/p>\n\n\n\n<p>Las provincias en alerta roja&nbsp;<img decoding=\"async\" alt=\"\ud83d\udd34\" src=\"https:\/\/fonts.gstatic.com\/s\/e\/notoemoji\/16.0\/1f534\/32.png\">son:<\/p>\n\n\n\n<p>Barahona<br>San Crist\u00f3bal<br>Santo Domingo<br>Distrito Nacional<br>San Jos\u00e9 de Ocoa<br>San Pedro de Macor\u00eds<br>San Juan<br>Az\u00faa<br>Peravia<br>Pedernales<br>La Romana<br>Monte Plata<\/p>\n\n\n\n<p>En alerta amarilla&nbsp;<img decoding=\"async\" alt=\"\ud83d\udfe1\" src=\"https:\/\/fonts.gstatic.com\/s\/e\/notoemoji\/16.0\/1f7e1\/32.png\">est\u00e1n:<\/p>\n\n\n\n<p>La Vega<br>Saman\u00e1<br>Hato Mayor<br>El Seibo<br>Bahoruco<br>Monse\u00f1or Nouel<br>S\u00e1nchez Ram\u00edrez<br>Monte Cristi<br>El\u00edas Pi\u00f1a<br>Independencia<br>La Altagracia<\/p>\n\n\n\n<p>En alerta verde&nbsp;<img decoding=\"async\" alt=\"\ud83d\udfe2\" src=\"https:\/\/fonts.gstatic.com\/s\/e\/notoemoji\/16.0\/1f7e2\/32.png\">est\u00e1n:<\/p>\n\n\n\n<p>Mar\u00eda Trinidad S\u00e1nchez<br>Santiago<br>Duarte<\/p>\n\n\n\n<p>En ese sentido, se recomienda a las personas abstenerse de cruzar, r\u00edos, arroyos y ca\u00f1adas que presenten altos vol\u00famenes de agua en las provincias bajo alerta.<\/p>\n\n\n\n<p>Del mismo modo, en la Costa caribe\u00f1a, se recomienda a los operadores de fr\u00e1giles, peque\u00f1as y medianas embarcaciones permanecer en puerto debido a viento y olas anormales, as\u00ed como fuertes aguaceros, tormentas el\u00e9ctricas y visibilidad reducida.<\/p>\n\n\n\n<p>Mientras que en la costa Atl\u00e1ntica pueden navegar con precauci\u00f3n cerca de par\u00e1metro costero sin salir mar adentro.&#8211;<\/p>\n\n\n\n<p><strong>Jos\u00e9 Luis&nbsp;Germ\u00e1n&nbsp;<\/strong>| Sub-director | Comunicaciones e&nbsp;Informaci\u00f3n&nbsp;Digital|Divisi\u00f3n&nbsp;de&nbsp;Planificaci\u00f3n&nbsp;Operativa|&nbsp;<\/p>\n\n\n\n<p><strong><a href=\"http:\/\/www.coe.gob.do\/\" target=\"_blank\" rel=\"noreferrer noopener\">Centro de Operaciones de Emergencias<\/a><\/strong>| Plaza de La Salud,<\/p>\n\n\n\n<p><strong><em>DEPARTAMENTO DE GESTI\u00d3N&nbsp;DE&nbsp;INFORMACI\u00d3N&nbsp;<\/em><\/strong><\/p>\n","protected":false},"excerpt":{"rendered":"<p>Diario Dominicano El COE inform\u00f3\u2002el viernes que mantiene 11 provincias y al Distrito Nacional en alerta roja, 11 en amarilla y 3 en alerta verde, debido a que la tormenta tropical Melissa No. 13 de esta Temporada Cicl\u00f3nica 2025, fue localizada aproximadamente a unos 360 kil\u00f3metros al suroeste de Puerto Pr\u00edncipe (Hait\u00ed) y a 345 [&hellip;]<\/p>\n","protected":false},"author":2,"featured_media":645527,"comment_status":"closed","ping_status":"closed","sticky":false,"template":"","format":"standard","meta":{"footnotes":""},"categories":[20,27],"tags":[],"class_list":["post-645526","post","type-post","status-publish","format-standard","has-post-thumbnail","hentry","category-dominicana-hoy","category-portada"],"_links":{"self":[{"href":"https:\/\/diariodominicano.com\/index.php?rest_route=\/wp\/v2\/posts\/645526","targetHints":{"allow":["GET"]}}],"collection":[{"href":"https:\/\/diariodominicano.com\/index.php?rest_route=\/wp\/v2\/posts"}],"about":[{"href":"https:\/\/diariodominicano.com\/index.php?rest_route=\/wp\/v2\/types\/post"}],"author":[{"embeddable":true,"href":"https:\/\/diariodominicano.com\/index.php?rest_route=\/wp\/v2\/users\/2"}],"replies":[{"embeddable":true,"href":"https:\/\/diariodominicano.com\/index.php?rest_route=%2Fwp%2Fv2%2Fcomments&post=645526"}],"version-history":[{"count":2,"href":"https:\/\/diariodominicano.com\/index.php?rest_route=\/wp\/v2\/posts\/645526\/revisions"}],"predecessor-version":[{"id":645530,"href":"https:\/\/diariodominicano.com\/index.php?rest_route=\/wp\/v2\/posts\/645526\/revisions\/645530"}],"wp:featuredmedia":[{"embeddable":true,"href":"https:\/\/diariodominicano.com\/index.php?rest_route=\/wp\/v2\/media\/645527"}],"wp:attachment":[{"href":"https:\/\/diariodominicano.com\/index.php?rest_route=%2Fwp%2Fv2%2Fmedia&parent=645526"}],"wp:term":[{"taxonomy":"category","embeddable":true,"href":"https:\/\/diariodominicano.com\/index.php?rest_route=%2Fwp%2Fv2%2Fcategories&post=645526"},{"taxonomy":"post_tag","embeddable":true,"href":"https:\/\/diariodominicano.com\/index.php?rest_route=%2Fwp%2Fv2%2Ftags&post=645526"}],"curies":[{"name":"wp","href":"https:\/\/api.w.org\/{rel}","templated":true}]}}