{"id":645522,"date":"2025-10-25T00:03:14","date_gmt":"2025-10-25T04:03:14","guid":{"rendered":"https:\/\/diariodominicano.com\/?p=645522"},"modified":"2025-10-25T01:29:25","modified_gmt":"2025-10-25T05:29:25","slug":"zona-franca-puerto-plata-realiza-jornada-de-prevencion-contra-el-cancer-de-mama-junto-a-la-fuerza-aerea-dominicana","status":"publish","type":"post","link":"https:\/\/diariodominicano.com\/?p=645522","title":{"rendered":"Zona Franca Puerto Plata realiza jornada de prevenci\u00f3n contra el c\u00e1ncer de mama junto a la Fuerza A\u00e9rea Dominicana"},"content":{"rendered":"\n<p>En el marco del Mes Internacional de la Lucha contra el C\u00e1ncer de Mama, la Corporaci\u00f3n Zona Franca Industrial de Puerto Plata (CZFIPP) realiz\u00f3 este viernes su tradicional jornada de prevenci\u00f3n, que incluy\u00f3 una charla educativa y un operativo m\u00e9dico dirigido a las colaboradoras del parque industrial.<\/p>\n\n\n\n<figure class=\"wp-block-image size-large\"><img loading=\"lazy\" decoding=\"async\" width=\"1024\" height=\"768\" src=\"https:\/\/diariodominicano.com\/wp-content\/uploads\/2025\/10\/2c41356e-c1c6-4f8e-8366-714c470708b1-1024x768.jpeg\" alt=\"\" class=\"wp-image-645542\" srcset=\"https:\/\/diariodominicano.com\/wp-content\/uploads\/2025\/10\/2c41356e-c1c6-4f8e-8366-714c470708b1-1024x768.jpeg 1024w, https:\/\/diariodominicano.com\/wp-content\/uploads\/2025\/10\/2c41356e-c1c6-4f8e-8366-714c470708b1-300x225.jpeg 300w, https:\/\/diariodominicano.com\/wp-content\/uploads\/2025\/10\/2c41356e-c1c6-4f8e-8366-714c470708b1-768x576.jpeg 768w, https:\/\/diariodominicano.com\/wp-content\/uploads\/2025\/10\/2c41356e-c1c6-4f8e-8366-714c470708b1-816x612.jpeg 816w, https:\/\/diariodominicano.com\/wp-content\/uploads\/2025\/10\/2c41356e-c1c6-4f8e-8366-714c470708b1.jpeg 1280w\" sizes=\"auto, (max-width: 1024px) 100vw, 1024px\" \/><\/figure>\n\n\n\n<p>La actividad estuvo encabezada por Karina Abbott, directora ejecutiva de la instituci\u00f3n, quien ofreci\u00f3 las palabras de bienvenida y excus\u00f3 la ausencia de la presidenta Mileyka Brugal, quien no pudo estar presente por compromisos fuera de la ciudad. Abbott destac\u00f3 que esta jornada, ya convertida en una tradici\u00f3n anual, busca fortalecer la conciencia sobre la detecci\u00f3n temprana, el autocuidado y la prevenci\u00f3n del c\u00e1ncer de mama.<\/p>\n\n\n\n<figure class=\"wp-block-image size-large\"><img loading=\"lazy\" decoding=\"async\" width=\"1024\" height=\"768\" src=\"https:\/\/diariodominicano.com\/wp-content\/uploads\/2025\/10\/a4601335-cdb2-4552-9354-3092c813b345-1024x768.jpeg\" alt=\"\" class=\"wp-image-645544\" srcset=\"https:\/\/diariodominicano.com\/wp-content\/uploads\/2025\/10\/a4601335-cdb2-4552-9354-3092c813b345-1024x768.jpeg 1024w, https:\/\/diariodominicano.com\/wp-content\/uploads\/2025\/10\/a4601335-cdb2-4552-9354-3092c813b345-300x225.jpeg 300w, https:\/\/diariodominicano.com\/wp-content\/uploads\/2025\/10\/a4601335-cdb2-4552-9354-3092c813b345-768x576.jpeg 768w, https:\/\/diariodominicano.com\/wp-content\/uploads\/2025\/10\/a4601335-cdb2-4552-9354-3092c813b345-1536x1152.jpeg 1536w, https:\/\/diariodominicano.com\/wp-content\/uploads\/2025\/10\/a4601335-cdb2-4552-9354-3092c813b345-2048x1536.jpeg 2048w, https:\/\/diariodominicano.com\/wp-content\/uploads\/2025\/10\/a4601335-cdb2-4552-9354-3092c813b345-816x612.jpeg 816w\" sizes=\"auto, (max-width: 1024px) 100vw, 1024px\" \/><\/figure>\n\n\n\n<p>\u201cOctubre es el mes rosa, un tiempo que nos invita a reflexionar, a crear conciencia y recordar que la detecci\u00f3n a tiempo puede salvar vidas. Prevenir es amar, y acompa\u00f1ar\u2026 es transformar vidas\u201d, expres\u00f3 Abbott durante la apertura.<\/p>\n\n\n\n<p>La jornada cont\u00f3 con el valioso respaldo de la Fuerza A\u00e9rea Dominicana, que una vez m\u00e1s dijo presente, poniendo a disposici\u00f3n un equipo de profesionales comprometidos con la concientizaci\u00f3n y la prevenci\u00f3n de esta enfermedad. Tambi\u00e9n se sumaron la Cl\u00ednica Brugal Mej\u00eda L\u00f3pez (Melosa) y el Servicio Nacional de Salud (SNS).<\/p>\n\n\n\n<figure class=\"wp-block-image size-large\"><img loading=\"lazy\" decoding=\"async\" width=\"768\" height=\"1024\" src=\"https:\/\/diariodominicano.com\/wp-content\/uploads\/2025\/10\/IMG_7072-768x1024.jpeg\" alt=\"\" class=\"wp-image-645545\" srcset=\"https:\/\/diariodominicano.com\/wp-content\/uploads\/2025\/10\/IMG_7072-768x1024.jpeg 768w, https:\/\/diariodominicano.com\/wp-content\/uploads\/2025\/10\/IMG_7072-225x300.jpeg 225w, https:\/\/diariodominicano.com\/wp-content\/uploads\/2025\/10\/IMG_7072-1152x1536.jpeg 1152w, https:\/\/diariodominicano.com\/wp-content\/uploads\/2025\/10\/IMG_7072-1536x2048.jpeg 1536w, https:\/\/diariodominicano.com\/wp-content\/uploads\/2025\/10\/IMG_7072-816x1088.jpeg 816w, https:\/\/diariodominicano.com\/wp-content\/uploads\/2025\/10\/IMG_7072-scaled.jpeg 1920w\" sizes=\"auto, (max-width: 768px) 100vw, 768px\" \/><\/figure>\n\n\n\n<p>El 1er Teniente M\u00e9dico Cirujano General Oreiby Hern\u00e1ndez tuvo a su cargo las charlas, en las que orient\u00f3 a las participantes sobre los factores de riesgo, la importancia del diagn\u00f3stico temprano y la t\u00e9cnica correcta del autoexamen mamario.<\/p>\n\n\n\n<p>Posteriormente, se desarroll\u00f3 el operativo m\u00e9dico de evaluaci\u00f3n, donde decenas de colaboradoras recibieron chequeos, indicaciones de estudios y seguimiento especializado. Gracias al apoyo de la Cl\u00ednica Brugal Mej\u00eda L\u00f3pez (Melosa), las participantes podr\u00e1n realizarse mamograf\u00edas y sonomamograf\u00edas sin copago, garantizando acceso a diagn\u00f3sticos preventivos de calidad.<\/p>\n\n\n\n<figure class=\"wp-block-image size-large\"><img loading=\"lazy\" decoding=\"async\" width=\"1024\" height=\"768\" src=\"https:\/\/diariodominicano.com\/wp-content\/uploads\/2025\/10\/IMG_7058-1024x768.jpeg\" alt=\"\" class=\"wp-image-645547\" srcset=\"https:\/\/diariodominicano.com\/wp-content\/uploads\/2025\/10\/IMG_7058-1024x768.jpeg 1024w, https:\/\/diariodominicano.com\/wp-content\/uploads\/2025\/10\/IMG_7058-300x225.jpeg 300w, https:\/\/diariodominicano.com\/wp-content\/uploads\/2025\/10\/IMG_7058-768x576.jpeg 768w, https:\/\/diariodominicano.com\/wp-content\/uploads\/2025\/10\/IMG_7058-1536x1152.jpeg 1536w, https:\/\/diariodominicano.com\/wp-content\/uploads\/2025\/10\/IMG_7058-2048x1536.jpeg 2048w, https:\/\/diariodominicano.com\/wp-content\/uploads\/2025\/10\/IMG_7058-816x612.jpeg 816w\" sizes=\"auto, (max-width: 1024px) 100vw, 1024px\" \/><\/figure>\n\n\n\n<p>En la parte m\u00e9dica y de evaluaciones participaron los doctores:<br>Coronel M\u00e9dico Ginec\u00f3logo Jos\u00e9 A. Vargas Cuello, Coronel M\u00e9dico Ginec\u00f3logo Juan Manuel N\u00fa\u00f1ez, Capit\u00e1n M\u00e9dico Ginec\u00f3logo Mart\u00edn Fern\u00e1ndez y Capit\u00e1n M\u00e9dico Cirujano Jonathan Ram\u00edrez, junto al conferencista 1er Teniente M\u00e9dico Cirujano General Oreiby Hern\u00e1ndez.<\/p>\n\n\n\n<p>Como asistentes en el \u00e1rea de evaluaciones m\u00e9dicas, se cont\u00f3 con el apoyo de los psic\u00f3logos Lic. Ynocencia Tate, Lic. Iris Marcelino, Cabo Villaman Bravo, Cabo Julissa Castillo Familia y la Dra. Elizabeth Blanco.<\/p>\n\n\n\n<p>Desde el Servicio Nacional de Salud (SNS) brindaron su colaboraci\u00f3n las doctoras Audry Cabrera, Wendy Rivas y Milka Luciano, quienes con entusiasmo se sumaron a esta iniciativa.<\/p>\n\n\n\n<p>Karina Abbott agradeci\u00f3 el compromiso de las instituciones aliadas y el entusiasmo de las participantes, resaltando el impacto positivo de este tipo de actividades:<\/p>\n\n\n\n<p>\u201cHablar del c\u00e1ncer de mama es hablar de fortaleza, de valent\u00eda y de apoyo mutuo. Nadie deber\u00eda enfrentar esta lucha sola. Juntas somos m\u00e1s fuertes, y esta alianza con la Fuerza A\u00e9rea Dominicana, el Servicio Nacional de Salud y la Cl\u00ednica Brugal refuerza nuestro compromiso con la salud y el bienestar de nuestras colaboradoras.\u201d<\/p>\n\n\n\n<p>La Corporaci\u00f3n Zona Franca Industrial de Puerto Plata expres\u00f3 un especial agradecimiento al Coronel M\u00e9dico Ginec\u00f3logo Jos\u00e9 A. Vargas C., de la FFAA por la coordinaci\u00f3n de esta jornada, al Dr. Eliman Mej\u00eda de la Cl\u00ednica Brugal Mej\u00eda L\u00f3pez (Melosa), as\u00ed como al Dr. Anulfo Suero, la Dra. Nelly Ramos del Servicio Nacional de Salud, por su entrega, acompa\u00f1amiento y apoyo constante en la promoci\u00f3n de la salud femenina en la provincia.<\/p>\n\n\n\n<p>De esta manera, la instituci\u00f3n reafirma su compromiso de continuar desarrollando programas de prevenci\u00f3n, salud y bienestar, promoviendo la educaci\u00f3n, la calidad de vida y el trabajo conjunto con las entidades m\u00e9dicas y sociales de Puerto Plata.<\/p>\n","protected":false},"excerpt":{"rendered":"<p>En el marco del Mes Internacional de la Lucha contra el C\u00e1ncer de Mama, la Corporaci\u00f3n Zona Franca Industrial de Puerto Plata (CZFIPP) realiz\u00f3 este viernes su tradicional jornada de prevenci\u00f3n, que incluy\u00f3 una charla educativa y un operativo m\u00e9dico dirigido a las colaboradoras del parque industrial. La actividad estuvo encabezada por Karina Abbott, directora [&hellip;]<\/p>\n","protected":false},"author":2,"featured_media":645523,"comment_status":"closed","ping_status":"closed","sticky":false,"template":"","format":"standard","meta":{"footnotes":""},"categories":[20],"tags":[],"class_list":["post-645522","post","type-post","status-publish","format-standard","has-post-thumbnail","hentry","category-dominicana-hoy"],"_links":{"self":[{"href":"https:\/\/diariodominicano.com\/index.php?rest_route=\/wp\/v2\/posts\/645522","targetHints":{"allow":["GET"]}}],"collection":[{"href":"https:\/\/diariodominicano.com\/index.php?rest_route=\/wp\/v2\/posts"}],"about":[{"href":"https:\/\/diariodominicano.com\/index.php?rest_route=\/wp\/v2\/types\/post"}],"author":[{"embeddable":true,"href":"https:\/\/diariodominicano.com\/index.php?rest_route=\/wp\/v2\/users\/2"}],"replies":[{"embeddable":true,"href":"https:\/\/diariodominicano.com\/index.php?rest_route=%2Fwp%2Fv2%2Fcomments&post=645522"}],"version-history":[{"count":3,"href":"https:\/\/diariodominicano.com\/index.php?rest_route=\/wp\/v2\/posts\/645522\/revisions"}],"predecessor-version":[{"id":645549,"href":"https:\/\/diariodominicano.com\/index.php?rest_route=\/wp\/v2\/posts\/645522\/revisions\/645549"}],"wp:featuredmedia":[{"embeddable":true,"href":"https:\/\/diariodominicano.com\/index.php?rest_route=\/wp\/v2\/media\/645523"}],"wp:attachment":[{"href":"https:\/\/diariodominicano.com\/index.php?rest_route=%2Fwp%2Fv2%2Fmedia&parent=645522"}],"wp:term":[{"taxonomy":"category","embeddable":true,"href":"https:\/\/diariodominicano.com\/index.php?rest_route=%2Fwp%2Fv2%2Fcategories&post=645522"},{"taxonomy":"post_tag","embeddable":true,"href":"https:\/\/diariodominicano.com\/index.php?rest_route=%2Fwp%2Fv2%2Ftags&post=645522"}],"curies":[{"name":"wp","href":"https:\/\/api.w.org\/{rel}","templated":true}]}}