{"id":645512,"date":"2025-10-24T23:52:09","date_gmt":"2025-10-25T03:52:09","guid":{"rendered":"https:\/\/diariodominicano.com\/?p=645512"},"modified":"2025-10-25T00:24:57","modified_gmt":"2025-10-25T04:24:57","slug":"presidente-abinader-realiza-recorrido-por-las-instalaciones-de-la-direccion-de-asistencia-social-y-alimentacion-comunitaria","status":"publish","type":"post","link":"https:\/\/diariodominicano.com\/?p=645512","title":{"rendered":"Presidente Abinader realiza recorrido por las instalaciones de la Direcci\u00f3n de Asistencia Social y Alimentaci\u00f3n Comunitaria"},"content":{"rendered":"\n<p><em>El primer mandatario de la naci\u00f3n quien estuvo acompa\u00f1ado del director de la nueva instituci\u00f3n de asistencia social, Edgar Augusto F\u00e9liz M\u00e9ndez, presenci\u00f3 la prueba que realizaron los t\u00e9cnicos del Sistema<br>Nacional de Atenci\u00f3n a Emergencias y Seguridad 9-1-1 con drones especializados que podr\u00e1n transportar alimentos a las comunidades incomunicadas.<\/em><\/p>\n\n\n\n<figure class=\"wp-block-image size-large\"><img loading=\"lazy\" decoding=\"async\" width=\"1024\" height=\"683\" src=\"https:\/\/diariodominicano.com\/wp-content\/uploads\/2025\/10\/FOTOGRAFIA-VISITA-PRESIDENTE-DASAC-2-A-1-1024x683.jpg\" alt=\"\" class=\"wp-image-645537\" srcset=\"https:\/\/diariodominicano.com\/wp-content\/uploads\/2025\/10\/FOTOGRAFIA-VISITA-PRESIDENTE-DASAC-2-A-1-1024x683.jpg 1024w, https:\/\/diariodominicano.com\/wp-content\/uploads\/2025\/10\/FOTOGRAFIA-VISITA-PRESIDENTE-DASAC-2-A-1-300x200.jpg 300w, https:\/\/diariodominicano.com\/wp-content\/uploads\/2025\/10\/FOTOGRAFIA-VISITA-PRESIDENTE-DASAC-2-A-1-768x512.jpg 768w, https:\/\/diariodominicano.com\/wp-content\/uploads\/2025\/10\/FOTOGRAFIA-VISITA-PRESIDENTE-DASAC-2-A-1-816x544.jpg 816w, https:\/\/diariodominicano.com\/wp-content\/uploads\/2025\/10\/FOTOGRAFIA-VISITA-PRESIDENTE-DASAC-2-A-1.jpg 1280w\" sizes=\"auto, (max-width: 1024px) 100vw, 1024px\" \/><\/figure>\n\n\n\n<p><strong>SANTO DOMINGO, RD. &#8211;<\/strong>&nbsp;-El presidente de la Rep\u00fablica, Luis Abinader Corona, visit\u00f3 las instalaciones de la Direcci\u00f3n de Asistencial Social y Alimentaci\u00f3n Comunitaria (DASAC), como parte de los esfuerzos para mejorar el auxilio del gobierno a la poblaci\u00f3n en medio de los estragos que han producidos los fuertes aguaceros de la tormenta Melissa.<\/p>\n\n\n\n<figure class=\"wp-block-image size-large\"><img loading=\"lazy\" decoding=\"async\" width=\"1024\" height=\"683\" src=\"https:\/\/diariodominicano.com\/wp-content\/uploads\/2025\/10\/FOTOGRAFIA-VISITA-PRESIDENTE-DASAC-3-Ajpg-1024x683.jpg\" alt=\"\" class=\"wp-image-645516\" srcset=\"https:\/\/diariodominicano.com\/wp-content\/uploads\/2025\/10\/FOTOGRAFIA-VISITA-PRESIDENTE-DASAC-3-Ajpg-1024x683.jpg 1024w, https:\/\/diariodominicano.com\/wp-content\/uploads\/2025\/10\/FOTOGRAFIA-VISITA-PRESIDENTE-DASAC-3-Ajpg-300x200.jpg 300w, https:\/\/diariodominicano.com\/wp-content\/uploads\/2025\/10\/FOTOGRAFIA-VISITA-PRESIDENTE-DASAC-3-Ajpg-768x512.jpg 768w, https:\/\/diariodominicano.com\/wp-content\/uploads\/2025\/10\/FOTOGRAFIA-VISITA-PRESIDENTE-DASAC-3-Ajpg-816x544.jpg 816w, https:\/\/diariodominicano.com\/wp-content\/uploads\/2025\/10\/FOTOGRAFIA-VISITA-PRESIDENTE-DASAC-3-Ajpg.jpg 1280w\" sizes=\"auto, (max-width: 1024px) 100vw, 1024px\" \/><\/figure>\n\n\n\n<p>Acompa\u00f1ado del director general de DASAC, Edgar Augusto F\u00e9liz M\u00e9ndez, el jefe del Estado recorri\u00f3 los almacenes de la instituci\u00f3n y los consultorios m\u00e9dicos, contactando la labor que se realiza en favor de la poblaci\u00f3n m\u00e1s vulnerable.<\/p>\n\n\n\n<p>En los almacenes el primer mandatario observ\u00f3 los trabajos de empaque y distribuci\u00f3n de los kits de raciones crudas que en la actualidad se est\u00e1n destinando a las poblaciones afectadas por el fen\u00f3meno atmosf\u00e9rico.<\/p>\n\n\n\n<p>Abinader Corona, agradeci\u00f3 a cada uno de los colaboradores por el trabajo que realizan en favor de las familias que en estos momentos se encuentran en condici\u00f3n de vulnerabilidad.<\/p>\n\n\n\n<p>\u201cAgradezco a cada uno de ustedes el sacrificio y esfuerzo que realizan para que la asistencia del gobierno llegue a cada una de esas familias que han sido afectadas por las intensas lluvias de los \u00faltimos d\u00edas. Muchas gracias por su trabajo\u201d, expres\u00f3.<\/p>\n\n\n\n<p>Adem\u00e1s, presenci\u00f3 la prueba que realizaron los t\u00e9cnicos del Sistema Nacional de Atenci\u00f3n a Emergencias y Seguridad 9-1-1 con drones especializados que podr\u00e1n transportar alimentos a las comunidades incomunicadas.<\/p>\n\n\n\n<p>De su lado, el director general de la Direcci\u00f3n de Asistencial Social y Alimentaci\u00f3n Comunitaria (DASAC), Edgar Augusto F\u00e9liz M\u00e9ndez, explic\u00f3 al presidente Abinader Corona todo el proceso de empaque y despacho.<\/p>\n\n\n\n<p>A trav\u00e9s de la DASAC, el gobierno ha dispuesto la distribuci\u00f3n entre los damnificados de kits de raciones crudas, as\u00ed como enseres del hogar y otras donaciones propias de cat\u00e1strofes naturales como la que afecta al pa\u00eds.<\/p>\n\n\n\n<p>El director general del DASAC mostr\u00f3 al mandatario todo el proceso que ha desarrollado la instituci\u00f3n desde el inicio de la tormenta a fin de garantizar una efectiva asistencia a los sectores vulnerables y especialmente a las familias damnificadas.<\/p>\n\n\n\n<p>F\u00e9liz M\u00e9ndez explic\u00f3 que los equipos de emergencia de la instituci\u00f3n se mantienen permanentemente activados, con la expresa instrucci\u00f3n de realizar con esmero y entrega las labores de auxilio a la poblaci\u00f3n.<\/p>\n\n\n\n<p>Sostuvo que ya han sido enviados unos 80 mil kits de raciones crudas a todas las gobernaciones y alcald\u00edas de algunos municipios. As\u00ed mismo, se han distribuido miles de raciones de alimentos cocidos en los barrios del Gran Santo Domingo.<\/p>\n\n\n\n<p>Dijo que ese apoyo a los pobladores afectados es un compromiso insoslayable de la DASAC como instituci\u00f3n llamada a interpretar y cumplir con el esfuerzo del gobierno en favor de los m\u00e1s necesitados y vulnerables.<\/p>\n\n\n\n<p>Signific\u00f3 que, as\u00ed como han acudido en auxilio de las comunidades afectadas, la Direcci\u00f3n de Asistencia Social y Alimentaci\u00f3n Comunitaria (DASAC), est\u00e1 preparada para extender su radio de acci\u00f3n solidaria hacia todo punto del pa\u00eds que as\u00ed lo requiera.<\/p>\n\n\n\n<p>Acompa\u00f1aron en la visita al presidente de la Rep\u00fablica el coordinador del Gabinete de Pol\u00edticas Sociales, Tony Pe\u00f1a Guaba; Robert Polanco, director general de la Direcci\u00f3n General de Proyectos Estrat\u00e9gicos y Especiales de la Presidencia (PROPEEP); Rolfi Rojas, director general de la Direcci\u00f3n de Desarrollo Barrial y el director ejecutivo del<br>Sistema Nacional de Atenci\u00f3n a Emergencias y Seguridad 9-1-1, coronel piloto Randolfo Rijo G\u00f3mez.<\/p>\n\n\n\n<p><strong><em>Departamento de Comunicaci\u00f3n<\/em><\/strong><\/p>\n\n\n\n<p><strong><em>24 de octubre de 2025<\/em><\/strong><\/p>\n\n\n\n<p>#Abinader<\/p>\n","protected":false},"excerpt":{"rendered":"<p>El primer mandatario de la naci\u00f3n quien estuvo acompa\u00f1ado del director de la nueva instituci\u00f3n de asistencia social, Edgar Augusto F\u00e9liz M\u00e9ndez, presenci\u00f3 la prueba que realizaron los t\u00e9cnicos del SistemaNacional de Atenci\u00f3n a Emergencias y Seguridad 9-1-1 con drones especializados que podr\u00e1n transportar alimentos a las comunidades incomunicadas. SANTO DOMINGO, RD. &#8211;&nbsp;-El presidente de [&hellip;]<\/p>\n","protected":false},"author":2,"featured_media":645513,"comment_status":"closed","ping_status":"closed","sticky":false,"template":"","format":"standard","meta":{"footnotes":""},"categories":[20],"tags":[],"class_list":["post-645512","post","type-post","status-publish","format-standard","has-post-thumbnail","hentry","category-dominicana-hoy"],"_links":{"self":[{"href":"https:\/\/diariodominicano.com\/index.php?rest_route=\/wp\/v2\/posts\/645512","targetHints":{"allow":["GET"]}}],"collection":[{"href":"https:\/\/diariodominicano.com\/index.php?rest_route=\/wp\/v2\/posts"}],"about":[{"href":"https:\/\/diariodominicano.com\/index.php?rest_route=\/wp\/v2\/types\/post"}],"author":[{"embeddable":true,"href":"https:\/\/diariodominicano.com\/index.php?rest_route=\/wp\/v2\/users\/2"}],"replies":[{"embeddable":true,"href":"https:\/\/diariodominicano.com\/index.php?rest_route=%2Fwp%2Fv2%2Fcomments&post=645512"}],"version-history":[{"count":4,"href":"https:\/\/diariodominicano.com\/index.php?rest_route=\/wp\/v2\/posts\/645512\/revisions"}],"predecessor-version":[{"id":645538,"href":"https:\/\/diariodominicano.com\/index.php?rest_route=\/wp\/v2\/posts\/645512\/revisions\/645538"}],"wp:featuredmedia":[{"embeddable":true,"href":"https:\/\/diariodominicano.com\/index.php?rest_route=\/wp\/v2\/media\/645513"}],"wp:attachment":[{"href":"https:\/\/diariodominicano.com\/index.php?rest_route=%2Fwp%2Fv2%2Fmedia&parent=645512"}],"wp:term":[{"taxonomy":"category","embeddable":true,"href":"https:\/\/diariodominicano.com\/index.php?rest_route=%2Fwp%2Fv2%2Fcategories&post=645512"},{"taxonomy":"post_tag","embeddable":true,"href":"https:\/\/diariodominicano.com\/index.php?rest_route=%2Fwp%2Fv2%2Ftags&post=645512"}],"curies":[{"name":"wp","href":"https:\/\/api.w.org\/{rel}","templated":true}]}}