{"id":645436,"date":"2025-10-24T11:32:11","date_gmt":"2025-10-24T15:32:11","guid":{"rendered":"https:\/\/diariodominicano.com\/?p=645436"},"modified":"2025-10-24T11:32:24","modified_gmt":"2025-10-24T15:32:24","slug":"asambleista-alvarez-nyc-con-proyecto-ley-prestaria-atencion-medica-a-dominicanos-en-rd","status":"publish","type":"post","link":"https:\/\/diariodominicano.com\/?p=645436","title":{"rendered":"Asamble\u00edsta \u00c1lvarez NYC con proyecto ley prestar\u00eda atenci\u00f3n medica a dominicanos en RD"},"content":{"rendered":"\n<p><strong>Por Ram\u00f3n Mercedes<\/strong><\/p>\n\n\n\n<p><strong>NUEVA YORK.-<\/strong>&nbsp;El asamble\u00edsta dem\u00f3crata por El Bronx, George \u00c1lvarez (D-78) anunci\u00f3 la introducci\u00f3n del Acta de Asociaci\u00f3n de Salud NY-RD, una propuesta innovadora para explorar una colaboraci\u00f3n formal de salud en el pa\u00eds caribe\u00f1o.<\/p>\n\n\n\n<p>El proyecto de ley establecer\u00eda una comisi\u00f3n bipartidista para estudiar la factibilidad de permitir que residentes elegibles de NYC con Medicaid, especialmente adultos mayores y personas con discapacidades, accedan a servicios m\u00e9dicos certificados en hospitales y cl\u00ednicas dominicanas.<\/p>\n\n\n\n<p>\u00abEsta legislaci\u00f3n busca innovaci\u00f3n, equidad y respeto por la vida de nuestros adultos mayores,\u201d afirm\u00f3 \u00c1lvarez. \u00abMiles de neoyorquinos, especialmente en El Bronx, lugar de mayor concentraci\u00f3n de quisqueyanos en la Gran Manzana, mantienen v\u00ednculos familiares y culturales muy fuertes con la RD.<\/p>\n\n\n\n<p>Muchos pasan parte del a\u00f1o all\u00e1, pero siguen siendo residentes de NY; debemos explorar formas de garantizar que puedan recibir atenci\u00f3n segura, accesible y de calidad.<\/p>\n\n\n\n<p>La comunidad dominicana constituye una de las poblaciones inmigrantes m\u00e1s grandes y activas en NY. Muchos residentes dividen su tiempo entre all\u00e1 y aqu\u00ed, pero enfrentan barreras para acceder a cobertura m\u00e9dica en el extranjero.<\/p>\n\n\n\n<p>\u00abLos costos de la salud contin\u00faan aumentando, y nuestra poblaci\u00f3n envejecida merece soluciones creativas\u00bb, agreg\u00f3 el asamble\u00edsta.<\/p>\n\n\n\n<p>\u00abSi podemos ofrecer atenci\u00f3n de manera segura y a menor costo en el extranjero, mientras fortalecemos nuestros lazos con la RD, ser\u00e1 un beneficio tanto para los contribuyentes como para nuestra comunidad.\u201d<\/p>\n\n\n\n<p>\u00abEsta iniciativa reconoce la realidad de las familias transnacionales, se trata de dar dignidad y opciones a los adultos mayores, manteniendo su conexi\u00f3n con ambos hogares, NY-RD\u00bb, precis\u00f3.<\/p>\n\n\n\n<p>L\u00edderes comunitarios han elogiado la propuesta como un paso visionario para atender las necesidades de la comunidad dominicana y otros inmigrantes en NY.<\/p>\n\n\n\n<p>La Comisi\u00f3n de Asociaci\u00f3n de Salud NY-RD incluir\u00e1 representantes del Departamento de Salud de la Gran Manzana, la Oficina para el Envejecimiento, Consulado Dominicano y expertos en pol\u00edticas de salud internacional.<\/p>\n\n\n\n<p>Durante un per\u00edodo de 18 meses, la comisi\u00f3n evaluar\u00e1 posibles programas piloto financiados por el estado, opciones de exenci\u00f3n federal y sistemas de acreditaci\u00f3n para instituciones m\u00e9dicas dominicanas que cumplan con los est\u00e1ndares de salud p\u00fablica de NY.<\/p>\n\n\n\n<p>Los hallazgos de la comisi\u00f3n se presentar\u00e1n al Gobernador y a la Legislatura dentro de los 18 meses posteriores a la promulgaci\u00f3n de la ley, incluyendo an\u00e1lisis del impacto fiscal, est\u00e1ndares de calidad de atenci\u00f3n y recomendaciones para la implementaci\u00f3n potencial.<\/p>\n","protected":false},"excerpt":{"rendered":"<p>Por Ram\u00f3n Mercedes NUEVA YORK.-&nbsp;El asamble\u00edsta dem\u00f3crata por El Bronx, George \u00c1lvarez (D-78) anunci\u00f3 la introducci\u00f3n del Acta de Asociaci\u00f3n de Salud NY-RD, una propuesta innovadora para explorar una colaboraci\u00f3n formal de salud en el pa\u00eds caribe\u00f1o. El proyecto de ley establecer\u00eda una comisi\u00f3n bipartidista para estudiar la factibilidad de permitir que residentes elegibles de [&hellip;]<\/p>\n","protected":false},"author":2,"featured_media":645437,"comment_status":"closed","ping_status":"closed","sticky":false,"template":"","format":"standard","meta":{"footnotes":""},"categories":[20,22,27],"tags":[],"class_list":["post-645436","post","type-post","status-publish","format-standard","has-post-thumbnail","hentry","category-dominicana-hoy","category-politica","category-portada"],"_links":{"self":[{"href":"https:\/\/diariodominicano.com\/index.php?rest_route=\/wp\/v2\/posts\/645436","targetHints":{"allow":["GET"]}}],"collection":[{"href":"https:\/\/diariodominicano.com\/index.php?rest_route=\/wp\/v2\/posts"}],"about":[{"href":"https:\/\/diariodominicano.com\/index.php?rest_route=\/wp\/v2\/types\/post"}],"author":[{"embeddable":true,"href":"https:\/\/diariodominicano.com\/index.php?rest_route=\/wp\/v2\/users\/2"}],"replies":[{"embeddable":true,"href":"https:\/\/diariodominicano.com\/index.php?rest_route=%2Fwp%2Fv2%2Fcomments&post=645436"}],"version-history":[{"count":1,"href":"https:\/\/diariodominicano.com\/index.php?rest_route=\/wp\/v2\/posts\/645436\/revisions"}],"predecessor-version":[{"id":645438,"href":"https:\/\/diariodominicano.com\/index.php?rest_route=\/wp\/v2\/posts\/645436\/revisions\/645438"}],"wp:featuredmedia":[{"embeddable":true,"href":"https:\/\/diariodominicano.com\/index.php?rest_route=\/wp\/v2\/media\/645437"}],"wp:attachment":[{"href":"https:\/\/diariodominicano.com\/index.php?rest_route=%2Fwp%2Fv2%2Fmedia&parent=645436"}],"wp:term":[{"taxonomy":"category","embeddable":true,"href":"https:\/\/diariodominicano.com\/index.php?rest_route=%2Fwp%2Fv2%2Fcategories&post=645436"},{"taxonomy":"post_tag","embeddable":true,"href":"https:\/\/diariodominicano.com\/index.php?rest_route=%2Fwp%2Fv2%2Ftags&post=645436"}],"curies":[{"name":"wp","href":"https:\/\/api.w.org\/{rel}","templated":true}]}}