{"id":645405,"date":"2025-10-24T01:52:29","date_gmt":"2025-10-24T05:52:29","guid":{"rendered":"https:\/\/diariodominicano.com\/?p=645405"},"modified":"2025-10-24T01:52:38","modified_gmt":"2025-10-24T05:52:38","slug":"abinader-dispone-para-este-viernes-suspension-de-la-docencia-en-rd-y-de-las-labores-en-las-provincias-en-alerta-roja","status":"publish","type":"post","link":"https:\/\/diariodominicano.com\/?p=645405","title":{"rendered":"Abinader dispone para este viernes suspensi\u00f3n de la docencia en RD y de las labores en las provincias en alerta roja"},"content":{"rendered":"\n<h3 class=\"wp-block-heading\">Se extiende la alerta roja a las provincias La Romana, San Pedro de Macor\u00eds y Monte Plata, conjuntamente con Barahona, San Crist\u00f3bal, Santo Domingo, Distrito Nacional, San Jos\u00e9 de Ocoa, San Juan, Azua, Peravia y Pedernales<\/h3>\n\n\n\n<p>23 de Octubre 2025 | 21:09<\/p>\n\n\n\n<p>Santo Domingo, RD.\u2013\u00a0<strong>El presidente Luis Abinader\u00a0<\/strong>orden\u00f3, ante el paso de la\u00a0<strong>tormenta Melissa<\/strong>, la suspensi\u00f3n de la docencia\u00a0<strong>a nivel nacional<\/strong>\u00a0y la suspensi\u00f3n de labores\u00a0<strong>este viernes<\/strong>\u00a0para las 12 provincias en\u00a0<strong>alerta roja<\/strong>. Tambi\u00e9n, dispuso que la\u00a0<strong>Tesorer\u00eda Nacional y la Contralor\u00eda<\/strong>\u00a0abran sus puertas para atender los\u00a0<strong>compromisos financieros<\/strong>\u00a0de fin de mes del Gobierno.\u00a0<\/p>\n\n\n\n<p>Asimismo, el mandatario instruy\u00f3 al&nbsp;<strong>Centro de Operaciones de Emergencias<\/strong>&nbsp;(COE) extender la alerta roja a las provincias&nbsp;<strong>La Romana, San Pedro de Macor\u00eds y Monte Plata<\/strong>, conjuntamente con las provincias&nbsp;<strong>Barahona, San Crist\u00f3bal, Santo Domingo, Distrito Nacional, San Jos\u00e9 de Ocoa, San Juan, Azua, Peravia, Pedernales.<\/strong><\/p>\n\n\n\n<p>Esta reuni\u00f3n, que se extendi\u00f3 por espacio de una hora en el&nbsp;<strong>Sal\u00f3n Verde del Palacio Nacional,<\/strong>&nbsp;tambi\u00e9n fue presidida por la&nbsp;<strong>vicepresidenta Raquel Pe\u00f1a.<\/strong>&nbsp;<br><br><img loading=\"lazy\" decoding=\"async\" src=\"https:\/\/www.presidencia.gob.do\/sites\/default\/files\/inline-images\/8ace0292-2da7-4896-be05-70d528aa3510.jpeg\" width=\"1280\" height=\"853\"><\/p>\n\n\n\n<p><strong>Medidas gubernamentales<\/strong>&nbsp;<\/p>\n\n\n\n<p>El presidente de la Rep\u00fablica, junto con el&nbsp;<strong>Consejo de Mitigaci\u00f3n, Preparaci\u00f3n y Respuesta<\/strong>, ratific\u00f3 las restricciones anunciadas previamente, as\u00ed como las excepciones&nbsp;<strong>emitidas hace 48 horas.<\/strong>&nbsp;<\/p>\n\n\n\n<p>El&nbsp;<strong>Ministerio de Trabajo<\/strong>&nbsp;y el de&nbsp;<strong>Administraci\u00f3n P\u00fablica<\/strong>&nbsp;emitir\u00e1n resoluciones para regular el funcionamiento laboral, mientras que, se permitir\u00e1 la operaci\u00f3n del sector financiero, con la recomendaci\u00f3n a los bancos de considerar las&nbsp;<strong>dificultades de traslado<\/strong>&nbsp;de sus empleados para evitar sanciones laborales.&nbsp;<\/p>\n\n\n\n<p>En el \u00e1mbito educativo,&nbsp;<strong>se suspendi\u00f3 la docencia a nivel nacional<\/strong>&nbsp;para el d\u00eda de ma\u00f1ana,&nbsp;<strong>viernes 24 de octubre<\/strong>, seg\u00fan lo acordado con el&nbsp;<strong>Ministerio de Educaci\u00f3n.<\/strong>&nbsp;<\/p>\n\n\n\n<p>Por otro lado, la&nbsp;<strong>Tesorer\u00eda Nacional y la Contralor\u00eda<\/strong>&nbsp;abrir\u00e1n para atender los compromisos financieros de fin de mes del Gobierno.&nbsp;<\/p>\n\n\n\n<p><strong>Servicios esenciales<\/strong><\/p>\n\n\n\n<p>Los servicios esenciales como&nbsp;<strong>farmacias, supermercados, venta de combustibles y transporte&nbsp;<\/strong>continuar\u00e1n operando para garantizar el acceso a alimentos perecederos, medicamentos y otros recursos vitales. Estas medidas buscan mantener la&nbsp;<strong>funcionalidad b\u00e1sica del pa\u00eds<\/strong>&nbsp;mientras se enfrenta la emergencia clim\u00e1tica.&nbsp;<\/p>\n\n\n\n<p><strong>Alertas y restricciones<\/strong>&nbsp;<\/p>\n\n\n\n<p>El COE ha establecido&nbsp;<strong>alerta roja<\/strong>&nbsp;para las provincias Barahona, San Crist\u00f3bal, Santo Domingo, Distrito Nacional, San Jos\u00e9 de Ocoa, San Juan, Azua, Peravia, Pedernales, La Romana, San Pedro de Macor\u00eds y Monte Plata.&nbsp;<\/p>\n\n\n\n<p>Asimismo, se mantiene&nbsp;<strong>alerta amarilla<\/strong>&nbsp;para Hato Mayor, El Seibo, Saman\u00e1, Monse\u00f1or Nouel, S\u00e1nchez Ram\u00edrez, La Altagracia, El\u00edas Pi\u00f1a, Independencia, Dajab\u00f3n, Puerto Plata, Espaillat, La Vega, Mar\u00eda Trinidad S\u00e1nchez, Santiago y Duarte.&nbsp;<\/p>\n\n\n\n<p>En&nbsp;<strong>Monte Cristi<\/strong>, se ha emitido una alerta amarilla adicional debido al llenado de la&nbsp;<strong>presa de Taveras<\/strong>, como medida preventiva para supervisar las zonas bajas, incluyendo&nbsp;<strong>Los Verdes y Casta\u00f1uela.<\/strong>&nbsp;<\/p>\n\n\n\n<p>Las autoridades han subrayado que las evacuaciones ordenadas en las provincias bajo alerta roja y amarilla&nbsp;<strong>son obligatorias,<\/strong>&nbsp;instando a la poblaci\u00f3n a cooperar para evitar tragedias.&nbsp;<\/p>\n\n\n\n<p>Los suelos saturados por las lluvias continuas convierten cualquier nueva precipitaci\u00f3n en escorrent\u00eda superficial, aumentando el&nbsp;<strong>riesgo de inundaciones,<\/strong>&nbsp;especialmente en las zonas bajo alerta. No obstante, se exhorta a todas las provincias a mantenerse vigilantes y seguir los&nbsp;<strong>reportes meteorol\u00f3gicos<\/strong>&nbsp;y las indicaciones de Protecci\u00f3n Civil.&nbsp;<\/p>\n\n\n\n<p><strong>Recomendaciones a la poblaci\u00f3n<\/strong><\/p>\n\n\n\n<p>El COE hace un llamado a la ciudadan\u00eda a seguir minuto a minuto las&nbsp;<strong>actualizaciones meteorol\u00f3gicas<\/strong>&nbsp;a trav\u00e9s de los medios de comunicaci\u00f3n y a acatar las&nbsp;<strong>instrucciones de las autoridades.<\/strong>&nbsp;<\/p>\n\n\n\n<p>Para emergencias, est\u00e1n disponibles las l\u00edneas del 911 y del COE al 809-472-0909. Asimismo, el director del COE,&nbsp;<strong>general Juan Manuel M\u00e9ndez<\/strong>, ha proporcionado su n\u00famero personal, 809-773-4447, para atender inquietudes directamente, pidiendo un uso responsable del mismo.&nbsp;<\/p>\n\n\n\n<p>El&nbsp;<strong>Gobierno de la Rep\u00fablica Dominicana<\/strong>&nbsp;ha implementado&nbsp;<strong>medidas excepcionale<\/strong>s para garantizar la seguridad de la poblaci\u00f3n, proteger vidas y propiedades ante una tormenta pr\u00e1cticamente estacionaria que avanza a una velocidad de apenas cuatro kil\u00f3metros por hora.&nbsp;<\/p>\n\n\n\n<p>El Gobierno dominicano permanecer\u00e1 en&nbsp;<strong>sesi\u00f3n permanente<\/strong>, monitoreando la evoluci\u00f3n de la tormenta y tomando las medidas necesarias para&nbsp;<strong>proteger a la poblaci\u00f3n.<\/strong>&nbsp;Se espera que las fuertes precipitaciones persistan, por lo que se reitera la importancia de la colaboraci\u00f3n ciudadana para&nbsp;<strong>minimizar los riesgos.<\/strong><\/p>\n\n\n\n<p>Para un pa\u00eds seguro,\u00a0<strong>la prevenci\u00f3n es clave.<\/strong><\/p>\n\n\n\n<p>Con informaci\u00f3n de la Presidencia de la Rep\u00fablica.<\/p>\n","protected":false},"excerpt":{"rendered":"<p>Se extiende la alerta roja a las provincias La Romana, San Pedro de Macor\u00eds y Monte Plata, conjuntamente con Barahona, San Crist\u00f3bal, Santo Domingo, Distrito Nacional, San Jos\u00e9 de Ocoa, San Juan, Azua, Peravia y Pedernales 23 de Octubre 2025 | 21:09 Santo Domingo, RD.\u2013\u00a0El presidente Luis Abinader\u00a0orden\u00f3, ante el paso de la\u00a0tormenta Melissa, la [&hellip;]<\/p>\n","protected":false},"author":2,"featured_media":645406,"comment_status":"closed","ping_status":"closed","sticky":false,"template":"","format":"standard","meta":{"footnotes":""},"categories":[20,27],"tags":[],"class_list":["post-645405","post","type-post","status-publish","format-standard","has-post-thumbnail","hentry","category-dominicana-hoy","category-portada"],"_links":{"self":[{"href":"https:\/\/diariodominicano.com\/index.php?rest_route=\/wp\/v2\/posts\/645405","targetHints":{"allow":["GET"]}}],"collection":[{"href":"https:\/\/diariodominicano.com\/index.php?rest_route=\/wp\/v2\/posts"}],"about":[{"href":"https:\/\/diariodominicano.com\/index.php?rest_route=\/wp\/v2\/types\/post"}],"author":[{"embeddable":true,"href":"https:\/\/diariodominicano.com\/index.php?rest_route=\/wp\/v2\/users\/2"}],"replies":[{"embeddable":true,"href":"https:\/\/diariodominicano.com\/index.php?rest_route=%2Fwp%2Fv2%2Fcomments&post=645405"}],"version-history":[{"count":1,"href":"https:\/\/diariodominicano.com\/index.php?rest_route=\/wp\/v2\/posts\/645405\/revisions"}],"predecessor-version":[{"id":645407,"href":"https:\/\/diariodominicano.com\/index.php?rest_route=\/wp\/v2\/posts\/645405\/revisions\/645407"}],"wp:featuredmedia":[{"embeddable":true,"href":"https:\/\/diariodominicano.com\/index.php?rest_route=\/wp\/v2\/media\/645406"}],"wp:attachment":[{"href":"https:\/\/diariodominicano.com\/index.php?rest_route=%2Fwp%2Fv2%2Fmedia&parent=645405"}],"wp:term":[{"taxonomy":"category","embeddable":true,"href":"https:\/\/diariodominicano.com\/index.php?rest_route=%2Fwp%2Fv2%2Fcategories&post=645405"},{"taxonomy":"post_tag","embeddable":true,"href":"https:\/\/diariodominicano.com\/index.php?rest_route=%2Fwp%2Fv2%2Ftags&post=645405"}],"curies":[{"name":"wp","href":"https:\/\/api.w.org\/{rel}","templated":true}]}}