{"id":645403,"date":"2025-10-24T01:43:54","date_gmt":"2025-10-24T05:43:54","guid":{"rendered":"https:\/\/diariodominicano.com\/?p=645403"},"modified":"2025-10-24T01:43:58","modified_gmt":"2025-10-24T05:43:58","slug":"educacion-informa-suspension-de-docencia-este-viernes-en-todo-el-pais","status":"publish","type":"post","link":"https:\/\/diariodominicano.com\/?p=645403","title":{"rendered":"Educaci\u00f3n informa\u00a0suspensi\u00f3n de docencia este viernes en todo el pa\u00eds"},"content":{"rendered":"\n<h3 class=\"wp-block-heading\"><\/h3>\n\n\n\n<p>23 de Octubre 2025 | 20:15<\/p>\n\n\n\n<figure class=\"wp-block-image\"><img decoding=\"async\" src=\"https:\/\/platform-cdn.sharethis.com\/img\/facebook.svg\" alt=\"facebook sharing button\"\/><\/figure>\n\n\n\n<figure class=\"wp-block-image\"><img decoding=\"async\" src=\"https:\/\/platform-cdn.sharethis.com\/img\/sharethis.svg\" alt=\"sharethis sharing button\"\/><\/figure>\n\n\n\n<p>Santo Domingo, RD.-<strong>\u00a0El Ministerio de Educaci\u00f3n de la Rep\u00fablica Dominicana<\/strong>\u00a0(Minerd) inform\u00f3 que\u00a0<strong>se extiende la suspensi\u00f3n de la docencia<\/strong>\u00a0a todo el territorio nacional para\u00a0<strong>hoy viernes<\/strong>, debido a los efectos de la\u00a0<strong>tormenta tropical Melissa<\/strong>, que contin\u00faa afectando gran parte de Rep\u00fablica Dominicana.<\/p>\n\n\n\n<p>La medida, adoptada como parte de las&nbsp;<strong>acciones preventivas<\/strong>&nbsp;ante las condiciones meteorol\u00f3gicas adversas, busca salvaguardar la seguridad de&nbsp;<strong>estudiantes, docentes y personal administrativo<\/strong>&nbsp;del sistema educativo p\u00fablico y privado.<\/p>\n\n\n\n<p>El ministro de Educaci\u00f3n,&nbsp;<strong>Luis Miguel De Camps<\/strong>, explic\u00f3 que el Minerd se mantiene en&nbsp;<strong>sesi\u00f3n permanente<\/strong>&nbsp;para dar seguimiento a la evoluci\u00f3n del fen\u00f3meno atmosf\u00e9rico y coordinar las&nbsp;<strong>decisiones necesarias<\/strong>&nbsp;junto con las autoridades competentes.<\/p>\n\n\n\n<p>De Camps sostuvo reuniones con&nbsp;<strong>directores regionales y distritales<\/strong>&nbsp;de Educaci\u00f3n para conocer, de primera mano, la situaci\u00f3n en cada localidad y evaluar las medidas a implementar, con el fin de&nbsp;<strong>garantizar la integridad<\/strong>&nbsp;de la comunidad educativa.<\/p>\n\n\n\n<p>El funcionario reiter\u00f3 el llamado a la poblaci\u00f3n a mantenerse atenta a los\u00a0<strong>boletines oficiales<\/strong>\u00a0del Centro de Operaciones de Emergencias\u00a0<strong>(COE)<\/strong>\u00a0y del propio Ministerio, a fin de\u00a0<strong>evitar riesgos innecesarios.<\/strong><\/p>\n\n\n\n<p>Con informaci\u00f3n de la Direcci\u00f3n de Comunicaciones de la Presidencia de la Rep\u00fablica.<\/p>\n","protected":false},"excerpt":{"rendered":"<p>23 de Octubre 2025 | 20:15 Santo Domingo, RD.-\u00a0El Ministerio de Educaci\u00f3n de la Rep\u00fablica Dominicana\u00a0(Minerd) inform\u00f3 que\u00a0se extiende la suspensi\u00f3n de la docencia\u00a0a todo el territorio nacional para\u00a0hoy viernes, debido a los efectos de la\u00a0tormenta tropical Melissa, que contin\u00faa afectando gran parte de Rep\u00fablica Dominicana. La medida, adoptada como parte de las&nbsp;acciones preventivas&nbsp;ante las [&hellip;]<\/p>\n","protected":false},"author":2,"featured_media":613662,"comment_status":"closed","ping_status":"closed","sticky":false,"template":"","format":"standard","meta":{"footnotes":""},"categories":[20],"tags":[],"class_list":["post-645403","post","type-post","status-publish","format-standard","has-post-thumbnail","hentry","category-dominicana-hoy"],"_links":{"self":[{"href":"https:\/\/diariodominicano.com\/index.php?rest_route=\/wp\/v2\/posts\/645403","targetHints":{"allow":["GET"]}}],"collection":[{"href":"https:\/\/diariodominicano.com\/index.php?rest_route=\/wp\/v2\/posts"}],"about":[{"href":"https:\/\/diariodominicano.com\/index.php?rest_route=\/wp\/v2\/types\/post"}],"author":[{"embeddable":true,"href":"https:\/\/diariodominicano.com\/index.php?rest_route=\/wp\/v2\/users\/2"}],"replies":[{"embeddable":true,"href":"https:\/\/diariodominicano.com\/index.php?rest_route=%2Fwp%2Fv2%2Fcomments&post=645403"}],"version-history":[{"count":1,"href":"https:\/\/diariodominicano.com\/index.php?rest_route=\/wp\/v2\/posts\/645403\/revisions"}],"predecessor-version":[{"id":645404,"href":"https:\/\/diariodominicano.com\/index.php?rest_route=\/wp\/v2\/posts\/645403\/revisions\/645404"}],"wp:featuredmedia":[{"embeddable":true,"href":"https:\/\/diariodominicano.com\/index.php?rest_route=\/wp\/v2\/media\/613662"}],"wp:attachment":[{"href":"https:\/\/diariodominicano.com\/index.php?rest_route=%2Fwp%2Fv2%2Fmedia&parent=645403"}],"wp:term":[{"taxonomy":"category","embeddable":true,"href":"https:\/\/diariodominicano.com\/index.php?rest_route=%2Fwp%2Fv2%2Fcategories&post=645403"},{"taxonomy":"post_tag","embeddable":true,"href":"https:\/\/diariodominicano.com\/index.php?rest_route=%2Fwp%2Fv2%2Ftags&post=645403"}],"curies":[{"name":"wp","href":"https:\/\/api.w.org\/{rel}","templated":true}]}}