{"id":645266,"date":"2025-10-23T02:16:48","date_gmt":"2025-10-23T06:16:48","guid":{"rendered":"https:\/\/diariodominicano.com\/?p=645266"},"modified":"2025-10-23T02:16:50","modified_gmt":"2025-10-23T06:16:50","slug":"revvo-abre-centro-de-negocios-en-megacentro","status":"publish","type":"post","link":"https:\/\/diariodominicano.com\/?p=645266","title":{"rendered":"REVVO abre Centro de Negocios en Megacentro"},"content":{"rendered":"\n<p>Santo Domingo.- La empresa de pr\u00e9stamos personales&nbsp;<strong>REVVO<\/strong>&nbsp;inaugur\u00f3 un moderno Centro de Negocios en el primer nivel de Megacentro, en el corredor Bot\u00e1nico, de Santo Domingo Este.<\/p>\n\n\n\n<p>Los directivos de la empresa, que, explicaron que la apertura en este importante centro comercial forma parte de la pol\u00edtica de expansi\u00f3n e innovaci\u00f3n a trav\u00e9s de soluciones financieras 100 por ciento digitales.<\/p>\n\n\n\n<p>Luis Mella, jefe de negocios de&nbsp;<strong>REVVO<\/strong>, explic\u00f3 que \u201cnuestro prop\u00f3sito es generar desarrollo, impulsando sue\u00f1os y metas, por lo que nos acercamos m\u00e1s a nuestros clientes para atenderlos de manera personalizada en este local\u201d.<\/p>\n\n\n\n<figure class=\"wp-block-image\"><img decoding=\"async\" src=\"https:\/\/diariodominicano.com\/wp-content\/uploads\/2025\/10\/2-1024x682.jpeg\" alt=\"\"\/><\/figure>\n\n\n\n<p>\u201cEstamos aqu\u00ed para contribuir a que los dominicanos tengan una opci\u00f3n distinta y adecuada de financiamiento, adaptado a su estilo de vida y sus necesidades.&nbsp;&nbsp;Los invitamos a que nos visiten en nuestro nuevo Centro de Negocios y nos den la oportunidad de brindarles soluciones \u00e1giles\u201d, dijo Luis Mella.<\/p>\n\n\n\n<p><strong>REVVO<\/strong>&nbsp;ofrece pr\u00e9stamos personales desde RD$30,000.00 a RD$120,000.00, y los requisitos para poder obtenerlo son: tener entre 19 y 65 a\u00f1os, c\u00e9dula de identidad, presentar carta de ingresos o \u00faltimos 3 movimientos bancarios, y tener estabilidad laboral de un a\u00f1o.&nbsp;<\/p>\n\n\n\n<p><a>Los horarios de atenci\u00f3n al p\u00fablico del nuevo Centro de Negocios de&nbsp;<strong>REVVO<\/strong>&nbsp;en Megacentro son de lunes a viernes de 9:00 AM a 7:00 PM, los s\u00e1bados de 9:00 AM a 6:00 PM y los domingos de 10:00 AM a 6:00 PM.<\/a><\/p>\n\n\n\n<p>Los usuarios tambi\u00e9n pueden acceder a&nbsp;<strong>REVVO<\/strong>&nbsp;por los canales de atenci\u00f3n digitales, a trav\u00e9s del n\u00famero de Whatsapp (849)951-6094 y la p\u00e1gina web&nbsp;<a href=\"http:\/\/www.revvo.com.do\/\" target=\"_blank\" rel=\"noreferrer noopener\">www.revvo.com.do<\/a>, as\u00ed como las redes sociales en Instagram y Facebook como REVVO.DO.<\/p>\n\n\n\n<p>Joel V\u00e1squez <a href=\"mailto:joel.vasquezramos@gmail.com\">joel.vasquezramos@gmail.com<\/a><\/p>\n","protected":false},"excerpt":{"rendered":"<p>Santo Domingo.- La empresa de pr\u00e9stamos personales&nbsp;REVVO&nbsp;inaugur\u00f3 un moderno Centro de Negocios en el primer nivel de Megacentro, en el corredor Bot\u00e1nico, de Santo Domingo Este. Los directivos de la empresa, que, explicaron que la apertura en este importante centro comercial forma parte de la pol\u00edtica de expansi\u00f3n e innovaci\u00f3n a trav\u00e9s de soluciones financieras [&hellip;]<\/p>\n","protected":false},"author":7,"featured_media":645271,"comment_status":"closed","ping_status":"closed","sticky":false,"template":"","format":"standard","meta":{"footnotes":""},"categories":[36],"tags":[956,3348],"class_list":["post-645266","post","type-post","status-publish","format-standard","has-post-thumbnail","hentry","category-hombresmujeresycosas","tag-megacentro","tag-revvo"],"_links":{"self":[{"href":"https:\/\/diariodominicano.com\/index.php?rest_route=\/wp\/v2\/posts\/645266","targetHints":{"allow":["GET"]}}],"collection":[{"href":"https:\/\/diariodominicano.com\/index.php?rest_route=\/wp\/v2\/posts"}],"about":[{"href":"https:\/\/diariodominicano.com\/index.php?rest_route=\/wp\/v2\/types\/post"}],"author":[{"embeddable":true,"href":"https:\/\/diariodominicano.com\/index.php?rest_route=\/wp\/v2\/users\/7"}],"replies":[{"embeddable":true,"href":"https:\/\/diariodominicano.com\/index.php?rest_route=%2Fwp%2Fv2%2Fcomments&post=645266"}],"version-history":[{"count":1,"href":"https:\/\/diariodominicano.com\/index.php?rest_route=\/wp\/v2\/posts\/645266\/revisions"}],"predecessor-version":[{"id":645273,"href":"https:\/\/diariodominicano.com\/index.php?rest_route=\/wp\/v2\/posts\/645266\/revisions\/645273"}],"wp:featuredmedia":[{"embeddable":true,"href":"https:\/\/diariodominicano.com\/index.php?rest_route=\/wp\/v2\/media\/645271"}],"wp:attachment":[{"href":"https:\/\/diariodominicano.com\/index.php?rest_route=%2Fwp%2Fv2%2Fmedia&parent=645266"}],"wp:term":[{"taxonomy":"category","embeddable":true,"href":"https:\/\/diariodominicano.com\/index.php?rest_route=%2Fwp%2Fv2%2Fcategories&post=645266"},{"taxonomy":"post_tag","embeddable":true,"href":"https:\/\/diariodominicano.com\/index.php?rest_route=%2Fwp%2Fv2%2Ftags&post=645266"}],"curies":[{"name":"wp","href":"https:\/\/api.w.org\/{rel}","templated":true}]}}