{"id":645251,"date":"2025-10-23T00:57:37","date_gmt":"2025-10-23T04:57:37","guid":{"rendered":"https:\/\/diariodominicano.com\/?p=645251"},"modified":"2025-10-23T01:00:54","modified_gmt":"2025-10-23T05:00:54","slug":"presidente-abinader-mantiene-suspension-de-labores-y-de-docencia-este-jueves-para-el-gran-santo-domingo-y-provincias-en-alerta-roja","status":"publish","type":"post","link":"https:\/\/diariodominicano.com\/?p=645251","title":{"rendered":"El Presidente Abinader mantiene suspensi\u00f3n de labores y de docencia este jueves en el Gran Santo Domingo y provincias en alerta roja"},"content":{"rendered":"\n<h3 class=\"wp-block-heading\">Las zonas bajo alerta roja son el Distrito Nacional, Santo Domingo, San Crist\u00f3bal, Peravia, San Jos\u00e9 de Ocoa, Azua, San Juan, Barahona y Pedernales.<\/h3>\n\n\n\n<p>22 de Octubre 2025 | 18:49<\/p>\n\n\n\n<figure class=\"wp-block-image\"><img decoding=\"async\" src=\"https:\/\/platform-cdn.sharethis.com\/img\/facebook.svg\" alt=\"facebook sharing button\"\/><\/figure>\n\n\n\n<figure class=\"wp-block-image\"><img decoding=\"async\" src=\"https:\/\/platform-cdn.sharethis.com\/img\/sharethis.svg\" alt=\"sharethis sharing button\"\/><\/figure>\n\n\n\n<p>Santo Domingo, RD.-\u00a0<strong>El presidente Luis Abinader<\/strong>\u00a0dispuso que se contin\u00fae la\u00a0<strong>suspensi\u00f3n de labores y de docencia en<\/strong>\u00a0<strong>las nueve provincias en alerta roja<\/strong>, como medida preventiva ante la\u00a0<strong>tormenta Melissa,<\/strong>\u00a0fen\u00f3meno que calific\u00f3 de\u00a0<strong>err\u00e1tico<\/strong>.<\/p>\n\n\n\n<p>Tras&nbsp;<strong>otra sesi\u00f3n de trabajo<\/strong>&nbsp;<strong>con organismos preventivos, alcald\u00edas &nbsp;y ministerios<\/strong>, el jefe de Estado reiter\u00f3 el llamado a la poblaci\u00f3n a ser precavidos y a dirigirse a lugares seguros, enfatizando la&nbsp;<strong>prioridad del Gobierno de proteger las vidas humanas.<\/strong><\/p>\n\n\n\n<p><em>\u201cLo que esperamos es que se aleje lo m\u00e1s posible, pero mientras tanto tenemos que ser precavidos\u201d,<\/em>&nbsp;indic\u00f3.<\/p>\n\n\n\n<p>El director del Centro de Operaciones de Emergencias&nbsp;<strong>(COE)<\/strong>, general retirado&nbsp;<strong>Juan Manuel M\u00e9ndez<\/strong>, se\u00f1al\u00f3 que&nbsp;<strong>13 provincias est\u00e1n en alerta amarilla y 3 en verde.<\/strong><\/p>\n\n\n\n<p>De acuerdo con la&nbsp;<strong>Resoluci\u00f3n 10-2025 del Ministerio de Trabajo<\/strong>, se mantienen suspendidas las labores a partir de la 1:00 de la tarde desde el mi\u00e9rcoles hasta el jueves 23 de octubre en las<strong>&nbsp;provincias en alerta roja: Distrito Nacional, Santo Domingo, San Crist\u00f3bal, Peravia, San Jos\u00e9 de Ocoa, Azua, San Juan, Barahona y Pedernales.<\/strong><\/p>\n\n\n\n<figure class=\"wp-block-image\"><img decoding=\"async\" src=\"https:\/\/www.presidencia.gob.do\/sites\/default\/files\/inline-images\/1000880004.jpg\" alt=\"\"\/><\/figure>\n\n\n\n<p>Sin embargo, los&nbsp;<em>\u201cnegocios que satisfacen necesidades b\u00e1sicas o esenciales, tales como supermercados, cl\u00ednicas, colmados, estaciones de combustibles, empresas de transmisi\u00f3n y distribuci\u00f3n el\u00e9ctrica, empresas de telecomunicaciones, empresas de funcionamiento contin\u00fao, empresas de seguridad o vigilantes privados y farmacias, podr\u00e1n abrir sus puertas con el personal m\u00ednimo que les permita brindar sus servicios a las personas que acudan a dichos establecimientos\u201d.<\/em><\/p>\n\n\n\n<p>Sostuvo que dichas&nbsp;<strong>medidas ser\u00e1n revisadas este jueves<\/strong>&nbsp;acorde al movimiento de traslaci\u00f3n que presente el fen\u00f3meno, cuya velocidad contin\u00faa en<strong>&nbsp;4 kil\u00f3metros por hora,<\/strong>&nbsp;lo que mantiene en&nbsp;<strong>incertidumbre a las autoridades.<\/strong><\/p>\n\n\n\n<p>Por esto,&nbsp;<em>\u201cla poblaci\u00f3n debe permanecer en sus casas, por un tema de seguridad\u201d.<\/em><\/p>\n\n\n\n<p><strong>Trayectoria<\/strong><\/p>\n\n\n\n<p><strong>Gloria Ceballos<\/strong>, directora del Instituto Dominicano de Meteorolog\u00eda&nbsp;<strong>(Indomet)<\/strong>, indic\u00f3 que el paso de la tormenta Melissa representa un&nbsp;<strong>riesgo de grandes acumulados de lluvias,<\/strong>&nbsp;que pueden superar los 300 mil\u00edmetros en algunos puntos del territorio nacional, al acercarse a la pen\u00ednsula de Hait\u00ed, sin embargo, su&nbsp;<strong>trayectoria proyectada hacia el noroeste es favorable,<\/strong>&nbsp;ya que se aleja del pa\u00eds.<\/p>\n\n\n\n<p>Las autoridades anunciaron tambi\u00e9n el&nbsp;<strong>incremento de lluvias para este jueves<\/strong>, las cuales continuar\u00e1n&nbsp;<strong>hasta el viernes<\/strong>, aunque con menor frecuencia y advierten sobre&nbsp;<strong>posibles inundaciones<\/strong>&nbsp;a causa de la saturaci\u00f3n de los suelos, principalmente en la&nbsp;<strong>costa sur\/suroeste<\/strong>.<\/p>\n\n\n\n<p>El mandatario encabez\u00f3 este mi\u00e9rcoles, junto con la vicepresidenta\u00a0<strong>Raquel Pe\u00f1a<\/strong>, la\u00a0<strong>segunda reuni\u00f3n de seguimiento<\/strong>\u00a0ante el paso de la tormenta tropical Melissa, que se ubica a unos 485 kil\u00f3metros al sur\/suroeste de Puerto Pr\u00edncipe y cuyo campo nuboso continuar\u00e1 provocando precipitaciones en la Rep\u00fablica Dominicana.<\/p>\n\n\n\n<p>Informaci\u00f3n de la Presidencia de la Rep\u00fablica Dominicana.<\/p>\n","protected":false},"excerpt":{"rendered":"<p>Las zonas bajo alerta roja son el Distrito Nacional, Santo Domingo, San Crist\u00f3bal, Peravia, San Jos\u00e9 de Ocoa, Azua, San Juan, Barahona y Pedernales. 22 de Octubre 2025 | 18:49 Santo Domingo, RD.-\u00a0El presidente Luis Abinader\u00a0dispuso que se contin\u00fae la\u00a0suspensi\u00f3n de labores y de docencia en\u00a0las nueve provincias en alerta roja, como medida preventiva ante [&hellip;]<\/p>\n","protected":false},"author":2,"featured_media":645252,"comment_status":"closed","ping_status":"closed","sticky":false,"template":"","format":"standard","meta":{"footnotes":""},"categories":[20,27],"tags":[],"class_list":["post-645251","post","type-post","status-publish","format-standard","has-post-thumbnail","hentry","category-dominicana-hoy","category-portada"],"_links":{"self":[{"href":"https:\/\/diariodominicano.com\/index.php?rest_route=\/wp\/v2\/posts\/645251","targetHints":{"allow":["GET"]}}],"collection":[{"href":"https:\/\/diariodominicano.com\/index.php?rest_route=\/wp\/v2\/posts"}],"about":[{"href":"https:\/\/diariodominicano.com\/index.php?rest_route=\/wp\/v2\/types\/post"}],"author":[{"embeddable":true,"href":"https:\/\/diariodominicano.com\/index.php?rest_route=\/wp\/v2\/users\/2"}],"replies":[{"embeddable":true,"href":"https:\/\/diariodominicano.com\/index.php?rest_route=%2Fwp%2Fv2%2Fcomments&post=645251"}],"version-history":[{"count":3,"href":"https:\/\/diariodominicano.com\/index.php?rest_route=\/wp\/v2\/posts\/645251\/revisions"}],"predecessor-version":[{"id":645255,"href":"https:\/\/diariodominicano.com\/index.php?rest_route=\/wp\/v2\/posts\/645251\/revisions\/645255"}],"wp:featuredmedia":[{"embeddable":true,"href":"https:\/\/diariodominicano.com\/index.php?rest_route=\/wp\/v2\/media\/645252"}],"wp:attachment":[{"href":"https:\/\/diariodominicano.com\/index.php?rest_route=%2Fwp%2Fv2%2Fmedia&parent=645251"}],"wp:term":[{"taxonomy":"category","embeddable":true,"href":"https:\/\/diariodominicano.com\/index.php?rest_route=%2Fwp%2Fv2%2Fcategories&post=645251"},{"taxonomy":"post_tag","embeddable":true,"href":"https:\/\/diariodominicano.com\/index.php?rest_route=%2Fwp%2Fv2%2Ftags&post=645251"}],"curies":[{"name":"wp","href":"https:\/\/api.w.org\/{rel}","templated":true}]}}