{"id":645159,"date":"2025-10-22T18:28:26","date_gmt":"2025-10-22T22:28:26","guid":{"rendered":"https:\/\/diariodominicano.com\/?p=645159"},"modified":"2025-10-22T18:58:18","modified_gmt":"2025-10-22T22:58:18","slug":"el-coe-mantiene-8-provincias-y-al-distrito-nacional-en-alerta-roja","status":"publish","type":"post","link":"https:\/\/diariodominicano.com\/?p=645159","title":{"rendered":"El COE mantiene 8 provincias y el Distrito Nacional en alerta roja"},"content":{"rendered":"\n<p>Tambi\u00e9n aument\u00f3 a 13 las provincias en alerta amarilla y mantiene 3 en alerta verde<\/p>\n\n\n\n<p>El COE inform\u00f3 el mi\u00e9rcoles que  mantiene 8 provincias y al Distrito Nacional en alerta roja, aument\u00f3 a  13 en alerta amarilla y mantiene 3 en alerta verde, debido a que la tormenta tropical Melissa, fue localizada recientemente a  485 kil\u00f3metros al sur\/suroeste de Puerto Pr\u00edncipe (Hait\u00ed).<\/p>\n\n\n\n<p>De igual forma, contin\u00faa desplaz\u00e1ndose hacia el oeste\/noroeste a unos 4 km\/h y se prev\u00e9 que avance con una lenta velocidad, seguido de un movimiento hacia el nor\/noroeste durante los pr\u00f3ximos d\u00edas.<\/p>\n\n\n\n<p>Tiene vientos m\u00e1ximos sostenidos de unos 85 km\/h con r\u00e1fagas superiores, pronostic\u00e1ndose un gradual fortalecimiento durante los pr\u00f3ximos d\u00edas.<\/p>\n\n\n\n<p>Se pronostica que el amplio campo nuboso asociado a la tormenta tropical Melissa seguir\u00e1 generando en los pr\u00f3ximos d\u00edas, precipitaciones fuertes a torrenciales ocasionalmente, tormentas el\u00e9ctricas y r\u00e1fagas de viento en gran parte del territorio dominicano, especialmente los poblados cerca del litoral Caribe\u00f1o, as\u00ed como, oleaje anormal en todas las costas del pa\u00eds.<\/p>\n\n\n\n<p>Las provincias en alerta roja&nbsp;<\/p>\n\n\n\n<figure class=\"wp-block-image\"><img decoding=\"async\" src=\"https:\/\/fonts.gstatic.com\/s\/e\/notoemoji\/16.0\/1f534\/32.png\" alt=\"\ud83d\udd34\"\/><\/figure>\n\n\n\n<p>son:<\/p>\n\n\n\n<p>Barahona<br>San Crist\u00f3bal<br>Santo Domingo<br>Distrito Nacional<br>San Jos\u00e9 de Ocoa<br>San Juan<br>Az\u00faa<br>Peravia<br>Pedernales<\/p>\n\n\n\n<p>En alerta amarilla&nbsp;<\/p>\n\n\n\n<figure class=\"wp-block-image\"><img decoding=\"async\" src=\"https:\/\/fonts.gstatic.com\/s\/e\/notoemoji\/16.0\/1f7e1\/32.png\" alt=\"\ud83d\udfe1\"\/><\/figure>\n\n\n\n<p>est\u00e1n:<\/p>\n\n\n\n<p>La Vega<br>La Romana<br>Hato Mayor<br>El Seibo<br>Saman\u00e1<br>San Pedro de Macor\u00eds<br>Monse\u00f1or Nouel<br>S\u00e1nchez Ram\u00edrez<br>La Altagracia<br>El\u00edas Pi\u00f1a<br>Monte Plata<br>Independencia<br>Bahoruco<\/p>\n\n\n\n<p>En alerta verde&nbsp;<\/p>\n\n\n\n<figure class=\"wp-block-image\"><img decoding=\"async\" src=\"https:\/\/fonts.gstatic.com\/s\/e\/notoemoji\/16.0\/1f7e2\/32.png\" alt=\"\ud83d\udfe2\"\/><\/figure>\n\n\n\n<p>est\u00e1n:<\/p>\n\n\n\n<p>Mar\u00eda Trinidad S\u00e1nchez<br>Santiago<br>Duarte<\/p>\n\n\n\n<p>En ese sentido, se recomienda a las personas abstenerse de cruzar, r\u00edos, arroyos y ca\u00f1adas que presenten altos vol\u00famenes de agua en las provincias bajo alerta.<\/p>\n\n\n\n<p>Del mismo modo, en la Costa Atl\u00e1ntica y Caribe\u00f1a se recomienda a los operadores de las fr\u00e1giles, peque\u00f1as y medianas embarcaciones, permanecer en puerto debido a viento, oleaje peligroso, as\u00ed como tambi\u00e9n por fuertes aguaceros y tormentas el\u00e9ctricas.<\/p>\n\n\n\n<p>De igual forma ,en la Costa Atl\u00e1ntica y Caribe\u00f1a se instruye a los organismos de protecci\u00f3n civil, a tomar todas las medidas preventivas de lugar, a fin de preservar la vida de los usuarios de dicha costa, debido a probables rompientes y corrientes de resaca.<\/p>\n\n\n\n<p><strong>Jos\u00e9 Luis&nbsp;Germ\u00e1n&nbsp;<\/strong>| Sub-director | Comunicaciones e&nbsp;Informaci\u00f3n&nbsp;Digital|Divisi\u00f3n&nbsp;de&nbsp;Planificaci\u00f3n&nbsp;Operativa|&nbsp;<\/p>\n\n\n\n<p><strong><a href=\"http:\/\/www.coe.gob.do\/\" target=\"_blank\" rel=\"noreferrer noopener\">Centro de Operaciones de Emergencias<\/a><\/strong>| Plaza de La Salud,Tel. &nbsp;+1 809 472 0909 ext 310, Cell.. + 1 8299620811<\/p>\n","protected":false},"excerpt":{"rendered":"<p>Tambi\u00e9n aument\u00f3 a 13 las provincias en alerta amarilla y mantiene 3 en alerta verde El COE inform\u00f3 el mi\u00e9rcoles que mantiene 8 provincias y al Distrito Nacional en alerta roja, aument\u00f3 a 13 en alerta amarilla y mantiene 3 en alerta verde, debido a que la tormenta tropical Melissa, fue localizada recientemente a 485 [&hellip;]<\/p>\n","protected":false},"author":2,"featured_media":645161,"comment_status":"closed","ping_status":"closed","sticky":false,"template":"","format":"standard","meta":{"footnotes":""},"categories":[20,27],"tags":[],"class_list":["post-645159","post","type-post","status-publish","format-standard","has-post-thumbnail","hentry","category-dominicana-hoy","category-portada"],"_links":{"self":[{"href":"https:\/\/diariodominicano.com\/index.php?rest_route=\/wp\/v2\/posts\/645159","targetHints":{"allow":["GET"]}}],"collection":[{"href":"https:\/\/diariodominicano.com\/index.php?rest_route=\/wp\/v2\/posts"}],"about":[{"href":"https:\/\/diariodominicano.com\/index.php?rest_route=\/wp\/v2\/types\/post"}],"author":[{"embeddable":true,"href":"https:\/\/diariodominicano.com\/index.php?rest_route=\/wp\/v2\/users\/2"}],"replies":[{"embeddable":true,"href":"https:\/\/diariodominicano.com\/index.php?rest_route=%2Fwp%2Fv2%2Fcomments&post=645159"}],"version-history":[{"count":3,"href":"https:\/\/diariodominicano.com\/index.php?rest_route=\/wp\/v2\/posts\/645159\/revisions"}],"predecessor-version":[{"id":645165,"href":"https:\/\/diariodominicano.com\/index.php?rest_route=\/wp\/v2\/posts\/645159\/revisions\/645165"}],"wp:featuredmedia":[{"embeddable":true,"href":"https:\/\/diariodominicano.com\/index.php?rest_route=\/wp\/v2\/media\/645161"}],"wp:attachment":[{"href":"https:\/\/diariodominicano.com\/index.php?rest_route=%2Fwp%2Fv2%2Fmedia&parent=645159"}],"wp:term":[{"taxonomy":"category","embeddable":true,"href":"https:\/\/diariodominicano.com\/index.php?rest_route=%2Fwp%2Fv2%2Fcategories&post=645159"},{"taxonomy":"post_tag","embeddable":true,"href":"https:\/\/diariodominicano.com\/index.php?rest_route=%2Fwp%2Fv2%2Ftags&post=645159"}],"curies":[{"name":"wp","href":"https:\/\/api.w.org\/{rel}","templated":true}]}}