{"id":645140,"date":"2025-10-22T17:59:17","date_gmt":"2025-10-22T21:59:17","guid":{"rendered":"https:\/\/diariodominicano.com\/?p=645140"},"modified":"2025-10-22T17:59:26","modified_gmt":"2025-10-22T21:59:26","slug":"promese-cal-anuncia-su-integracion-al-programa-de-salud-de-los-juegos-centroamericanos-y-del-caribe-santo-domingo-2026","status":"publish","type":"post","link":"https:\/\/diariodominicano.com\/?p=645140","title":{"rendered":"PROMESE-CAL anuncia su integraci\u00f3n al Programa de Salud de los Juegos Centroamericanos y del Caribe Santo Domingo 2026"},"content":{"rendered":"\n<p>Desde la izquierda, los doctores Jos\u00e9 Luis L\u00f3pez, Vilma Guerrero y Milton Pinedo.<\/p>\n\n\n\n<p>SANTO DOMINGO.- El Programa de Medicamentos Esenciales y Central de Apoyo Log\u00edstico (PROMESE-CAL) anunci\u00f3 su integraci\u00f3n oficial al Programa de Salud de los XXV Juegos Centroamericanos y del Caribe Santo Domingo 2026, reafirmando su compromiso con el fortalecimiento del sistema sanitario nacional y el respaldo a las pol\u00edticas de salud p\u00fablica durante eventos deportivos de gran escala.<\/p>\n\n\n\n<p>El doctor Jos\u00e9 Luis L\u00f3pez, director ejecutivo de PROMESE-CAL, manifest\u00f3 su total apoyo a la iniciativa durante una reuni\u00f3n sostenida con el doctor Milton Pinedo, gerente de Servicios M\u00e9dicos de los Juegos, y la doctora Vilma Guerrero, asesora farmac\u00e9utica.<\/p>\n\n\n\n<p>\u201cEl compromiso de PROMESE-CAL es garantizar el acceso oportuno a medicamentos de calidad para todos los atletas y delegaciones participantes, en coordinaci\u00f3n con la gerencia de servicios m\u00e9dicos y la red de emergencia de los juegos\u201d, expres\u00f3 el Dr. L\u00f3pez.<\/p>\n\n\n\n<p>Como central \u00fanica de suministro de medicamentos, productos e insumos sanitarios del Gobierno dominicano, PROMESE-CAL desempe\u00f1ar\u00e1 un papel clave en la provisi\u00f3n y control de los recursos m\u00e9dicos necesarios para la atenci\u00f3n de m\u00e1s de 6,000 atletas y delegados que participar\u00e1n en el evento multideportivo m\u00e1s importante de la regi\u00f3n.<\/p>\n\n\n\n<p>La integraci\u00f3n de PROMESE-CAL al programa de salud se suma al trabajo conjunto con la red hospitalaria del Servicio Nacional de Salud (SNS) y el Sistema Nacional de Emergencias DAHE-911, garantizando as\u00ed una cobertura m\u00e9dica integral durante el desarrollo de los Juegos Santo Domingo 2026, programados para celebrarse del 24 de julio al 8 de agosto.<\/p>\n\n\n\n<p>Prensa JCC2026<\/p>\n\n\n\n<p><a target=\"_blank\" href=\"mailto:prensa@jcc2026.org\" rel=\"noreferrer noopener\">prensa@jcc2026.org<\/a><\/p>\n","protected":false},"excerpt":{"rendered":"<p>Desde la izquierda, los doctores Jos\u00e9 Luis L\u00f3pez, Vilma Guerrero y Milton Pinedo. SANTO DOMINGO.- El Programa de Medicamentos Esenciales y Central de Apoyo Log\u00edstico (PROMESE-CAL) anunci\u00f3 su integraci\u00f3n oficial al Programa de Salud de los XXV Juegos Centroamericanos y del Caribe Santo Domingo 2026, reafirmando su compromiso con el fortalecimiento del sistema sanitario nacional [&hellip;]<\/p>\n","protected":false},"author":2,"featured_media":645141,"comment_status":"closed","ping_status":"closed","sticky":false,"template":"","format":"standard","meta":{"footnotes":""},"categories":[20,27],"tags":[],"class_list":["post-645140","post","type-post","status-publish","format-standard","has-post-thumbnail","hentry","category-dominicana-hoy","category-portada"],"_links":{"self":[{"href":"https:\/\/diariodominicano.com\/index.php?rest_route=\/wp\/v2\/posts\/645140","targetHints":{"allow":["GET"]}}],"collection":[{"href":"https:\/\/diariodominicano.com\/index.php?rest_route=\/wp\/v2\/posts"}],"about":[{"href":"https:\/\/diariodominicano.com\/index.php?rest_route=\/wp\/v2\/types\/post"}],"author":[{"embeddable":true,"href":"https:\/\/diariodominicano.com\/index.php?rest_route=\/wp\/v2\/users\/2"}],"replies":[{"embeddable":true,"href":"https:\/\/diariodominicano.com\/index.php?rest_route=%2Fwp%2Fv2%2Fcomments&post=645140"}],"version-history":[{"count":1,"href":"https:\/\/diariodominicano.com\/index.php?rest_route=\/wp\/v2\/posts\/645140\/revisions"}],"predecessor-version":[{"id":645142,"href":"https:\/\/diariodominicano.com\/index.php?rest_route=\/wp\/v2\/posts\/645140\/revisions\/645142"}],"wp:featuredmedia":[{"embeddable":true,"href":"https:\/\/diariodominicano.com\/index.php?rest_route=\/wp\/v2\/media\/645141"}],"wp:attachment":[{"href":"https:\/\/diariodominicano.com\/index.php?rest_route=%2Fwp%2Fv2%2Fmedia&parent=645140"}],"wp:term":[{"taxonomy":"category","embeddable":true,"href":"https:\/\/diariodominicano.com\/index.php?rest_route=%2Fwp%2Fv2%2Fcategories&post=645140"},{"taxonomy":"post_tag","embeddable":true,"href":"https:\/\/diariodominicano.com\/index.php?rest_route=%2Fwp%2Fv2%2Ftags&post=645140"}],"curies":[{"name":"wp","href":"https:\/\/api.w.org\/{rel}","templated":true}]}}