{"id":645133,"date":"2025-10-22T17:50:22","date_gmt":"2025-10-22T21:50:22","guid":{"rendered":"https:\/\/diariodominicano.com\/?p=645133"},"modified":"2025-10-22T17:50:31","modified_gmt":"2025-10-22T21:50:31","slug":"defensa-civil-coordina-asistencia-para-personas-albergadas-por-tormenta-melissa","status":"publish","type":"post","link":"https:\/\/diariodominicano.com\/?p=645133","title":{"rendered":"Defensa Civil coordina asistencia para personas albergadas por Tormenta Melissa"},"content":{"rendered":"\n<figure class=\"wp-block-table\"><table><tbody><tr><td><\/td><td><\/td><td><\/td><td rowspan=\"2\"><\/td><\/tr><tr><td colspan=\"3\"><img decoding=\"async\" src=\"https:\/\/mail.google.com\/mail\/u\/1\/images\/cleardot.gif\" alt=\"\"><\/td><\/tr><\/tbody><\/table><\/figure>\n\n\n\n<p><strong>San Juan, RD. &#8211;<\/strong>\u00a0La Defensa Civil inform\u00f3 que administra dos albergues que fueron activados en la provincia San Juan, de manera preventiva y ante los efectos de la Tormenta Tropical Melissa, que se espera contin\u00fae dejando precipitaciones intensas en gran parte del pa\u00eds, de forma especial en la zona costera caribe\u00f1a.<\/p>\n\n\n\n<figure class=\"wp-block-image size-large\"><img loading=\"lazy\" decoding=\"async\" width=\"1024\" height=\"682\" src=\"https:\/\/diariodominicano.com\/wp-content\/uploads\/2025\/10\/WhatsApp-Image-2025-10-22-at-3.14.59-PM-1-1024x682.jpeg\" alt=\"\" class=\"wp-image-645135\" srcset=\"https:\/\/diariodominicano.com\/wp-content\/uploads\/2025\/10\/WhatsApp-Image-2025-10-22-at-3.14.59-PM-1-1024x682.jpeg 1024w, https:\/\/diariodominicano.com\/wp-content\/uploads\/2025\/10\/WhatsApp-Image-2025-10-22-at-3.14.59-PM-1-300x200.jpeg 300w, https:\/\/diariodominicano.com\/wp-content\/uploads\/2025\/10\/WhatsApp-Image-2025-10-22-at-3.14.59-PM-1-768x512.jpeg 768w, https:\/\/diariodominicano.com\/wp-content\/uploads\/2025\/10\/WhatsApp-Image-2025-10-22-at-3.14.59-PM-1-816x544.jpeg 816w, https:\/\/diariodominicano.com\/wp-content\/uploads\/2025\/10\/WhatsApp-Image-2025-10-22-at-3.14.59-PM-1.jpeg 1280w\" sizes=\"auto, (max-width: 1024px) 100vw, 1024px\" \/><\/figure>\n\n\n\n<p>El subdirector ejecutivo de la entidad, Bernardo Rodr\u00edguez, indic\u00f3 que en total unas 42 personas est\u00e1n albergadas en dos centros colectivos, con la finalidad de preservar sus vidas.<\/p>\n\n\n\n<figure class=\"wp-block-image size-large\"><img loading=\"lazy\" decoding=\"async\" width=\"1024\" height=\"768\" src=\"https:\/\/diariodominicano.com\/wp-content\/uploads\/2025\/10\/WhatsApp-Image-2025-10-22-at-3.15.00-PM-1-1024x768.jpeg\" alt=\"\" class=\"wp-image-645136\" srcset=\"https:\/\/diariodominicano.com\/wp-content\/uploads\/2025\/10\/WhatsApp-Image-2025-10-22-at-3.15.00-PM-1-1024x768.jpeg 1024w, https:\/\/diariodominicano.com\/wp-content\/uploads\/2025\/10\/WhatsApp-Image-2025-10-22-at-3.15.00-PM-1-300x225.jpeg 300w, https:\/\/diariodominicano.com\/wp-content\/uploads\/2025\/10\/WhatsApp-Image-2025-10-22-at-3.15.00-PM-1-768x576.jpeg 768w, https:\/\/diariodominicano.com\/wp-content\/uploads\/2025\/10\/WhatsApp-Image-2025-10-22-at-3.15.00-PM-1-816x612.jpeg 816w, https:\/\/diariodominicano.com\/wp-content\/uploads\/2025\/10\/WhatsApp-Image-2025-10-22-at-3.15.00-PM-1.jpeg 1152w\" sizes=\"auto, (max-width: 1024px) 100vw, 1024px\" \/><\/figure>\n\n\n\n<p>Explic\u00f3 que, por instrucciones del presidente Luis Abinader y del director ejecutivo del organismo naranja, Juan Salas, se coordina con otras instituciones del Estado las ayudas necesarias para que a estas personas no les falte nada durante su estad\u00eda en los albergues.<\/p>\n\n\n\n<figure class=\"wp-block-image size-large\"><img loading=\"lazy\" decoding=\"async\" width=\"1024\" height=\"768\" src=\"https:\/\/diariodominicano.com\/wp-content\/uploads\/2025\/10\/WhatsApp-Image-2025-10-22-at-3.14.59-PM-2-1024x768.jpeg\" alt=\"\" class=\"wp-image-645137\" srcset=\"https:\/\/diariodominicano.com\/wp-content\/uploads\/2025\/10\/WhatsApp-Image-2025-10-22-at-3.14.59-PM-2-1024x768.jpeg 1024w, https:\/\/diariodominicano.com\/wp-content\/uploads\/2025\/10\/WhatsApp-Image-2025-10-22-at-3.14.59-PM-2-300x225.jpeg 300w, https:\/\/diariodominicano.com\/wp-content\/uploads\/2025\/10\/WhatsApp-Image-2025-10-22-at-3.14.59-PM-2-768x576.jpeg 768w, https:\/\/diariodominicano.com\/wp-content\/uploads\/2025\/10\/WhatsApp-Image-2025-10-22-at-3.14.59-PM-2-816x612.jpeg 816w, https:\/\/diariodominicano.com\/wp-content\/uploads\/2025\/10\/WhatsApp-Image-2025-10-22-at-3.14.59-PM-2.jpeg 1280w\" sizes=\"auto, (max-width: 1024px) 100vw, 1024px\" \/><\/figure>\n\n\n\n<p>\u201cTenemos 10 personas albergadas en el Estadio Hermano Su\u00e1rez en la Mesopotamia y otras 32 en el Centro Tecnol\u00f3gico Sabaneta, en Sabaneta. Instituciones hermanas como los Comedores Econ\u00f3micos, Sup\u00e9rate y la Polic\u00eda Nacional trabajan en garantizar seguridad, alimentaci\u00f3n y otras necesidades\u201d, dijo Rodr\u00edguez.<\/p>\n\n\n\n<figure class=\"wp-block-image size-large\"><img loading=\"lazy\" decoding=\"async\" width=\"1024\" height=\"768\" src=\"https:\/\/diariodominicano.com\/wp-content\/uploads\/2025\/10\/WhatsApp-Image-2025-10-22-at-3.14.59-PM-1024x768.jpeg\" alt=\"\" class=\"wp-image-645138\" srcset=\"https:\/\/diariodominicano.com\/wp-content\/uploads\/2025\/10\/WhatsApp-Image-2025-10-22-at-3.14.59-PM-1024x768.jpeg 1024w, https:\/\/diariodominicano.com\/wp-content\/uploads\/2025\/10\/WhatsApp-Image-2025-10-22-at-3.14.59-PM-300x225.jpeg 300w, https:\/\/diariodominicano.com\/wp-content\/uploads\/2025\/10\/WhatsApp-Image-2025-10-22-at-3.14.59-PM-768x576.jpeg 768w, https:\/\/diariodominicano.com\/wp-content\/uploads\/2025\/10\/WhatsApp-Image-2025-10-22-at-3.14.59-PM-816x612.jpeg 816w, https:\/\/diariodominicano.com\/wp-content\/uploads\/2025\/10\/WhatsApp-Image-2025-10-22-at-3.14.59-PM.jpeg 1280w\" sizes=\"auto, (max-width: 1024px) 100vw, 1024px\" \/><\/figure>\n\n\n\n<p>Destac\u00f3 que la Defensa Civil se mantiene en el terreno en supervisi\u00f3n constante de zonas vulnerables, perifoneos preventivos, corte y poda de \u00e1rboles y participando en las reuniones de los Comit\u00e9s de Prevenci\u00f3n, Mitigaci\u00f3n y Respuesta (CPMR), junto a las gobernadoras, quienes los encabezan a nivel provincial, y a los alcaldes a nivel municipal, en las localidades bajo alerta.<\/p>\n\n\n\n<p>Asimismo, recomend\u00f3 a la poblaci\u00f3n que habita en zonas vulnerables mantenerse atenta a las informaciones oficiales de los organismos de protecci\u00f3n civil y evitar desplazamientos innecesarios mientras persistan los efectos del fen\u00f3meno.<\/p>\n\n\n\n<p>Defensa Civil Dominicana<\/p>\n\n\n\n<p><a target=\"_blank\" href=\"mailto:redesdefensacivil@gmail.com\" rel=\"noreferrer noopener\">redesdefensacivil@gmail.com<\/a><\/p>\n","protected":false},"excerpt":{"rendered":"<p>San Juan, RD. &#8211;\u00a0La Defensa Civil inform\u00f3 que administra dos albergues que fueron activados en la provincia San Juan, de manera preventiva y ante los efectos de la Tormenta Tropical Melissa, que se espera contin\u00fae dejando precipitaciones intensas en gran parte del pa\u00eds, de forma especial en la zona costera caribe\u00f1a. El subdirector ejecutivo de [&hellip;]<\/p>\n","protected":false},"author":2,"featured_media":645134,"comment_status":"closed","ping_status":"closed","sticky":false,"template":"","format":"standard","meta":{"footnotes":""},"categories":[20,27],"tags":[],"class_list":["post-645133","post","type-post","status-publish","format-standard","has-post-thumbnail","hentry","category-dominicana-hoy","category-portada"],"_links":{"self":[{"href":"https:\/\/diariodominicano.com\/index.php?rest_route=\/wp\/v2\/posts\/645133","targetHints":{"allow":["GET"]}}],"collection":[{"href":"https:\/\/diariodominicano.com\/index.php?rest_route=\/wp\/v2\/posts"}],"about":[{"href":"https:\/\/diariodominicano.com\/index.php?rest_route=\/wp\/v2\/types\/post"}],"author":[{"embeddable":true,"href":"https:\/\/diariodominicano.com\/index.php?rest_route=\/wp\/v2\/users\/2"}],"replies":[{"embeddable":true,"href":"https:\/\/diariodominicano.com\/index.php?rest_route=%2Fwp%2Fv2%2Fcomments&post=645133"}],"version-history":[{"count":1,"href":"https:\/\/diariodominicano.com\/index.php?rest_route=\/wp\/v2\/posts\/645133\/revisions"}],"predecessor-version":[{"id":645139,"href":"https:\/\/diariodominicano.com\/index.php?rest_route=\/wp\/v2\/posts\/645133\/revisions\/645139"}],"wp:featuredmedia":[{"embeddable":true,"href":"https:\/\/diariodominicano.com\/index.php?rest_route=\/wp\/v2\/media\/645134"}],"wp:attachment":[{"href":"https:\/\/diariodominicano.com\/index.php?rest_route=%2Fwp%2Fv2%2Fmedia&parent=645133"}],"wp:term":[{"taxonomy":"category","embeddable":true,"href":"https:\/\/diariodominicano.com\/index.php?rest_route=%2Fwp%2Fv2%2Fcategories&post=645133"},{"taxonomy":"post_tag","embeddable":true,"href":"https:\/\/diariodominicano.com\/index.php?rest_route=%2Fwp%2Fv2%2Ftags&post=645133"}],"curies":[{"name":"wp","href":"https:\/\/api.w.org\/{rel}","templated":true}]}}