{"id":645092,"date":"2025-10-22T01:40:43","date_gmt":"2025-10-22T05:40:43","guid":{"rendered":"https:\/\/diariodominicano.com\/?p=645092"},"modified":"2025-10-22T02:24:53","modified_gmt":"2025-10-22T06:24:53","slug":"presidente-abinader-dispone-suspension-de-la-docencia-en-los-sectores-publico-y-privado-por-48-horas-en-el-gran-santo-domingo-y-litoral-sur-por-tormenta-melissa","status":"publish","type":"post","link":"https:\/\/diariodominicano.com\/?p=645092","title":{"rendered":"El Presidente Abinader dispone suspensi\u00f3n de la docencia en los sectores p\u00fablico y privado por 48 horas en el Gran Santo Domingo y litoral sur por tormenta Melissa"},"content":{"rendered":"\n<h3 class=\"wp-block-heading\">La suspensi\u00f3n de labores en sectores p\u00fablico y privado ser\u00e1 a partir de la 1:00 de la tarde.<\/h3>\n\n\n\n<p>21 de Octubre 2025 |<\/p>\n\n\n\n<p>Santo Domingo, RD.-&nbsp;<strong>El presidente Luis Abinader<\/strong>&nbsp;dispuso la&nbsp;<strong>suspensi\u00f3n de la docencia<\/strong>&nbsp;por 48 horas, desde este mi\u00e9rcoles&nbsp;<strong>22 hasta el jueves 23,<\/strong>&nbsp;al igual que las labores en el sector p\u00fablico y en el privado, a partir de la&nbsp;<strong>1:00 de la tarde<\/strong>.&nbsp;<\/p>\n\n\n\n<p>Las medidas son efectivas en las&nbsp;<strong>provincias declaradas en alerta roja:<\/strong>&nbsp;el Gran Santo Domingo, San Crist\u00f3bal, Peravia, Azua, Barahona, Pedernales, San Jos\u00e9 de Ocoa y San Juan.<\/p>\n\n\n\n<p>En caso de que las autoridades emitan una&nbsp;<strong>alerta roja a otra provincia o demarcaci\u00f3n,<\/strong>&nbsp;las labores en el sector p\u00fablico&nbsp;<strong>quedar\u00e1n suspendidas<\/strong>&nbsp;para este mi\u00e9rcoles, desde el momento que se d\u00e9 el aviso.<\/p>\n\n\n\n<p>No obstante, aquellos titulares de \u00f3rganos, entes y empresas p\u00fablicas podr\u00e1n establecer&nbsp;<strong>horarios de trabajo especiales<\/strong>&nbsp;cuando la instituci\u00f3n, por su naturaleza, lo requiera, a fin de garantizar la&nbsp;<strong>prestaci\u00f3n de los servicios esenciales<\/strong>&nbsp;a la ciudadan\u00eda.&nbsp;<\/p>\n\n\n\n<p>En tanto, en&nbsp;<strong>alerta amarilla<\/strong>&nbsp;est\u00e1n: La Vega, La Romana, San Pedro de Macor\u00eds, La Altagracia, Monse\u00f1or Nouel, Hato Mayor, Monte Plata, S\u00e1nchez Ram\u00edrez, El Seibo, Independencia y El\u00edas Pi\u00f1a. Mientras que&nbsp;<strong>en verde<\/strong>&nbsp;est\u00e1n: Bahoruco, Mar\u00eda Trinidad S\u00e1nchez, Saman\u00e1, Santiago.&nbsp;<\/p>\n\n\n\n<p>Esta reuni\u00f3n se produce ante la evoluci\u00f3n de la&nbsp;<strong>tormenta tropical Melissa<\/strong>&nbsp;por el sur del pa\u00eds y la amenaza de dejar acumulados entre 200 y 300 mil\u00edmetros de lluvia en amplias zonas del territorio nacional.&nbsp;<\/p>\n\n\n\n<p>La tormenta tropical Melissa se form\u00f3 este martes\u00a0<strong>en el mar Caribe\u00a0<\/strong>y gener\u00f3 avisos por fuertes lluvias y vientos para\u00a0<strong>Hait\u00ed, Rep\u00fablica Dominicana y Jamaica.<\/strong> <\/p>\n\n\n\n<figure class=\"wp-block-image\"><img decoding=\"async\" src=\"https:\/\/www.presidencia.gob.do\/sites\/default\/files\/inline-images\/WhatsApp%20Image%202025-10-21%20at%208.55.49%20PM%281%29.jpeg\" alt=\"\"\/><\/figure>\n\n\n\n<p>El&nbsp;<strong>Centro de Operaciones de Emergencia<\/strong>&nbsp;(COE) inform\u00f3 la activaci\u00f3n de&nbsp;<strong>1,455 albergues<\/strong>&nbsp;en 14 provincias bajo alerta amarilla. Sobre todo, con especial atenci\u00f3n a comunidades cercanas a&nbsp;<strong>ca\u00f1adas, cuencas fluviales y zonas con drenajes deficientes.<\/strong><\/p>\n\n\n\n<p>Seg\u00fan pronostica el&nbsp;<strong>Indomet<\/strong>, en las pr\u00f3ximas horas se esperan acumulados de lluvias de&nbsp;<strong>hasta 300 mil\u00edmetros,<\/strong>&nbsp;por lo que el&nbsp;<strong>COE<\/strong>&nbsp;reiter\u00f3 el llamado a la poblaci\u00f3n a mantenerse atenta a los&nbsp;<strong>boletines oficiales<\/strong>&nbsp;y a seguir las&nbsp;<strong>recomendaciones de las autoridades<\/strong>.<\/p>\n\n\n\n<p>Mientras esto ocurre, las instituciones del Estado continuar\u00e1n en&nbsp;<strong>sesi\u00f3n permanente<\/strong>&nbsp;para garantizar una respuesta&nbsp;<strong>coordinada y efectiva<\/strong>&nbsp;ante cualquier eventualidad.<\/p>\n\n\n\n<p>El jefe de Estado, al pronunciar unas breves palabras, exhort\u00f3 a la poblaci\u00f3n a dirigirse a&nbsp;<strong>lugares seguros,<\/strong>&nbsp;y al mismo tiempo, afirm\u00f3 que todos los organismos de socorro se mantendr\u00e1n en&nbsp;<strong>sesi\u00f3n permanente,<\/strong>&nbsp;ya que lo importante es&nbsp;<strong>salvar vidas y prevenir.<\/strong><\/p>\n\n\n\n<p>El mandatario se reuni\u00f3 este martes, junto con la&nbsp;<strong>vicepresidenta Raquel Pe\u00f1a<\/strong>, con titulares de diferentes instituciones gubernamentales en el&nbsp;<strong>Palacio Nacional,<\/strong>&nbsp;y all\u00ed revisaron los&nbsp;<strong>planes de contingencia<\/strong>&nbsp;y establecieron las&nbsp;<strong>directrices necesarias<\/strong>&nbsp;para garantizar una respuesta&nbsp;<strong>oportuna y coordinada<\/strong>&nbsp;del Gobierno frente a cualquier eventualidad que pudiera surgir.<\/p>\n\n\n\n<p>Informaci\u00f3n de la Direcci\u00f3n de Comunicaciones de la Presidencia de la Rep\u00fablica<\/p>\n\n\n\n<p>#Abinader\u2003\u2003\u2003\u2003\u2003\u2002#Paliza <\/p>\n","protected":false},"excerpt":{"rendered":"<p>La suspensi\u00f3n de labores en sectores p\u00fablico y privado ser\u00e1 a partir de la 1:00 de la tarde. 21 de Octubre 2025 | Santo Domingo, RD.-&nbsp;El presidente Luis Abinader&nbsp;dispuso la&nbsp;suspensi\u00f3n de la docencia&nbsp;por 48 horas, desde este mi\u00e9rcoles&nbsp;22 hasta el jueves 23,&nbsp;al igual que las labores en el sector p\u00fablico y en el privado, a [&hellip;]<\/p>\n","protected":false},"author":2,"featured_media":645093,"comment_status":"closed","ping_status":"closed","sticky":false,"template":"","format":"standard","meta":{"footnotes":""},"categories":[20,27],"tags":[],"class_list":["post-645092","post","type-post","status-publish","format-standard","has-post-thumbnail","hentry","category-dominicana-hoy","category-portada"],"_links":{"self":[{"href":"https:\/\/diariodominicano.com\/index.php?rest_route=\/wp\/v2\/posts\/645092","targetHints":{"allow":["GET"]}}],"collection":[{"href":"https:\/\/diariodominicano.com\/index.php?rest_route=\/wp\/v2\/posts"}],"about":[{"href":"https:\/\/diariodominicano.com\/index.php?rest_route=\/wp\/v2\/types\/post"}],"author":[{"embeddable":true,"href":"https:\/\/diariodominicano.com\/index.php?rest_route=\/wp\/v2\/users\/2"}],"replies":[{"embeddable":true,"href":"https:\/\/diariodominicano.com\/index.php?rest_route=%2Fwp%2Fv2%2Fcomments&post=645092"}],"version-history":[{"count":6,"href":"https:\/\/diariodominicano.com\/index.php?rest_route=\/wp\/v2\/posts\/645092\/revisions"}],"predecessor-version":[{"id":645104,"href":"https:\/\/diariodominicano.com\/index.php?rest_route=\/wp\/v2\/posts\/645092\/revisions\/645104"}],"wp:featuredmedia":[{"embeddable":true,"href":"https:\/\/diariodominicano.com\/index.php?rest_route=\/wp\/v2\/media\/645093"}],"wp:attachment":[{"href":"https:\/\/diariodominicano.com\/index.php?rest_route=%2Fwp%2Fv2%2Fmedia&parent=645092"}],"wp:term":[{"taxonomy":"category","embeddable":true,"href":"https:\/\/diariodominicano.com\/index.php?rest_route=%2Fwp%2Fv2%2Fcategories&post=645092"},{"taxonomy":"post_tag","embeddable":true,"href":"https:\/\/diariodominicano.com\/index.php?rest_route=%2Fwp%2Fv2%2Ftags&post=645092"}],"curies":[{"name":"wp","href":"https:\/\/api.w.org\/{rel}","templated":true}]}}