{"id":645076,"date":"2025-10-22T01:24:08","date_gmt":"2025-10-22T05:24:08","guid":{"rendered":"https:\/\/diariodominicano.com\/?p=645076"},"modified":"2025-10-22T01:27:42","modified_gmt":"2025-10-22T05:27:42","slug":"defensa-civil-activa-provinciales-ante-posible-paso-de-tormenta-tropical-melissa-sobre-rd","status":"publish","type":"post","link":"https:\/\/diariodominicano.com\/?p=645076","title":{"rendered":"Defensa Civil activa provinciales ante posible paso de tormenta tropical Melissa sobre RD"},"content":{"rendered":"\n<p><em>La instituci\u00f3n cuenta con 2,800 albergues a nivel nacional, con capacidad para 588,249 personas.<\/em><\/p>\n\n\n\n<p><strong>Santo Domingo, RD. &#8212;<\/strong>\u00a0La Defensa Civil Dominicana reuni\u00f3 el martes a todos sus directores provinciales, con la finalidad de trazar las medidas de prevenci\u00f3n necesarias ante el posible paso de la tormenta tropical Melissa que se encuentra en aguas del mar Caribe, y por el que se declararon 21 provincias en alerta.<\/p>\n\n\n\n<figure class=\"wp-block-image size-large\"><img loading=\"lazy\" decoding=\"async\" width=\"682\" height=\"1024\" src=\"https:\/\/diariodominicano.com\/wp-content\/uploads\/2025\/10\/FOTO-PRENSA--682x1024.jpeg\" alt=\"\" class=\"wp-image-645080\" srcset=\"https:\/\/diariodominicano.com\/wp-content\/uploads\/2025\/10\/FOTO-PRENSA--682x1024.jpeg 682w, https:\/\/diariodominicano.com\/wp-content\/uploads\/2025\/10\/FOTO-PRENSA--200x300.jpeg 200w, https:\/\/diariodominicano.com\/wp-content\/uploads\/2025\/10\/FOTO-PRENSA--768x1153.jpeg 768w, https:\/\/diariodominicano.com\/wp-content\/uploads\/2025\/10\/FOTO-PRENSA--1023x1536.jpeg 1023w, https:\/\/diariodominicano.com\/wp-content\/uploads\/2025\/10\/FOTO-PRENSA--816x1225.jpeg 816w, https:\/\/diariodominicano.com\/wp-content\/uploads\/2025\/10\/FOTO-PRENSA-.jpeg 1066w\" sizes=\"auto, (max-width: 682px) 100vw, 682px\" \/><\/figure>\n\n\n\n<p>El encuentro estuvo encabezado por el subdirector ejecutivo del organismo naranja, Bernardo Rodr\u00edguez, quien llam\u00f3 a los directores a activar los Comit\u00e9s de Prevenci\u00f3n, Mitigaci\u00f3n y Respuesta (CPMR), junto a las gobernadoras, quienes los encabezan a nivel provincial, y a los alcaldes a nivel municipal, en las localidades bajo alerta.<\/p>\n\n\n\n<p>\u201cPor instrucciones de nuestro director ejecutivo, Juan Salas, y siguiendo las indicaciones del gobierno central, encabezado por el presidente Luis Abinader, estamos actuando anticipadamente para salvaguardar vidas y propiedades, puesto que los pron\u00f3sticos de los organismos t\u00e9cnico-cient\u00edficos indican que el fen\u00f3meno meteorol\u00f3gico traer\u00e1 mucha lluvia desde este mi\u00e9rcoles al pa\u00eds\u201d, dijo Rodr\u00edguez.<\/p>\n\n\n\n<p>Inform\u00f3 que la Defensa Civil tiene unos 2,800 albergues disponibles a nivel nacional. Pidi\u00f3 a la poblaci\u00f3n que habita en zonas vulnerables verificar su centro colectivo m\u00e1s cercano a trav\u00e9s de la p\u00e1gina web de la instituci\u00f3n (<a href=\"https:\/\/defensacivil.gob.do\/\" target=\"_blank\" rel=\"noreferrer noopener\">https:\/\/defensacivil.gob.do\/<\/a>) o en sus redes sociales, escaneando un c\u00f3digo QR desarrollado para esos fines.<\/p>\n\n\n\n<p>Explic\u00f3 que previamente sostuvo una reuni\u00f3n con el ministro de la Presidencia, Jos\u00e9 Ignacio Paliza, quien puso a disposici\u00f3n de los organismos de respuesta a emergencias toda la capacidad del Estado, para evitar que se pierda una vida por el posible paso del fen\u00f3meno.<\/p>\n\n\n\n<figure class=\"wp-block-image size-large\"><img loading=\"lazy\" decoding=\"async\" width=\"1024\" height=\"677\" src=\"https:\/\/diariodominicano.com\/wp-content\/uploads\/2025\/10\/fOTO-PRENSA-1-1024x677.jpeg\" alt=\"\" class=\"wp-image-645082\" srcset=\"https:\/\/diariodominicano.com\/wp-content\/uploads\/2025\/10\/fOTO-PRENSA-1-1024x677.jpeg 1024w, https:\/\/diariodominicano.com\/wp-content\/uploads\/2025\/10\/fOTO-PRENSA-1-300x198.jpeg 300w, https:\/\/diariodominicano.com\/wp-content\/uploads\/2025\/10\/fOTO-PRENSA-1-768x508.jpeg 768w, https:\/\/diariodominicano.com\/wp-content\/uploads\/2025\/10\/fOTO-PRENSA-1-1536x1016.jpeg 1536w, https:\/\/diariodominicano.com\/wp-content\/uploads\/2025\/10\/fOTO-PRENSA-1-816x540.jpeg 816w, https:\/\/diariodominicano.com\/wp-content\/uploads\/2025\/10\/fOTO-PRENSA-1.jpeg 1600w\" sizes=\"auto, (max-width: 1024px) 100vw, 1024px\" \/><\/figure>\n\n\n\n<p><strong>Sobre las provincias en alerta<\/strong><\/p>\n\n\n\n<p>En una rueda de prensa que se desarroll\u00f3 esta ma\u00f1ana, el Centro de Operaciones de Emergencias (COE) emiti\u00f3 alerta amarilla para 13 provincias, entre ellas: La Vega, San Crist\u00f3bal, Santo Domingo, Distrito Nacional, La Romana, San Pedro de Macor\u00eds, San Jos\u00e9 de Ocoa, Peravia, La Altagracia, Monse\u00f1or Nouel, San Juan, Pedernales, Barahona y Azua.<\/p>\n\n\n\n<p>Mientras que en alerta verde se encuentran: S\u00e1nchez Ram\u00edrez, Mar\u00eda Trinidad S\u00e1nchez, Monte Plata, Saman\u00e1, Santiago, El Seibo, Independencia, Hato Mayor y Bahoruco.<\/p>\n\n\n\n<p>La Defensa Civil recomienda a la poblaci\u00f3n estar atenta a las informaciones emitidas por los organismos oficiales y actuar con prudencia.<\/p>\n\n\n\n<p>Defensa Civil Dominicana<\/p>\n\n\n\n<p><a target=\"_blank\" href=\"mailto:redesdefensacivil@gmail.com\" rel=\"noreferrer noopener\">redesdefensacivil@gmail.com<\/a><\/p>\n","protected":false},"excerpt":{"rendered":"<p>La instituci\u00f3n cuenta con 2,800 albergues a nivel nacional, con capacidad para 588,249 personas. Santo Domingo, RD. &#8212;\u00a0La Defensa Civil Dominicana reuni\u00f3 el martes a todos sus directores provinciales, con la finalidad de trazar las medidas de prevenci\u00f3n necesarias ante el posible paso de la tormenta tropical Melissa que se encuentra en aguas del mar [&hellip;]<\/p>\n","protected":false},"author":2,"featured_media":645077,"comment_status":"closed","ping_status":"closed","sticky":false,"template":"","format":"standard","meta":{"footnotes":""},"categories":[20],"tags":[],"class_list":["post-645076","post","type-post","status-publish","format-standard","has-post-thumbnail","hentry","category-dominicana-hoy"],"_links":{"self":[{"href":"https:\/\/diariodominicano.com\/index.php?rest_route=\/wp\/v2\/posts\/645076","targetHints":{"allow":["GET"]}}],"collection":[{"href":"https:\/\/diariodominicano.com\/index.php?rest_route=\/wp\/v2\/posts"}],"about":[{"href":"https:\/\/diariodominicano.com\/index.php?rest_route=\/wp\/v2\/types\/post"}],"author":[{"embeddable":true,"href":"https:\/\/diariodominicano.com\/index.php?rest_route=\/wp\/v2\/users\/2"}],"replies":[{"embeddable":true,"href":"https:\/\/diariodominicano.com\/index.php?rest_route=%2Fwp%2Fv2%2Fcomments&post=645076"}],"version-history":[{"count":4,"href":"https:\/\/diariodominicano.com\/index.php?rest_route=\/wp\/v2\/posts\/645076\/revisions"}],"predecessor-version":[{"id":645084,"href":"https:\/\/diariodominicano.com\/index.php?rest_route=\/wp\/v2\/posts\/645076\/revisions\/645084"}],"wp:featuredmedia":[{"embeddable":true,"href":"https:\/\/diariodominicano.com\/index.php?rest_route=\/wp\/v2\/media\/645077"}],"wp:attachment":[{"href":"https:\/\/diariodominicano.com\/index.php?rest_route=%2Fwp%2Fv2%2Fmedia&parent=645076"}],"wp:term":[{"taxonomy":"category","embeddable":true,"href":"https:\/\/diariodominicano.com\/index.php?rest_route=%2Fwp%2Fv2%2Fcategories&post=645076"},{"taxonomy":"post_tag","embeddable":true,"href":"https:\/\/diariodominicano.com\/index.php?rest_route=%2Fwp%2Fv2%2Ftags&post=645076"}],"curies":[{"name":"wp","href":"https:\/\/api.w.org\/{rel}","templated":true}]}}