{"id":645024,"date":"2025-10-22T00:08:55","date_gmt":"2025-10-22T04:08:55","guid":{"rendered":"https:\/\/diariodominicano.com\/?p=645024"},"modified":"2025-10-22T00:10:30","modified_gmt":"2025-10-22T04:10:30","slug":"el-coe-eleva-un-nivel-de-alerta-roja-para-8-provincias-y-el-distrito-nacional","status":"publish","type":"post","link":"https:\/\/diariodominicano.com\/?p=645024","title":{"rendered":"El COE eleva un nivel de alerta roja para 8 provincias y el Distrito Nacional"},"content":{"rendered":"\n<p>Mantiene 11 en alerta  amarilla y 4 en  alerta  verde<\/p>\n\n\n\n<p>Santo Domingo, RD.-\u2002El COE elev\u00f3 un nivel de alerta roja para 8 provincias y el Distrito Nacional y mantiene otras 11 provincias en alerta amarilla y 4 en alerta  verde, debido a que el informe del INDOMET establece que la tormenta tropical Melissa se encuentra aproximadamente a unos 415 kil\u00f3metros al sur\/suroeste de Barahona.<\/p>\n\n\n\n<p>A trav\u00e9s de un comunicado de prensa\u2002el\u2002COE \u00abSe\u00f1ala que se mueve hacia el oeste a unos 24 km\/h y se espera una desaceleraci\u00f3n de su movimiento de traslaci\u00f3n, seguido de un movimiento hacia el noroeste y norte y tiene vientos m\u00e1ximos sostenidos de unos 85 km\/h con r\u00e1fagas superiores y se espera un fortalecimiento durante los pr\u00f3ximos d\u00edas por lo que este sistema podr\u00eda convertirse en hurac\u00e1n.<\/p>\n\n\n\n<p>Las provincias en alerta roja&nbsp;<img decoding=\"async\" alt=\"\ud83d\udd34\" src=\"https:\/\/fonts.gstatic.com\/s\/e\/notoemoji\/16.0\/1f534\/32.png\">son:<\/p>\n\n\n\n<p>Barahona<br>San Crist\u00f3bal<br>Santo Domingo<br>Distrito Nacional<br>San Jos\u00e9 de Ocoa<br>San Juan<br>Az\u00faa<br>Peravia<br>Pedernales<\/p>\n\n\n\n<p>En alerta amarilla&nbsp;<img decoding=\"async\" alt=\"\ud83d\udfe1\" src=\"https:\/\/fonts.gstatic.com\/s\/e\/notoemoji\/16.0\/1f7e1\/32.png\">est\u00e1n:<\/p>\n\n\n\n<p>La Vega<br>La Romana<br>Hato Mayor<br>El Seibo<br>San Pedro de Macor\u00eds<br>S\u00e1nchez Ram\u00edrez<br>La Altagracia<br>El\u00edas Pi\u00f1a<br>Monte Plata<br>Independencia<\/p>\n\n\n\n<p>En alerta verde&nbsp;<img decoding=\"async\" alt=\"\ud83d\udfe2\" src=\"https:\/\/fonts.gstatic.com\/s\/e\/notoemoji\/16.0\/1f7e2\/32.png\">est\u00e1n:<\/p>\n\n\n\n<p>Mar\u00eda Trinidad S\u00e1nchez<br>Bahoruco<br>Saman\u00e1<br>Santiago<\/p>\n\n\n\n<p>En ese sentido, se recomienda a las personas abstenerse de cruzar, r\u00edos, arroyos y ca\u00f1adas que presenten altos vol\u00famenes de agua en las provincias bajo alerta.<\/p>\n\n\n\n<p>De igual forma , en la Costa Atl\u00e1ntica y Caribe\u00f1a se recomienda a los operadores de las fr\u00e1giles, peque\u00f1as y medianas embarcaciones, permanecer en puerto debido a viento, oleaje peligroso, as\u00ed como tambi\u00e9n por fuertes aguaceros y tormentas el\u00e9ctricas.<\/p>\n\n\n\n<p>Mientras , que en la Costa Atl\u00e1ntica se instruye a los organismos de protecci\u00f3n civil, a tomar todas las medidas preventivas de lugar, a fin de preservar la vida de los usuarios de dicha costa, debido a probables rompientes y corrientes de resaca.&#8211;<\/p>\n\n\n\n<p><strong>Jos\u00e9 Luis&nbsp;Germ\u00e1n&nbsp;<\/strong>| Sub-director | Comunicaciones e&nbsp;Informaci\u00f3n&nbsp;Digital|Divisi\u00f3n&nbsp;de&nbsp;Planificaci\u00f3n&nbsp;Operativa|&nbsp;<\/p>\n\n\n\n<p><strong><a href=\"http:\/\/www.coe.gob.do\/\" target=\"_blank\" rel=\"noreferrer noopener\">Centro de Operaciones de Emergencias<\/a><\/strong>| Plaza de La Salud,Tel. &nbsp;+1 809 472 0909 ext 310, Cell.. + 1 8299620811<\/p>\n\n\n\n<p><strong><em>DEPARTAMENTO DE GESTI\u00d3N\u00a0DE\u00a0INFORMACI\u00d3N\u00a0<\/em><\/strong><\/p>\n\n\n\n<p>#COE<\/p>\n","protected":false},"excerpt":{"rendered":"<p>Mantiene 11 en alerta amarilla y 4 en alerta verde Santo Domingo, RD.-\u2002El COE elev\u00f3 un nivel de alerta roja para 8 provincias y el Distrito Nacional y mantiene otras 11 provincias en alerta amarilla y 4 en alerta verde, debido a que el informe del INDOMET establece que la tormenta tropical Melissa se encuentra [&hellip;]<\/p>\n","protected":false},"author":2,"featured_media":645025,"comment_status":"closed","ping_status":"closed","sticky":false,"template":"","format":"standard","meta":{"footnotes":""},"categories":[20,27],"tags":[],"class_list":["post-645024","post","type-post","status-publish","format-standard","has-post-thumbnail","hentry","category-dominicana-hoy","category-portada"],"_links":{"self":[{"href":"https:\/\/diariodominicano.com\/index.php?rest_route=\/wp\/v2\/posts\/645024","targetHints":{"allow":["GET"]}}],"collection":[{"href":"https:\/\/diariodominicano.com\/index.php?rest_route=\/wp\/v2\/posts"}],"about":[{"href":"https:\/\/diariodominicano.com\/index.php?rest_route=\/wp\/v2\/types\/post"}],"author":[{"embeddable":true,"href":"https:\/\/diariodominicano.com\/index.php?rest_route=\/wp\/v2\/users\/2"}],"replies":[{"embeddable":true,"href":"https:\/\/diariodominicano.com\/index.php?rest_route=%2Fwp%2Fv2%2Fcomments&post=645024"}],"version-history":[{"count":2,"href":"https:\/\/diariodominicano.com\/index.php?rest_route=\/wp\/v2\/posts\/645024\/revisions"}],"predecessor-version":[{"id":645028,"href":"https:\/\/diariodominicano.com\/index.php?rest_route=\/wp\/v2\/posts\/645024\/revisions\/645028"}],"wp:featuredmedia":[{"embeddable":true,"href":"https:\/\/diariodominicano.com\/index.php?rest_route=\/wp\/v2\/media\/645025"}],"wp:attachment":[{"href":"https:\/\/diariodominicano.com\/index.php?rest_route=%2Fwp%2Fv2%2Fmedia&parent=645024"}],"wp:term":[{"taxonomy":"category","embeddable":true,"href":"https:\/\/diariodominicano.com\/index.php?rest_route=%2Fwp%2Fv2%2Fcategories&post=645024"},{"taxonomy":"post_tag","embeddable":true,"href":"https:\/\/diariodominicano.com\/index.php?rest_route=%2Fwp%2Fv2%2Ftags&post=645024"}],"curies":[{"name":"wp","href":"https:\/\/api.w.org\/{rel}","templated":true}]}}