{"id":645018,"date":"2025-10-21T23:53:57","date_gmt":"2025-10-22T03:53:57","guid":{"rendered":"https:\/\/diariodominicano.com\/?p=645018"},"modified":"2025-10-21T23:54:06","modified_gmt":"2025-10-22T03:54:06","slug":"inundaciones-asociadas-a-tormenta-detienen-trafico-en-santo-domingo","status":"publish","type":"post","link":"https:\/\/diariodominicano.com\/?p=645018","title":{"rendered":"Inundaciones asociadas a tormenta detienen tr\u00e1fico en Santo Domingo"},"content":{"rendered":"\n<p>Santo Domingo, 21 oct (Prensa Latina) Las lluvias generadas por la tormenta tropical Melissa provocaron hoy inundaciones y congestiones del tr\u00e1fico en varios puntos de esta capital.<\/p>\n\n\n\n<ul class=\"wp-block-list\">\n<li><a href=\"https:\/\/www.prensa-latina.cu\/2025\/10\/21\/\"><time>octubre 21, 2025 | 22:27<\/time><\/a><\/li>\n<\/ul>\n\n\n\n<ul class=\"wp-block-list\">\n<li><a href=\"https:\/\/www.prensa-latina.cu\/2025\/10\/21\/inundaciones-asociadas-a-tormenta-detienen-trafico-en-santo-domingo\/#\"><\/a><\/li>\n\n\n\n<li><a href=\"https:\/\/www.prensa-latina.cu\/2025\/10\/21\/inundaciones-asociadas-a-tormenta-detienen-trafico-en-santo-domingo\/#\"><\/a><\/li>\n\n\n\n<li><a href=\"https:\/\/www.prensa-latina.cu\/2025\/10\/21\/inundaciones-asociadas-a-tormenta-detienen-trafico-en-santo-domingo\/#\"><\/a><\/li>\n\n\n\n<li><a href=\"https:\/\/www.prensa-latina.cu\/2025\/10\/21\/inundaciones-asociadas-a-tormenta-detienen-trafico-en-santo-domingo\/#\"><\/a><\/li>\n<\/ul>\n\n\n\n<p>Esta tarde las precipitaciones fueron muy fuertes en Santo Domingo y ocurrieron de manera continua durante casi tres horas acompa\u00f1adas de tormentas el\u00e9ctricas.<\/p>\n\n\n\n<p>Inundaciones afectaron el tr\u00e1nsito en el sector Los Tres Brazos, en Santo Domingo Este, mientras que en las avenidas Independencia, Sarasota y Luper\u00f3n la acumulaci\u00f3n de agua dificult\u00f3 la circulaci\u00f3n vehicular y el desplazamiento de los peatones.<\/p>\n\n\n\n<p>En la avenida 27 de Febrero, el c\u00famulo de agua provoc\u00f3 embotellamientos, y en la avenida 30 de Mayo un sem\u00e1foro colaps\u00f3 debido a los vientos y la intensidad de la lluvia, seg\u00fan videos compartidos por ciudadanos en las redes sociales.<\/p>\n\n\n\n<p>Las autoridades instaron a la poblaci\u00f3n a mantenerse atenta a los boletines oficiales del Centro de Operaciones de Emergencias (COE) y a evitar desplazamientos innecesarios mientras persistan las lluvias.<\/p>\n\n\n\n<p>Esta noche el presidente Luis Abinader anunci\u00f3 la suspensi\u00f3n de la docencia y las labores en los sectores estatal y privado a partir de ma\u00f1ana.<\/p>\n\n\n\n<p>M\u00e1s temprano el Ministerio de Cultura comunic\u00f3 la cancelaci\u00f3n de las funciones del Festival Internacional de Teatro y la Liga Dominicana de B\u00e9isbol pospuso los juegos de esta noche.<\/p>\n\n\n\n<p>El Centro Nacional de Huracanes de Estados Unidos (NHC, por sus siglas en ingl\u00e9s) inform\u00f3 en su bolet\u00edn de esta noche que la tormenta tropical Melissa posee vientos sostenidos de 85 km\/hora y se ubica a unos 505 kil\u00f3metros de Puerto Pr\u00edncipe, la capital de la vecina Hait\u00ed.<\/p>\n\n\n\n<p>Los vientos con fuerza de tormenta tropical se extienden hacia fuera 220 km desde el centro.<\/p>\n\n\n\n<p>Melissa se mueve hacia el oeste cerca de 24 km\/h y se espera una disminuci\u00f3n en la velocidad de avance y un giro gradual al noroeste y el norte durante los pr\u00f3ximos d\u00edas.<\/p>\n\n\n\n<p>En la trayectoria del pron\u00f3stico, se espera que se aproxime a Jamaica y la porci\u00f3n<\/p>\n\n\n\n<p>suroeste de Hait\u00ed a finales de esta semana.<\/p>\n\n\n\n<p>El Instituto dominicano de Meteorolog\u00eda pronostic\u00f3 fuertes lluvias con acumulados de hasta 300 mil\u00edmetros, lo que podr\u00eda ocasionar inundaciones repentinas y deslizamientos de tierra.<\/p>\n\n\n\n<p>rgh\/mpv<\/p>\n\n\n\n<ul class=\"wp-block-list\">\n<li>#<a href=\"https:\/\/www.prensa-latina.cu\/etiqueta\/embotellamientos\/\">embotellamientos<\/a>\u00a0#<a href=\"https:\/\/www.prensa-latina.cu\/etiqueta\/inundaciones\/\">inundaciones<\/a><\/li>\n<\/ul>\n","protected":false},"excerpt":{"rendered":"<p>Santo Domingo, 21 oct (Prensa Latina) Las lluvias generadas por la tormenta tropical Melissa provocaron hoy inundaciones y congestiones del tr\u00e1fico en varios puntos de esta capital. Esta tarde las precipitaciones fueron muy fuertes en Santo Domingo y ocurrieron de manera continua durante casi tres horas acompa\u00f1adas de tormentas el\u00e9ctricas. Inundaciones afectaron el tr\u00e1nsito en [&hellip;]<\/p>\n","protected":false},"author":2,"featured_media":645019,"comment_status":"closed","ping_status":"closed","sticky":false,"template":"","format":"standard","meta":{"footnotes":""},"categories":[20,27],"tags":[],"class_list":["post-645018","post","type-post","status-publish","format-standard","has-post-thumbnail","hentry","category-dominicana-hoy","category-portada"],"_links":{"self":[{"href":"https:\/\/diariodominicano.com\/index.php?rest_route=\/wp\/v2\/posts\/645018","targetHints":{"allow":["GET"]}}],"collection":[{"href":"https:\/\/diariodominicano.com\/index.php?rest_route=\/wp\/v2\/posts"}],"about":[{"href":"https:\/\/diariodominicano.com\/index.php?rest_route=\/wp\/v2\/types\/post"}],"author":[{"embeddable":true,"href":"https:\/\/diariodominicano.com\/index.php?rest_route=\/wp\/v2\/users\/2"}],"replies":[{"embeddable":true,"href":"https:\/\/diariodominicano.com\/index.php?rest_route=%2Fwp%2Fv2%2Fcomments&post=645018"}],"version-history":[{"count":1,"href":"https:\/\/diariodominicano.com\/index.php?rest_route=\/wp\/v2\/posts\/645018\/revisions"}],"predecessor-version":[{"id":645020,"href":"https:\/\/diariodominicano.com\/index.php?rest_route=\/wp\/v2\/posts\/645018\/revisions\/645020"}],"wp:featuredmedia":[{"embeddable":true,"href":"https:\/\/diariodominicano.com\/index.php?rest_route=\/wp\/v2\/media\/645019"}],"wp:attachment":[{"href":"https:\/\/diariodominicano.com\/index.php?rest_route=%2Fwp%2Fv2%2Fmedia&parent=645018"}],"wp:term":[{"taxonomy":"category","embeddable":true,"href":"https:\/\/diariodominicano.com\/index.php?rest_route=%2Fwp%2Fv2%2Fcategories&post=645018"},{"taxonomy":"post_tag","embeddable":true,"href":"https:\/\/diariodominicano.com\/index.php?rest_route=%2Fwp%2Fv2%2Ftags&post=645018"}],"curies":[{"name":"wp","href":"https:\/\/api.w.org\/{rel}","templated":true}]}}