{"id":644951,"date":"2025-10-21T03:15:34","date_gmt":"2025-10-21T07:15:34","guid":{"rendered":"https:\/\/diariodominicano.com\/?p=644951"},"modified":"2025-10-21T03:15:42","modified_gmt":"2025-10-21T07:15:42","slug":"presidente-abinader-presenta-indices-e-informes-internacionales-que-demuestran-como-la-republica-dominicana-continua-consolidando-su-liderazgo-regional-en-materia-de-gobernanz","status":"publish","type":"post","link":"https:\/\/diariodominicano.com\/?p=644951","title":{"rendered":"Presidente Abinader presenta\u00a0\u00edndices e informes internacionales\u00a0que demuestran c\u00f3mo la Rep\u00fablica Dominicana contin\u00faa consolidando su\u00a0liderazgo regional\u00a0en materia de\u00a0gobernanza democr\u00e1tica"},"content":{"rendered":"\n<h3 class=\"wp-block-heading\">El pa\u00eds asciende 33 posiciones a nivel global en \u00cdndice de Percepci\u00f3n de la Corrupci\u00f3n 2025 de Transparencia Internacional<\/h3>\n\n\n\n<p>20 de Octubre 2025 |<\/p>\n\n\n\n<figure class=\"wp-block-image\"><img decoding=\"async\" src=\"https:\/\/platform-cdn.sharethis.com\/img\/facebook.svg\" alt=\"facebook sharing button\"\/><\/figure>\n\n\n\n<figure class=\"wp-block-image\"><img decoding=\"async\" src=\"https:\/\/platform-cdn.sharethis.com\/img\/sharethis.svg\" alt=\"sharethis sharing button\"\/><\/figure>\n\n\n\n<p>Santo Domingo.\u2013&nbsp;<strong>El presidente Luis Abinader<\/strong>&nbsp;encabez\u00f3 este lunes la presentaci\u00f3n de&nbsp;<strong>\u00edndices e informes internacionales&nbsp;<\/strong>que demuestran c\u00f3mo la Rep\u00fablica Dominicana contin\u00faa consolidando su&nbsp;<strong>liderazgo regional<\/strong>&nbsp;en materia de&nbsp;<strong>gobernanza democr\u00e1tica<\/strong>, lucha contra la&nbsp;<strong>corrupci\u00f3n y transparencia institucional, seguridad ciudadana y desarrollo econ\u00f3mico<\/strong>.<\/p>\n\n\n\n<p>Durante&nbsp;<strong>LA Semanal con la Prensa<\/strong>, el jefe de Estado se hizo acompa\u00f1ar del ministro de Relaciones Exteriores,&nbsp;<strong>Roberto \u00c1lvarez<\/strong>, quien present\u00f3 el resultado del&nbsp;<strong>\u00cdndice de Percepci\u00f3n de la Corrupci\u00f3n 2025 de Transparencia Internacional<\/strong>, en el cual, desde 2020, el pa\u00eds alcanz\u00f3 su mejor puntuaci\u00f3n en m\u00e1s de una d\u00e9cada,&nbsp;<strong>ascendiendo 33 posiciones a nivel global y situ\u00e1ndose en el puesto 104 de 180 naciones analizadas.<\/strong><\/p>\n\n\n\n<p>Este progreso responde a la&nbsp;<strong>independencia<\/strong>&nbsp;del Ministerio P\u00fablico, el fortalecimiento de los&nbsp;<strong>organismos de control&nbsp;<\/strong>y la aplicaci\u00f3n de una pol\u00edtica de&nbsp;<strong>cero tolerancia a la corrupci\u00f3n.<\/strong><\/p>\n\n\n\n<figure class=\"wp-block-image\"><img decoding=\"async\" src=\"https:\/\/www.presidencia.gob.do\/sites\/default\/files\/inline-images\/1000872297.jpg\" alt=\"\"\/><\/figure>\n\n\n\n<p>En materia democr\u00e1tica, el \u00cdndice de Democracia 2025 de&nbsp;<strong>The Economist Intelligence Unit<\/strong>&nbsp;coloc\u00f3 al pa\u00eds en la&nbsp;<strong>posici\u00f3n 52 de 167<\/strong>, de modo que subi\u00f3 nueve lugares respecto al a\u00f1o anterior y ocupa el octavo puesto en Am\u00e9rica Latina y el Caribe, revirtiendo adem\u00e1s la tendencia a la p\u00e9rdida de calidad democr\u00e1tica de a\u00f1os anteriores. Este avance se atribuye a una&nbsp;<strong>mayor participaci\u00f3n ciudadana, al fortalecimiento institucional y al respeto a las libertades y al Estado de derecho.<\/strong><\/p>\n\n\n\n<p><strong>\u00cdndices de Paz Global y Libertad de Prensa<\/strong><\/p>\n\n\n\n<p>Asimismo, continu\u00f3 exponiendo el canciller, el&nbsp;<strong>\u00cdndice de Paz Global del Institute for Economics &amp; Peace<\/strong>&nbsp;destac\u00f3 que Rep\u00fablica Dominicana obtuvo una puntuaci\u00f3n de&nbsp;<strong>1.99 de 5, siendo 1 la mejor puntuaci\u00f3n.<\/strong><\/p>\n\n\n\n<p>Esto nos ubica como el&nbsp;<strong>sexto pa\u00eds m\u00e1s pac\u00edfico de la regi\u00f3n y el n\u00famero 73 a nivel mundial<\/strong>, superando el promedio latinoamericano de 2.18. &nbsp;Dicha posici\u00f3n refleja&nbsp;<strong>la reducci\u00f3n del crimen, la efectividad de la prevenci\u00f3n social, la baja militarizaci\u00f3n y la estabilidad pol\u00edtica sostenida.<\/strong><\/p>\n\n\n\n<p>En cuanto a la&nbsp;<strong>libertad de expresi\u00f3n<\/strong>, el&nbsp;<strong>\u00cdndice de Libertad de Prensa 2025 de Reporteros Sin Fronteras<\/strong>&nbsp;posicion\u00f3 al pa\u00eds en el&nbsp;<strong>lugar 43 de 180 naciones<\/strong>, y quinto en Am\u00e9rica Latina y el Caribe, con una puntuaci\u00f3n de 70 sobre 100, muy superior al promedio regional de 54.18. Rep\u00fablica Dominicana sobresali\u00f3 en los indicadores de&nbsp;<strong>contexto pol\u00edtico, gobernabilidad social y marco legal<\/strong>.<\/p>\n\n\n\n<figure class=\"wp-block-image\"><img decoding=\"async\" src=\"https:\/\/www.presidencia.gob.do\/sites\/default\/files\/inline-images\/1000872288.jpg\" alt=\"\"\/><\/figure>\n\n\n\n<p><strong>RD se mantiene entre principales destinos de inversi\u00f3n extranjera en la regi\u00f3n<\/strong><\/p>\n\n\n\n<p>Por otra parte, el&nbsp;<strong>Informe de Clima de Inversi\u00f3n 2025 del Departamento de Estado de los Estados Unidos<\/strong>&nbsp;reafirm\u00f3 que Rep\u00fablica Dominicana es&nbsp;<strong>uno de los principales destinos<\/strong>&nbsp;de inversi\u00f3n extranjera en la regi\u00f3n. El informe resalta los avances en&nbsp;<strong>turismo, energ\u00eda, zonas francas, telecomunicaciones y miner\u00eda<\/strong>, impulsados por la estabilidad macroecon\u00f3mica, las reformas estructurales y la promoci\u00f3n de alianzas p\u00fablico-privadas.<\/p>\n\n\n\n<p>Adem\u00e1s, el pa\u00eds&nbsp;<strong>sali\u00f3 de la lista de vigilancia de propiedad intelectual<\/strong>, lo cual refleja una mayor confianza internacional.<\/p>\n\n\n\n<p><strong>Derechos humanos<\/strong><\/p>\n\n\n\n<p>En materia de derechos humanos, \u00c1lvarez manifest\u00f3 que el<strong>&nbsp;Informe sobre Trata y Tr\u00e1fico de Personas (TIP Report)<\/strong>, tambi\u00e9n del Departamento de Estado de Estados Unidos, reconoci\u00f3 los avances alcanzados por el pa\u00eds luego de que el gobierno propusiera el&nbsp;<strong>Proyecto de Ley de Modificaci\u00f3n Integral al Marco de Trata y Tr\u00e1fico<\/strong>&nbsp;y la implementaci\u00f3n del<strong>&nbsp;Plan Nacional contra la Trata 2025\u20132028<\/strong>, medidas que permitieron salir de la lista de vigilancia.<\/p>\n\n\n\n<p><strong>ONU aprueba Fuerza de Supresi\u00f3n de Pandillas (GSF) en Hait\u00ed<\/strong><\/p>\n\n\n\n<p>Otro de los logros alcanzados tras varios a\u00f1os solicitando la cooperaci\u00f3n internacional, es que el&nbsp;<strong>Consejo de Seguridad de la ONU<\/strong>&nbsp;aprob\u00f3 la&nbsp;<strong>Resoluci\u00f3n 2793<\/strong>&nbsp;el pasado mes de septiembre, que transforma la Misi\u00f3n Multinacional de Apoyo a la Seguridad en Hait\u00ed (MSS) en una&nbsp;<strong>Fuerza de Supresi\u00f3n de Pandillas (GSF)<\/strong>, con un esquema de financiamiento h\u00edbrido y la participaci\u00f3n de&nbsp;<strong>5,550 efectivos, incluyendo personal militar.<\/strong><\/p>\n\n\n\n<p>Estos reconocimientos internacionales confirman que la Rep\u00fablica Dominicana\u00a0<strong>avanza con pasos firmes hacia una gesti\u00f3n p\u00fablica m\u00e1s s\u00f3lida y transparente<\/strong>, con un mejor ambiente para todo los ciudadanos y creando cada vez m\u00e1s empleos.<em>\u00a0\u201cEl mundo reconoce hoy al pa\u00eds como una naci\u00f3n que inspira respeto, abre oportunidades y defiende los valores democr\u00e1ticos y humanos\u201d.<\/em><\/p>\n\n\n\n<p>Con informaci\u00f3n de la Direcci\u00f3n de Comunicaciones de la Presidencia de la Rep\u00fablica Dominicana.<\/p>\n","protected":false},"excerpt":{"rendered":"<p>El pa\u00eds asciende 33 posiciones a nivel global en \u00cdndice de Percepci\u00f3n de la Corrupci\u00f3n 2025 de Transparencia Internacional 20 de Octubre 2025 | Santo Domingo.\u2013&nbsp;El presidente Luis Abinader&nbsp;encabez\u00f3 este lunes la presentaci\u00f3n de&nbsp;\u00edndices e informes internacionales&nbsp;que demuestran c\u00f3mo la Rep\u00fablica Dominicana contin\u00faa consolidando su&nbsp;liderazgo regional&nbsp;en materia de&nbsp;gobernanza democr\u00e1tica, lucha contra la&nbsp;corrupci\u00f3n y transparencia institucional, [&hellip;]<\/p>\n","protected":false},"author":2,"featured_media":644952,"comment_status":"closed","ping_status":"closed","sticky":false,"template":"","format":"standard","meta":{"footnotes":""},"categories":[20,27],"tags":[],"class_list":["post-644951","post","type-post","status-publish","format-standard","has-post-thumbnail","hentry","category-dominicana-hoy","category-portada"],"_links":{"self":[{"href":"https:\/\/diariodominicano.com\/index.php?rest_route=\/wp\/v2\/posts\/644951","targetHints":{"allow":["GET"]}}],"collection":[{"href":"https:\/\/diariodominicano.com\/index.php?rest_route=\/wp\/v2\/posts"}],"about":[{"href":"https:\/\/diariodominicano.com\/index.php?rest_route=\/wp\/v2\/types\/post"}],"author":[{"embeddable":true,"href":"https:\/\/diariodominicano.com\/index.php?rest_route=\/wp\/v2\/users\/2"}],"replies":[{"embeddable":true,"href":"https:\/\/diariodominicano.com\/index.php?rest_route=%2Fwp%2Fv2%2Fcomments&post=644951"}],"version-history":[{"count":1,"href":"https:\/\/diariodominicano.com\/index.php?rest_route=\/wp\/v2\/posts\/644951\/revisions"}],"predecessor-version":[{"id":644953,"href":"https:\/\/diariodominicano.com\/index.php?rest_route=\/wp\/v2\/posts\/644951\/revisions\/644953"}],"wp:featuredmedia":[{"embeddable":true,"href":"https:\/\/diariodominicano.com\/index.php?rest_route=\/wp\/v2\/media\/644952"}],"wp:attachment":[{"href":"https:\/\/diariodominicano.com\/index.php?rest_route=%2Fwp%2Fv2%2Fmedia&parent=644951"}],"wp:term":[{"taxonomy":"category","embeddable":true,"href":"https:\/\/diariodominicano.com\/index.php?rest_route=%2Fwp%2Fv2%2Fcategories&post=644951"},{"taxonomy":"post_tag","embeddable":true,"href":"https:\/\/diariodominicano.com\/index.php?rest_route=%2Fwp%2Fv2%2Ftags&post=644951"}],"curies":[{"name":"wp","href":"https:\/\/api.w.org\/{rel}","templated":true}]}}