{"id":644932,"date":"2025-10-21T02:45:57","date_gmt":"2025-10-21T06:45:57","guid":{"rendered":"https:\/\/diariodominicano.com\/?p=644932"},"modified":"2025-10-21T02:55:11","modified_gmt":"2025-10-21T06:55:11","slug":"vicepresidenta-raquel-pena-encabeza-reunion-ven-resultados-alcanzados-y-las-nuevas-estrategias-que-se-implementaran-para-fortalecer-la-proteccion-de-los-ciudadanos-en-rd","status":"publish","type":"post","link":"https:\/\/diariodominicano.com\/?p=644932","title":{"rendered":"Vicepresidenta Raquel Pe\u00f1a encabeza reuni\u00f3n; ven\u00a0resultados alcanzados\u00a0y las\u00a0nuevas estrategias\u00a0que se implementar\u00e1n para fortalecer la\u00a0protecci\u00f3n de los ciudadanos\u00a0en RD"},"content":{"rendered":"\n<h3 class=\"wp-block-heading\">encabez\u00f3 el encuentro junto con las principales autoridades del sistema de seguridad y justicia, para reforzar las acciones que garantizan tranquilidad a la poblaci\u00f3n.<\/h3>\n\n\n\n<p>20 de Octubre 2025 | <\/p>\n\n\n\n<figure class=\"wp-block-image\"><img decoding=\"async\" src=\"https:\/\/platform-cdn.sharethis.com\/img\/facebook.svg\" alt=\"facebook sharing button\"\/><\/figure>\n\n\n\n<figure class=\"wp-block-image\"><img decoding=\"async\" src=\"https:\/\/platform-cdn.sharethis.com\/img\/sharethis.svg\" alt=\"sharethis sharing button\"\/><\/figure>\n\n\n\n<p>Santo Domingo, RD.\u2013\u00a0<strong>Raquel Pe\u00f1a<\/strong>, vicepresidenta de la Rep\u00fablica, encabeza la\u00a0<strong>reuni\u00f3n de seguimiento al Plan de Seguridad Ciudadana<\/strong>, con el prop\u00f3sito de evaluar las\u00a0<strong>tareas cumplidas<\/strong>, los\u00a0<strong>resultados alcanzados\u00a0<\/strong>y las\u00a0<strong>nuevas estrategias<\/strong>\u00a0que se implementar\u00e1n para fortalecer la\u00a0<strong>protecci\u00f3n de los ciudadanos<\/strong>\u00a0en todo el territorio nacional.<\/p>\n\n\n\n<p>El encuentro, celebrado en el Sal\u00f3n del Club de Oficiales del Palacio de la Polic\u00eda Nacional, forma parte del&nbsp;<strong>seguimiento continuo<\/strong>&nbsp;que el Gobierno realiza para consolidar las pol\u00edticas de&nbsp;<strong>prevenci\u00f3n, respuesta y coordinaci\u00f3n<\/strong>&nbsp;<strong>interinstitucional<\/strong>&nbsp;en materia de seguridad.<\/p>\n\n\n\n<p>Durante la reuni\u00f3n, la vicepresidenta se\u00f1al\u00f3 que este esfuerzo conjunto&nbsp;<em>\u201crefleja la voluntad del Gobierno de seguir actuando con firmeza, cercan\u00eda y transparencia para que la poblaci\u00f3n viva con confianza y paz en cada comunidad del pa\u00eds\u201d.<\/em><\/p>\n\n\n\n<p>Acompa\u00f1an a Pe\u00f1a la ministra de Interior y Polic\u00eda,&nbsp;<strong>Faride Raful<\/strong>; el ministro de Defensa, teniente general&nbsp;<strong>Carlos Antonio Fern\u00e1ndez Onofre<\/strong>; la procuradora general de la Rep\u00fablica,&nbsp;<strong>Yeni Berenice Reynoso<\/strong>; el comandante general del Ej\u00e9rcito de Rep\u00fablica Dominicana, mayor general&nbsp;<strong>Jorge Iv\u00e1n Camino P\u00e9rez<\/strong>; el director de la Polic\u00eda Nacional, mayor general&nbsp;<strong>Ram\u00f3n Antonio Guzm\u00e1n Peralta<\/strong>; el viceministro de la Presidencia para Proyectos Especiales y Coordinaci\u00f3n de Seguridad,&nbsp;<strong>Roger G. Pujols<\/strong>; y la presidenta de la Comisi\u00f3n T\u00e9cnica para la Reforma del Sistema Educativo de la Polic\u00eda Nacional, maestra&nbsp;<strong>Mu-Kien Adriana Sang Ben.<\/strong><\/p>\n\n\n\n<p>Tambi\u00e9n participan el presidente del Consejo Nacional de Drogas (CND),&nbsp;<strong>Alejandro de Jes\u00fas Abreu<\/strong>, junto con el director de la Comisi\u00f3n Militar y Policial (Comipol), coronel&nbsp;<strong>Luis Rafael Herrera Almonte<\/strong>; de la Direcci\u00f3n General de Seguridad de Tr\u00e1nsito y Transporte Terrestre (Digesett), general&nbsp;<strong>Pascual Cruz M\u00e9ndez<\/strong>; de la Polic\u00eda de Turismo (Politur), general&nbsp;<strong>Minoru Matsunaga<\/strong>; del Sistema Nacional de Atenci\u00f3n a Emergencias 911, coronel piloto&nbsp;<strong>Randolfo Rijo,<\/strong>&nbsp;y de Asuntos Internos de la Polic\u00eda Nacional, general&nbsp;<strong>Werner N\u00fa\u00f1ez Quezada.<\/strong><\/p>\n\n\n\n<p>Asimismo, asisten el director de la Polic\u00eda Escolar, general&nbsp;<strong>Francisco Osoria de la Cruz<\/strong>; el director general de Prisiones,&nbsp;<strong>Roberto Hern\u00e1ndez Basilio<\/strong>; el comisionado ejecutivo para la Reforma Policial,&nbsp;<strong>Luis Ernesto Garc\u00eda Hern\u00e1ndez<\/strong>, y representantes de las Fuerzas Armadas, entre ellos el coronel paracaidista&nbsp;<strong>Osvaldo W. Montero Mena<\/strong>, por la Fuerza A\u00e9rea, y el capit\u00e1n de nav\u00edo&nbsp;<strong>Rafael Garc\u00eda Aybar<\/strong>, por la Armada de Rep\u00fablica Dominicana.<\/p>\n\n\n\n<p>En la sesi\u00f3n de trabajo participa adem\u00e1s una&nbsp;<strong>amplia comisi\u00f3n de fiscales<\/strong>&nbsp;integrada por&nbsp;<strong>Rosalba Ramos<\/strong>&nbsp;(Distrito Nacional),&nbsp;<strong>Ramona Santana&nbsp;<\/strong>(San Crist\u00f3bal),&nbsp;<strong>Aura Luz Garc\u00eda<\/strong>&nbsp;(La Vega),&nbsp;<strong>Juan Antonio Mateo Cipri\u00e1n<\/strong>&nbsp;(Mar\u00eda Trinidad S\u00e1nchez),&nbsp;<strong>Claudia Garrido<\/strong>&nbsp;(La Altagracia),&nbsp;<strong>Suleyka Mateo<\/strong>&nbsp;(San Pedro de Macor\u00eds) y&nbsp;<strong>Smaily Yamel Rodr\u00edguez<\/strong>&nbsp;(Duarte), junto a los&nbsp;<strong>fiscales titulares<\/strong>&nbsp;de Santo Domingo Este, Oeste, Valverde, Hermanas Mirabal, Barahona, Peravia, Dajab\u00f3n, Espaillat y La Romana.<\/p>\n\n\n\n<p>Al t\u00e9rmino de la jornada, se prev\u00e9 la adopci\u00f3n de\u00a0<strong>nuevas medidas de coordinaci\u00f3n<\/strong>\u00a0entre las instituciones responsables de la seguridad ciudadana, en seguimiento al\u00a0<strong>compromiso asumido por el Gobierno<\/strong>\u00a0de continuar fortaleciendo la\u00a0<strong>confianza p\u00fablica y la paz social.<\/strong><\/p>\n\n\n\n<p>Informaci\u00f3n de la Direcci\u00f3n de Comunicaciones de la Presidencia de la Rep\u00fablica Dominicana.<\/p>\n","protected":false},"excerpt":{"rendered":"<p>encabez\u00f3 el encuentro junto con las principales autoridades del sistema de seguridad y justicia, para reforzar las acciones que garantizan tranquilidad a la poblaci\u00f3n. 20 de Octubre 2025 | Santo Domingo, RD.\u2013\u00a0Raquel Pe\u00f1a, vicepresidenta de la Rep\u00fablica, encabeza la\u00a0reuni\u00f3n de seguimiento al Plan de Seguridad Ciudadana, con el prop\u00f3sito de evaluar las\u00a0tareas cumplidas, los\u00a0resultados alcanzados\u00a0y [&hellip;]<\/p>\n","protected":false},"author":2,"featured_media":644933,"comment_status":"closed","ping_status":"closed","sticky":false,"template":"","format":"standard","meta":{"footnotes":""},"categories":[20,29,27],"tags":[],"class_list":["post-644932","post","type-post","status-publish","format-standard","has-post-thumbnail","hentry","category-dominicana-hoy","category-policiasucesos","category-portada"],"_links":{"self":[{"href":"https:\/\/diariodominicano.com\/index.php?rest_route=\/wp\/v2\/posts\/644932","targetHints":{"allow":["GET"]}}],"collection":[{"href":"https:\/\/diariodominicano.com\/index.php?rest_route=\/wp\/v2\/posts"}],"about":[{"href":"https:\/\/diariodominicano.com\/index.php?rest_route=\/wp\/v2\/types\/post"}],"author":[{"embeddable":true,"href":"https:\/\/diariodominicano.com\/index.php?rest_route=\/wp\/v2\/users\/2"}],"replies":[{"embeddable":true,"href":"https:\/\/diariodominicano.com\/index.php?rest_route=%2Fwp%2Fv2%2Fcomments&post=644932"}],"version-history":[{"count":1,"href":"https:\/\/diariodominicano.com\/index.php?rest_route=\/wp\/v2\/posts\/644932\/revisions"}],"predecessor-version":[{"id":644934,"href":"https:\/\/diariodominicano.com\/index.php?rest_route=\/wp\/v2\/posts\/644932\/revisions\/644934"}],"wp:featuredmedia":[{"embeddable":true,"href":"https:\/\/diariodominicano.com\/index.php?rest_route=\/wp\/v2\/media\/644933"}],"wp:attachment":[{"href":"https:\/\/diariodominicano.com\/index.php?rest_route=%2Fwp%2Fv2%2Fmedia&parent=644932"}],"wp:term":[{"taxonomy":"category","embeddable":true,"href":"https:\/\/diariodominicano.com\/index.php?rest_route=%2Fwp%2Fv2%2Fcategories&post=644932"},{"taxonomy":"post_tag","embeddable":true,"href":"https:\/\/diariodominicano.com\/index.php?rest_route=%2Fwp%2Fv2%2Ftags&post=644932"}],"curies":[{"name":"wp","href":"https:\/\/api.w.org\/{rel}","templated":true}]}}