{"id":644927,"date":"2025-10-21T02:30:57","date_gmt":"2025-10-21T06:30:57","guid":{"rendered":"https:\/\/diariodominicano.com\/?p=644927"},"modified":"2025-10-21T02:31:00","modified_gmt":"2025-10-21T06:31:00","slug":"pronostican-acumulados-significativos-de-lluvias-en-dominicana","status":"publish","type":"post","link":"https:\/\/diariodominicano.com\/?p=644927","title":{"rendered":"Pronostican acumulados significativos de lluvias en Dominicana"},"content":{"rendered":"\n<p>Santo Domingo, 21 oct (Prensa Latina) El director del Centro de Operaciones de Emergencias (COE) de Rep\u00fablica Dominicana, Juan Manuel M\u00e9ndez, y el ministro de la Presidencia, Jos\u00e9 Ignacio Paliza, se reunir\u00e1n hoy para definir medidas preventivas ante el posible impacto de una onda tropical.<\/p>\n\n\n\n<ul class=\"wp-block-list\">\n<li><a href=\"https:\/\/www.prensa-latina.cu\/2025\/10\/21\/\"><time>octubre 21, 2025 | 02:23<\/time><\/a><\/li>\n<\/ul>\n\n\n\n<ul class=\"wp-block-list\">\n<li><a href=\"https:\/\/www.prensa-latina.cu\/2025\/10\/21\/pronostican-acumulados-significativos-de-lluvias-en-dominicana\/#\"><\/a><\/li>\n\n\n\n<li><a href=\"https:\/\/www.prensa-latina.cu\/2025\/10\/21\/pronostican-acumulados-significativos-de-lluvias-en-dominicana\/#\"><\/a><\/li>\n\n\n\n<li><a href=\"https:\/\/www.prensa-latina.cu\/2025\/10\/21\/pronostican-acumulados-significativos-de-lluvias-en-dominicana\/#\"><\/a><\/li>\n\n\n\n<li><a href=\"https:\/\/www.prensa-latina.cu\/2025\/10\/21\/pronostican-acumulados-significativos-de-lluvias-en-dominicana\/#\"><\/a><\/li>\n<\/ul>\n\n\n\n<p>Durante una rueda de prensa conjunta con la directora de la Oficina Nacional de Meteorolog\u00eda (Onamet), Gloria Ceballos, M\u00e9ndez anunci\u00f3 anoche que el COE se encuentra en sesi\u00f3n permanente y activ\u00f3 su plan de contingencia, al igual que los de las instituciones que lo integran.<\/p>\n\n\n\n<p>Ceballos explic\u00f3 que, aunque la circulaci\u00f3n del sistema de baja presi\u00f3n ubicado al sur de Puerto Rico a\u00fan no es completamente cerrada \u2014por lo que no se clasifica como tormenta tropical\u2014, podr\u00eda hacerlo en cualquier momento.<\/p>\n\n\n\n<p>Indic\u00f3 que para la Rep\u00fablica Dominicana lo m\u00e1s significativo ser\u00e1n los acumulados de lluvias, que podr\u00edan superar los 300 mil\u00edmetros en las pr\u00f3ximas 24 a 48 horas, en especial en el litoral caribe\u00f1o.<\/p>\n\n\n\n<p>\u201cNos preparamos siempre para el peor de los escenarios; aun si el sistema no pasa directamente sobre el territorio nacional, se esperan lluvias muy significativas\u201d, advirti\u00f3.<\/p>\n\n\n\n<p>El COE mantiene en alerta amarilla (nivel intermedio de peligro) las provincias Pedernales, Barahona, Azua, San Juan, La Vega, Peravia, San Jos\u00e9 de Ocoa, San Crist\u00f3bal, el Gran Santo Domingo, San Pedro de Macor\u00eds, La Romana y La Altagracia.<\/p>\n\n\n\n<p>En alerta verde (riesgo m\u00ednimo) permanecen Santiago, Monse\u00f1or Nouel, Monte Plata, S\u00e1nchez Ram\u00edrez, Saman\u00e1, Hato Mayor y El Seibo.<\/p>\n\n\n\n<p>Las autoridades informaron adem\u00e1s que hay dos mil 800 albergues habilitados en todo el territorio nacional para posibles evacuaciones preventivas.<\/p>\n\n\n\n<p>lam\/mpv<\/p>\n\n\n\n<ul class=\"wp-block-list\">\n<li>#<a href=\"https:\/\/www.prensa-latina.cu\/etiqueta\/coe\/\">Coe<\/a>\u00a0#<a href=\"https:\/\/www.prensa-latina.cu\/etiqueta\/lluvias\/\">lluvias<\/a><\/li>\n<\/ul>\n","protected":false},"excerpt":{"rendered":"<p>Santo Domingo, 21 oct (Prensa Latina) El director del Centro de Operaciones de Emergencias (COE) de Rep\u00fablica Dominicana, Juan Manuel M\u00e9ndez, y el ministro de la Presidencia, Jos\u00e9 Ignacio Paliza, se reunir\u00e1n hoy para definir medidas preventivas ante el posible impacto de una onda tropical. Durante una rueda de prensa conjunta con la directora de [&hellip;]<\/p>\n","protected":false},"author":2,"featured_media":0,"comment_status":"closed","ping_status":"closed","sticky":false,"template":"","format":"standard","meta":{"footnotes":""},"categories":[20],"tags":[],"class_list":["post-644927","post","type-post","status-publish","format-standard","hentry","category-dominicana-hoy"],"_links":{"self":[{"href":"https:\/\/diariodominicano.com\/index.php?rest_route=\/wp\/v2\/posts\/644927","targetHints":{"allow":["GET"]}}],"collection":[{"href":"https:\/\/diariodominicano.com\/index.php?rest_route=\/wp\/v2\/posts"}],"about":[{"href":"https:\/\/diariodominicano.com\/index.php?rest_route=\/wp\/v2\/types\/post"}],"author":[{"embeddable":true,"href":"https:\/\/diariodominicano.com\/index.php?rest_route=\/wp\/v2\/users\/2"}],"replies":[{"embeddable":true,"href":"https:\/\/diariodominicano.com\/index.php?rest_route=%2Fwp%2Fv2%2Fcomments&post=644927"}],"version-history":[{"count":1,"href":"https:\/\/diariodominicano.com\/index.php?rest_route=\/wp\/v2\/posts\/644927\/revisions"}],"predecessor-version":[{"id":644928,"href":"https:\/\/diariodominicano.com\/index.php?rest_route=\/wp\/v2\/posts\/644927\/revisions\/644928"}],"wp:attachment":[{"href":"https:\/\/diariodominicano.com\/index.php?rest_route=%2Fwp%2Fv2%2Fmedia&parent=644927"}],"wp:term":[{"taxonomy":"category","embeddable":true,"href":"https:\/\/diariodominicano.com\/index.php?rest_route=%2Fwp%2Fv2%2Fcategories&post=644927"},{"taxonomy":"post_tag","embeddable":true,"href":"https:\/\/diariodominicano.com\/index.php?rest_route=%2Fwp%2Fv2%2Ftags&post=644927"}],"curies":[{"name":"wp","href":"https:\/\/api.w.org\/{rel}","templated":true}]}}