{"id":644915,"date":"2025-10-21T02:15:57","date_gmt":"2025-10-21T06:15:57","guid":{"rendered":"https:\/\/diariodominicano.com\/?p=644915"},"modified":"2025-10-21T02:16:02","modified_gmt":"2025-10-21T06:16:02","slug":"la-direccion-general-de-servicios-penitenciarios-y-correccionales-anuncio-su-plan-de-emergencia-debido-a-las-lluvias-registradas-en-rd","status":"publish","type":"post","link":"https:\/\/diariodominicano.com\/?p=644915","title":{"rendered":"La Direcci\u00f3n General de Servicios Penitenciarios y Correccionales anunci\u00f3   su plan de emergencia debido a las lluvias registradas en RD"},"content":{"rendered":"\n<p>ARCHIVO: Roberto Santana,  Dai-Gaosheng, Riviana Riveiro y Zhao Wenru.<\/p>\n\n\n\n<p><strong>SANTO DOMINGO (Rep\u00fablica Dominicana).-&nbsp;<\/strong>&nbsp;La Direcci\u00f3n General de Servicios Penitenciarios y Correccionales (DGSPC) activ\u00f3 su plan de emergencia para brindar una respuesta m\u00e1s oportuna en favor de las personas privadas de libertad en caso de que las lluvias llegaran a provocar inundaciones en torno a alguno de los recintos penitenciarios.<\/p>\n\n\n\n<p>Los protocolos de la DGSPC buscan proteger la vida de los privados de libertad y de los servidores de la instituci\u00f3n.<\/p>\n\n\n\n<p>Tambi\u00e9n, para salvaguardar las infraestructuras del sistema penitenciario en todo el pa\u00eds. Con ese prop\u00f3sito, el titular de la DGSPC, Roberto Santana, mantiene una coordinaci\u00f3n permanente con las diversas \u00e1reas administrativas y de seguridad.<\/p>\n\n\n\n<p>\u201cTodos sabemos que, desde hace d\u00e9cadas, los servidores del sistema penitenciario deben reforzar sus niveles de atenci\u00f3n a recintos como el de La Victoria, Najayo 17 y Rafey en momentos de fen\u00f3menos atmosf\u00e9ricos que provoquen fuertes precipitaciones sobre el territorio nacional\u201d, dijo Santana.<\/p>\n\n\n\n<p>En su \u00faltimo bolet\u00edn, el Instituto Nacional de Meteorolog\u00eda (Indomet) llama a la poblaci\u00f3n a estar pendiente a las recomendaciones de los organismos estatales en torno a las lluvias, y a las posibles inundaciones, asociadas a una activa onda tropical provocada por un centro de baja presi\u00f3n localizado en aguas del mar Caribe, a varios cientos de kil\u00f3metros al sur de Rep\u00fablica Dominicana.<\/p>\n\n\n\n<p>El fen\u00f3meno tiene alta probabilidad de convertirse en cicl\u00f3n tropical para las pr\u00f3ximas 24 a 48 horas, seg\u00fan el Indomet.<\/p>\n\n\n\n<p>\u201cSe pronostica que campos nubosos asociados a este sistema generen fuertes aguaceros con tormentas el\u00e9ctricas y r\u00e1fagas de viento en el transcurso de la semana sobre el pa\u00eds. Este sistema tiene actualmente probabilidad de desarrollo cicl\u00f3nico alta en los pr\u00f3ximos 7 d\u00edas (90%)\u201d, indica el Indomet.<\/p>\n\n\n\n<p><strong>Direcci\u00f3n General de Comunicaci\u00f3n, Prensa y RRPP<\/strong><\/p>\n\n\n\n<p><strong>Ministerio P\u00fablico RD<\/strong><\/p>\n\n\n\n<p><strong>Lunes, 20 de octubre de 2025.<\/strong><\/p>\n\n\n\n<p>&#8230;<\/p>\n","protected":false},"excerpt":{"rendered":"<p>ARCHIVO: Roberto Santana, Dai-Gaosheng, Riviana Riveiro y Zhao Wenru. SANTO DOMINGO (Rep\u00fablica Dominicana).-&nbsp;&nbsp;La Direcci\u00f3n General de Servicios Penitenciarios y Correccionales (DGSPC) activ\u00f3 su plan de emergencia para brindar una respuesta m\u00e1s oportuna en favor de las personas privadas de libertad en caso de que las lluvias llegaran a provocar inundaciones en torno a alguno de [&hellip;]<\/p>\n","protected":false},"author":2,"featured_media":642301,"comment_status":"closed","ping_status":"closed","sticky":false,"template":"","format":"standard","meta":{"footnotes":""},"categories":[20,29],"tags":[],"class_list":["post-644915","post","type-post","status-publish","format-standard","has-post-thumbnail","hentry","category-dominicana-hoy","category-policiasucesos"],"_links":{"self":[{"href":"https:\/\/diariodominicano.com\/index.php?rest_route=\/wp\/v2\/posts\/644915","targetHints":{"allow":["GET"]}}],"collection":[{"href":"https:\/\/diariodominicano.com\/index.php?rest_route=\/wp\/v2\/posts"}],"about":[{"href":"https:\/\/diariodominicano.com\/index.php?rest_route=\/wp\/v2\/types\/post"}],"author":[{"embeddable":true,"href":"https:\/\/diariodominicano.com\/index.php?rest_route=\/wp\/v2\/users\/2"}],"replies":[{"embeddable":true,"href":"https:\/\/diariodominicano.com\/index.php?rest_route=%2Fwp%2Fv2%2Fcomments&post=644915"}],"version-history":[{"count":1,"href":"https:\/\/diariodominicano.com\/index.php?rest_route=\/wp\/v2\/posts\/644915\/revisions"}],"predecessor-version":[{"id":644916,"href":"https:\/\/diariodominicano.com\/index.php?rest_route=\/wp\/v2\/posts\/644915\/revisions\/644916"}],"wp:featuredmedia":[{"embeddable":true,"href":"https:\/\/diariodominicano.com\/index.php?rest_route=\/wp\/v2\/media\/642301"}],"wp:attachment":[{"href":"https:\/\/diariodominicano.com\/index.php?rest_route=%2Fwp%2Fv2%2Fmedia&parent=644915"}],"wp:term":[{"taxonomy":"category","embeddable":true,"href":"https:\/\/diariodominicano.com\/index.php?rest_route=%2Fwp%2Fv2%2Fcategories&post=644915"},{"taxonomy":"post_tag","embeddable":true,"href":"https:\/\/diariodominicano.com\/index.php?rest_route=%2Fwp%2Fv2%2Ftags&post=644915"}],"curies":[{"name":"wp","href":"https:\/\/api.w.org\/{rel}","templated":true}]}}