{"id":644656,"date":"2025-10-20T00:31:19","date_gmt":"2025-10-20T04:31:19","guid":{"rendered":"https:\/\/diariodominicano.com\/?p=644656"},"modified":"2025-10-20T00:31:21","modified_gmt":"2025-10-20T04:31:21","slug":"el-remedio-esta-en-el-crucificado","status":"publish","type":"post","link":"https:\/\/diariodominicano.com\/?p=644656","title":{"rendered":"EL REMEDIO EST\u00c1 EN EL CRUCIFICADO"},"content":{"rendered":"\n<p class=\"wp-block-paragraph\">COMPARTIENDO DI\u00c1LOGOS CONMIGO MISMO<\/p>\n\n\n\n<p class=\"wp-block-paragraph\"><strong>EL REMEDIO EST\u00c1 EN EL CRUCIFICADO<\/strong><\/p>\n\n\n\n<p class=\"wp-block-paragraph\"><strong><em>BAJO EL ESP\u00cdRITU ORANTE TODO SE CALMA Y SE COLMA: El recogimiento, aparte de acogernos y recogernos en el ej\u00e9rcito de los humildes, es el constituyente del n\u00edveo cuerpo y el reconstituyente del alma. A trav\u00e9s de la contemplativa, que todo lo allana y del encuentro que todo lo absuelve, uno anhela reverenciar, hasta el extremo de no ser nada para s\u00ed. Dej\u00e9monos acompa\u00f1ar y acompasar por el calor de hogar, para que toda savia se convierta en s\u00faplica y toda expectativa se vierta en el camino, de quien es nuestro Auxilio y Salvador.<\/em><\/strong><\/p>\n\n\n\n<p class=\"wp-block-paragraph\"><strong>I.- EL OBRA DEL SILENCIO ES LA&nbsp;<a><\/a><a><\/a><a><\/a><a><\/a><a><\/a><a><\/a><a><\/a><a><\/a><a><\/a><a><\/a><a><\/a><a><\/a><a><\/a><a><\/a><a><\/a><a><\/a><a><\/a><a><\/a><a><\/a><a><\/a><a><\/a><a><\/a><a><\/a><a><\/a>ADORACI\u00d3N<\/strong><\/p>\n\n\n\n<p class=\"wp-block-paragraph\">Cada d\u00eda me inquietan las dudas,<\/p>\n\n\n\n<p class=\"wp-block-paragraph\">me afligen los silencios vertidos,<\/p>\n\n\n\n<p class=\"wp-block-paragraph\">me agitan los errores cometidos,<\/p>\n\n\n\n<p class=\"wp-block-paragraph\">aunque hay dilemas que vencen,<\/p>\n\n\n\n<p class=\"wp-block-paragraph\">pero aprietos que nos alumbran.<\/p>\n\n\n\n<p class=\"wp-block-paragraph\">Dej\u00e9monos ennoblecer por la fe,<\/p>\n\n\n\n<p class=\"wp-block-paragraph\">abandon\u00e9monos al soplo orante,<\/p>\n\n\n\n<p class=\"wp-block-paragraph\">forjemos sigilo en nuestro vivir,<\/p>\n\n\n\n<p class=\"wp-block-paragraph\">que uno es para el dem\u00e1s afecto,<\/p>\n\n\n\n<p class=\"wp-block-paragraph\">y para s\u00ed un ta\u00f1ido en rogaci\u00f3n.<\/p>\n\n\n\n<p class=\"wp-block-paragraph\">No hay mejor ruego que servirse,&nbsp;<\/p>\n\n\n\n<p class=\"wp-block-paragraph\">que quererse y juntar horizontes,<\/p>\n\n\n\n<p class=\"wp-block-paragraph\">con la sencilla plegaria del rezo;<\/p>\n\n\n\n<p class=\"wp-block-paragraph\">puesto que, la sublime devoci\u00f3n,<\/p>\n\n\n\n<p class=\"wp-block-paragraph\">est\u00e1 en el hacer y en el rehacerse.&nbsp;<\/p>\n\n\n\n<p class=\"wp-block-paragraph\"><strong>II.- EL FRUTO DE LA PETICI\u00d3N ES LA ESPERANZA<\/strong><\/p>\n\n\n\n<p class=\"wp-block-paragraph\">La sanaci\u00f3n del ser anida en orar,<\/p>\n\n\n\n<p class=\"wp-block-paragraph\">en subir a las colinas del aliento,<\/p>\n\n\n\n<p class=\"wp-block-paragraph\">y en descender a uno para verse,<\/p>\n\n\n\n<p class=\"wp-block-paragraph\">conocerse y reconocerse tentado,<\/p>\n\n\n\n<p class=\"wp-block-paragraph\">con el prop\u00f3sito de enderezarse.<\/p>\n\n\n\n<p class=\"wp-block-paragraph\">Enmendarse est\u00e1 en el proyecto,<\/p>\n\n\n\n<p class=\"wp-block-paragraph\">porque uno ha de vivir rogando,<\/p>\n\n\n\n<p class=\"wp-block-paragraph\">para poder salir de las pobrezas,<\/p>\n\n\n\n<p class=\"wp-block-paragraph\">que influyen sobre las entretelas,<\/p>\n\n\n\n<p class=\"wp-block-paragraph\">como penitentes y en penitencia.<\/p>\n\n\n\n<p class=\"wp-block-paragraph\">En la jaculatoria radica la fuerza,<\/p>\n\n\n\n<p class=\"wp-block-paragraph\">las preces a quien es todo en m\u00ed,<\/p>\n\n\n\n<p class=\"wp-block-paragraph\">porque T\u00fa eres, oh Dios, la vida;<\/p>\n\n\n\n<p class=\"wp-block-paragraph\">la piedad que buscamos a diario,<\/p>\n\n\n\n<p class=\"wp-block-paragraph\">con la bondad como verdad viva.<\/p>\n\n\n\n<p class=\"wp-block-paragraph\"><strong>III.- Y EL RESULTADO DE LA FE ES EL AMOR<\/strong><\/p>\n\n\n\n<p class=\"wp-block-paragraph\">En la invocaci\u00f3n firme y estable,<\/p>\n\n\n\n<p class=\"wp-block-paragraph\">y en la relaci\u00f3n diaria con Jes\u00fas,<\/p>\n\n\n\n<p class=\"wp-block-paragraph\">aprendemos a descubrir el amor,<\/p>\n\n\n\n<p class=\"wp-block-paragraph\">que es amar sin beneficio alguno,<\/p>\n\n\n\n<p class=\"wp-block-paragraph\">pues la belleza est\u00e1 en el donarse.<\/p>\n\n\n\n<p class=\"wp-block-paragraph\">Cuando la oraci\u00f3n aspira pulsos,<\/p>\n\n\n\n<p class=\"wp-block-paragraph\">respira nuestro acontecer activo;<\/p>\n\n\n\n<p class=\"wp-block-paragraph\">nos volvemos capaces de anidar,<\/p>\n\n\n\n<p class=\"wp-block-paragraph\">la m\u00edstica y el misterio del credo,<\/p>\n\n\n\n<p class=\"wp-block-paragraph\">con una recta y pura conciencia.<\/p>\n\n\n\n<p class=\"wp-block-paragraph\">Cultivar el proceder arrodillado,<\/p>\n\n\n\n<p class=\"wp-block-paragraph\">es reconocer a Dios como Se\u00f1or,<\/p>\n\n\n\n<p class=\"wp-block-paragraph\">y a su madre como fuente de luz,<\/p>\n\n\n\n<p class=\"wp-block-paragraph\">con la mirada puesta en su Hijo,<\/p>\n\n\n\n<p class=\"wp-block-paragraph\">que trae la paz y el abrazo tierno.<\/p>\n\n\n\n<p class=\"wp-block-paragraph\"><strong>V\u00edctor CORCOBA HERRERO<\/strong><strong><\/strong><\/p>\n\n\n\n<p class=\"wp-block-paragraph\"><a href=\"mailto:corcoba@telefonica.net\" target=\"_blank\" rel=\"noreferrer noopener\"><strong>corcoba@telefonica.net<\/strong><\/a><\/p>\n\n\n\n<p class=\"wp-block-paragraph\"><strong>18 de Octubre de 2025.-<\/strong><\/p>\n\n\n\n<p class=\"wp-block-paragraph\">&#8230;<\/p>\n","protected":false},"excerpt":{"rendered":"<p>COMPARTIENDO DI\u00c1LOGOS CONMIGO MISMO EL REMEDIO EST\u00c1 EN EL CRUCIFICADO BAJO EL ESP\u00cdRITU ORANTE TODO SE CALMA Y SE COLMA: El recogimiento, aparte de acogernos y recogernos en el ej\u00e9rcito de los humildes, es el constituyente del n\u00edveo cuerpo y el reconstituyente del alma. A trav\u00e9s de la contemplativa, que todo lo allana y del [&hellip;]<\/p>\n","protected":false},"author":2,"featured_media":499286,"comment_status":"closed","ping_status":"closed","sticky":false,"template":"","format":"standard","meta":{"footnotes":""},"categories":[21,19],"tags":[],"class_list":["post-644656","post","type-post","status-publish","format-standard","has-post-thumbnail","hentry","category-cultura","category-mi-voz"],"_links":{"self":[{"href":"https:\/\/diariodominicano.com\/index.php?rest_route=\/wp\/v2\/posts\/644656","targetHints":{"allow":["GET"]}}],"collection":[{"href":"https:\/\/diariodominicano.com\/index.php?rest_route=\/wp\/v2\/posts"}],"about":[{"href":"https:\/\/diariodominicano.com\/index.php?rest_route=\/wp\/v2\/types\/post"}],"author":[{"embeddable":true,"href":"https:\/\/diariodominicano.com\/index.php?rest_route=\/wp\/v2\/users\/2"}],"replies":[{"embeddable":true,"href":"https:\/\/diariodominicano.com\/index.php?rest_route=%2Fwp%2Fv2%2Fcomments&post=644656"}],"version-history":[{"count":1,"href":"https:\/\/diariodominicano.com\/index.php?rest_route=\/wp\/v2\/posts\/644656\/revisions"}],"predecessor-version":[{"id":644657,"href":"https:\/\/diariodominicano.com\/index.php?rest_route=\/wp\/v2\/posts\/644656\/revisions\/644657"}],"wp:featuredmedia":[{"embeddable":true,"href":"https:\/\/diariodominicano.com\/index.php?rest_route=\/wp\/v2\/media\/499286"}],"wp:attachment":[{"href":"https:\/\/diariodominicano.com\/index.php?rest_route=%2Fwp%2Fv2%2Fmedia&parent=644656"}],"wp:term":[{"taxonomy":"category","embeddable":true,"href":"https:\/\/diariodominicano.com\/index.php?rest_route=%2Fwp%2Fv2%2Fcategories&post=644656"},{"taxonomy":"post_tag","embeddable":true,"href":"https:\/\/diariodominicano.com\/index.php?rest_route=%2Fwp%2Fv2%2Ftags&post=644656"}],"curies":[{"name":"wp","href":"https:\/\/api.w.org\/{rel}","templated":true}]}}