{"id":644423,"date":"2025-10-18T16:57:25","date_gmt":"2025-10-18T20:57:25","guid":{"rendered":"https:\/\/diariodominicano.com\/?p=644423"},"modified":"2025-10-19T00:11:45","modified_gmt":"2025-10-19T04:11:45","slug":"congreso-nacional-rinde-honras-funebres-al-ex-senador-vicente-sanchez-baret","status":"publish","type":"post","link":"https:\/\/diariodominicano.com\/?p=644423","title":{"rendered":"Congreso Nacional rinde honras f\u00fanebres al ex senador Vicente S\u00e1nchez Baret"},"content":{"rendered":"\n<p>El acto cont\u00f3 con la presencia del presidente de la Rep\u00fablica Luis Abinader.<\/p>\n\n\n\n<p>Santo Domingo. &#8211; En un solemne acto, el Congreso Nacional rindi\u00f3 honores al ex senador por la provincia S\u00e1nchez Ramirez, Vicente S\u00e1nchez Baret, en un acto que cont\u00f3 con la presencia del presidente de la Rep\u00fablica, Luis Abinader.<\/p>\n\n\n\n<p>La actividad, a la que concurrieron senadores y diputados, se realiz\u00f3 en el Sal\u00f3n de la Asamblea Nacional, con el objetivo de rendir tributo al ex senador, quien represent\u00f3 esa curul por el Partido Revolucionario Dominicano (PRD), por tres periodos legislativos consecutivos.<\/p>\n\n\n\n<figure class=\"wp-block-gallery has-nested-images columns-default is-cropped wp-block-gallery-1 is-layout-flex wp-block-gallery-is-layout-flex\">\n<figure class=\"wp-block-image size-large\"><img decoding=\"async\" data-id=\"644445\" src=\"https:\/\/diariodominicano.com\/wp-content\/uploads\/2025\/10\/Congreso-Nacional-rinde-honras-funebres-al-ex-senador-Vicente-Sanchez-Baret-2-1024x681.jpeg\" alt=\"\" class=\"wp-image-644445\"\/><\/figure>\n<\/figure>\n\n\n\n<p>Una guardia de honor compuesta por senadores y diputados recibi\u00f3 el f\u00e9retro de S\u00e1nchez Baret; que luego fue trasladado al sal\u00f3n de la Asamblea para recibir los honores correspondientes.<\/p>\n\n\n\n<figure class=\"wp-block-gallery has-nested-images columns-default is-cropped wp-block-gallery-2 is-layout-flex wp-block-gallery-is-layout-flex\">\n<figure class=\"wp-block-image size-large\"><img decoding=\"async\" data-id=\"644449\" src=\"https:\/\/diariodominicano.com\/wp-content\/uploads\/2025\/10\/Congreso-Nacional-rinde-honras-funebres-al-ex-senador-Vicente-Sanchez-Baret-5.jpeg\" alt=\"\" class=\"wp-image-644449\"\/><\/figure>\n<\/figure>\n\n\n\n<p>El presidente de la Rep\u00fablica, Luis Abinader, junto al presidente del Senado, Ricardo de los Santos; y de la C\u00e1mara de Diputados, Alfredo Pacheco, y dem\u00e1s senadores, diputados, familiares y funcionarios presentes, honraron la memoria del destacado pol\u00edtico con un minuto de silencio.<\/p>\n\n\n\n<p>Las palabras centrales del acto estuvieron a cargo del presidente de la Asamblea Nacional, Ricardo de los Santos, quien calific\u00f3 al fallecido Vicente S\u00e1nchez Baret, como su padre en el mundo de la pol\u00edtica.<\/p>\n\n\n\n<figure class=\"wp-block-gallery has-nested-images columns-default is-cropped wp-block-gallery-3 is-layout-flex wp-block-gallery-is-layout-flex\">\n<figure class=\"wp-block-image size-large\"><img decoding=\"async\" data-id=\"644450\" src=\"https:\/\/diariodominicano.com\/wp-content\/uploads\/2025\/10\/Congreso-Nacional-rinde-honras-funebres-al-ex-senador-Vicente-Sanchez-Baret-6.jpeg\" alt=\"\" class=\"wp-image-644450\"\/><\/figure>\n<\/figure>\n\n\n\n<p>De los Santos destac\u00f3 la integridad y honestidad de S\u00e1nchez Baret, haciendo an\u00e9cdotas sobre los grandes desaf\u00edos y retos que tuvo que enfrentar.<\/p>\n\n\n\n<p>\u201cTengo que recordar que al andar en caravana, cuando miraba hacia atr\u00e1s, su veh\u00edculo siempre ven\u00eda a mi lado. Su amistad, para m\u00ed era la de un hijo hacia un padre, aunque \u00e9l me conoci\u00f3 tarde, pero me adopt\u00f3 como un hijo\u201d, expres\u00f3 el presidente del Senado.<\/p>\n\n\n\n<figure class=\"wp-block-gallery has-nested-images columns-default is-cropped wp-block-gallery-4 is-layout-flex wp-block-gallery-is-layout-flex\">\n<figure class=\"wp-block-image size-large\"><img loading=\"lazy\" decoding=\"async\" width=\"1024\" height=\"682\" data-id=\"644447\" src=\"https:\/\/diariodominicano.com\/wp-content\/uploads\/2025\/10\/El-presidente-de-la-Republica-Luis-Abinader-junto-al-presidente-del-Senado-Ricardo-de-los-Santos.jpeg\" alt=\"\" class=\"wp-image-644447\" srcset=\"https:\/\/diariodominicano.com\/wp-content\/uploads\/2025\/10\/El-presidente-de-la-Republica-Luis-Abinader-junto-al-presidente-del-Senado-Ricardo-de-los-Santos.jpeg 1024w, https:\/\/diariodominicano.com\/wp-content\/uploads\/2025\/10\/El-presidente-de-la-Republica-Luis-Abinader-junto-al-presidente-del-Senado-Ricardo-de-los-Santos-300x200.jpeg 300w, https:\/\/diariodominicano.com\/wp-content\/uploads\/2025\/10\/El-presidente-de-la-Republica-Luis-Abinader-junto-al-presidente-del-Senado-Ricardo-de-los-Santos-768x512.jpeg 768w, https:\/\/diariodominicano.com\/wp-content\/uploads\/2025\/10\/El-presidente-de-la-Republica-Luis-Abinader-junto-al-presidente-del-Senado-Ricardo-de-los-Santos-816x543.jpeg 816w\" sizes=\"auto, (max-width: 1024px) 100vw, 1024px\" \/><\/figure>\n<\/figure>\n\n\n\n<p>Ricardo de los Santos valor\u00f3 los aportes al fortalecimiento de la democracia y el sacrificio que tuvo que hacer el destacado pol\u00edtico durante toda su carrera. Record\u00f3 su legado de transparencia y honestidad.<\/p>\n\n\n\n<p>\u201cNos deja un legado que quedar\u00e1 imborrable en la memoria de las presentes y futuras generaciones. Es un ser digno de imitar, porque lleg\u00f3 a ocupar grandes posiciones y siempre ha sido visto como un s\u00edmbolo de honestidad\u201d, se\u00f1al\u00f3.<\/p>\n\n\n\n<p>La primera guardia de honor estuvo compuesta por los presidentes de la C\u00e1mara Alta, Ricardo de los Santos, y de la C\u00e1mara de Diputados, Alfredo Pacheco; la vicepresidenta de la C\u00e1mara, Dharuelly D\u2019 Aza, y la diputada Leivi Bautista.<\/p>\n\n\n\n<p>En tanto que, la segunda fue compuesta por los senadores Aracelis Villanueva, Ginnette Bournigal de Jim\u00e9nez, Mois\u00e9s Ayala y el diputado Amado D\u00edaz.<\/p>\n\n\n\n<p>Mientras que, una tercera, la integr\u00f3 los diputados Zadoki Duarte, Gustavo S\u00e1nchez, Rafael Castillo, y Ram\u00f3n Bueno.<\/p>\n\n\n\n<p>Los legisladores expresaron sus condolencias a la viuda de S\u00e1nchez Baret, Yadira Henr\u00edquez; sus tres hijos Flory, Yessica y Vicente S\u00e1nchez Enr\u00edquez; y dem\u00e1s seres queridos del ex senador.<\/p>\n\n\n\n<p>Al finalizar el acto, las autoridades presentes escoltaron el f\u00e9retro hasta la salida del edifico del Congreso Nacional, donde concluyeron los honores de rigor.<\/p>\n\n\n\n<p>VICENTE S\u00c1NCHEZ BARET<\/p>\n\n\n\n<p>Vicente S\u00e1nchez Baret dedic\u00f3 gran parte de su vida al servicio p\u00fablico, distingui\u00e9ndose por su honestidad, su lealtad a los valores democr\u00e1ticos y su firme vocaci\u00f3n de trabajo en favor del desarrollo nacional.<\/p>\n\n\n\n<p>Por m\u00e1s de 50 a\u00f1os se destac\u00f3 por su compromiso pol\u00edtico y social con su pa\u00eds y su patria chica, la provincia S\u00e1nchez Ram\u00edrez, en palabras del propio S\u00e1nchez Baret, destac\u00f3 que se puede ser honesto, pol\u00edtico y moderno, y la sociedad debe entender la importancia de esto. <\/p>\n","protected":false},"excerpt":{"rendered":"<p>El acto cont\u00f3 con la presencia del presidente de la Rep\u00fablica Luis Abinader. Santo Domingo. &#8211; En un solemne acto, el Congreso Nacional rindi\u00f3 honores al ex senador por la provincia S\u00e1nchez Ramirez, Vicente S\u00e1nchez Baret, en un acto que cont\u00f3 con la presencia del presidente de la Rep\u00fablica, Luis Abinader. La actividad, a la [&hellip;]<\/p>\n","protected":false},"author":7,"featured_media":644446,"comment_status":"closed","ping_status":"closed","sticky":false,"template":"","format":"standard","meta":{"footnotes":""},"categories":[26,27],"tags":[2359],"class_list":["post-644423","post","type-post","status-publish","format-standard","has-post-thumbnail","hentry","category-efemerides","category-portada","tag-senado"],"_links":{"self":[{"href":"https:\/\/diariodominicano.com\/index.php?rest_route=\/wp\/v2\/posts\/644423","targetHints":{"allow":["GET"]}}],"collection":[{"href":"https:\/\/diariodominicano.com\/index.php?rest_route=\/wp\/v2\/posts"}],"about":[{"href":"https:\/\/diariodominicano.com\/index.php?rest_route=\/wp\/v2\/types\/post"}],"author":[{"embeddable":true,"href":"https:\/\/diariodominicano.com\/index.php?rest_route=\/wp\/v2\/users\/7"}],"replies":[{"embeddable":true,"href":"https:\/\/diariodominicano.com\/index.php?rest_route=%2Fwp%2Fv2%2Fcomments&post=644423"}],"version-history":[{"count":1,"href":"https:\/\/diariodominicano.com\/index.php?rest_route=\/wp\/v2\/posts\/644423\/revisions"}],"predecessor-version":[{"id":644451,"href":"https:\/\/diariodominicano.com\/index.php?rest_route=\/wp\/v2\/posts\/644423\/revisions\/644451"}],"wp:featuredmedia":[{"embeddable":true,"href":"https:\/\/diariodominicano.com\/index.php?rest_route=\/wp\/v2\/media\/644446"}],"wp:attachment":[{"href":"https:\/\/diariodominicano.com\/index.php?rest_route=%2Fwp%2Fv2%2Fmedia&parent=644423"}],"wp:term":[{"taxonomy":"category","embeddable":true,"href":"https:\/\/diariodominicano.com\/index.php?rest_route=%2Fwp%2Fv2%2Fcategories&post=644423"},{"taxonomy":"post_tag","embeddable":true,"href":"https:\/\/diariodominicano.com\/index.php?rest_route=%2Fwp%2Fv2%2Ftags&post=644423"}],"curies":[{"name":"wp","href":"https:\/\/api.w.org\/{rel}","templated":true}]}}