{"id":644345,"date":"2025-10-18T00:42:23","date_gmt":"2025-10-18T04:42:23","guid":{"rendered":"https:\/\/diariodominicano.com\/?p=644345"},"modified":"2025-10-18T12:21:07","modified_gmt":"2025-10-18T16:21:07","slug":"condena-de-cinco-anos-para-un-hombre-y-tres-mujeres-por-cometer-homicidio-involuntario","status":"publish","type":"post","link":"https:\/\/diariodominicano.com\/?p=644345","title":{"rendered":"Condenan a  cinco a\u00f1os de prisi\u00f3n a  un hombre y tres mujeres por cometer homicidio involuntario"},"content":{"rendered":"\n<p><strong>SANTO DOMINGO (Rep\u00fablica Dominicana).-<\/strong>&nbsp;Un tribunal conden\u00f3 a cinco a\u00f1os de prisi\u00f3n a un hombre y a tres mujeres procesados por el Ministerio P\u00fablico por homicidio involuntario en perjuicio de una adolescente, en un hecho ocurrido en el sector Los Corales del Sur, del municipio Santo Domingo Este, provincia Santo Domingo, en el a\u00f1o 2021.<\/p>\n\n\n\n<p>Los condenados son Michael Valdez de la Rosa (el Crock), Carola Encarnaci\u00f3n Encarnaci\u00f3n y Dariolis (Cristal) y Dorca Encarnaci\u00f3n Encarnaci\u00f3n, procesados por la muerte de la joven de iniciales M.G.E., de 17 a\u00f1os de edad, quien era sobrina de estas tres \u00faltimas.<\/p>\n\n\n\n<p>En la acusaci\u00f3n el fiscalizador Geivis Tapia detalla que el 20 de julio de 2021, aproximadamente a las 4:00 de la madrugada, la adolescente present\u00f3 una situaci\u00f3n de salud mientras se encontraba en una de las habitaciones de la vivienda, siendo trasladada por los procesados a un centro m\u00e9dico donde se declar\u00f3 su deceso.<\/p>\n\n\n\n<p>La sentencia fue dictada atendiendo una solicitud del fiscal Ignacio Rojas, de Litigaci\u00f3n Definitiva de la Procuradur\u00eda Fiscal del distrito judicial de Santo Domingo Este.<\/p>\n\n\n\n<p>Los jueces del Segundo Tribunal Colegiado de esa demarcaci\u00f3n, Josefina Ubiera (presidenta), Yury Cuevas de la Cruz e Isa\u00edas Mart\u00ednez, dictaron la sentencia condenatoria que impone la pena privativa de libertad y el pago de una indemnizaci\u00f3n de cinco millones de pesos a favor de los familiares de la v\u00edctima.<\/p>\n\n\n\n<p>El grupo fue procesado por el Ministerio P\u00fablico por la violaci\u00f3n a las disposiciones del art\u00edculo 319 del C\u00f3digo Penal dominicano y al art\u00edculo 396, literal A y B, del C\u00f3digo para el Sistema de Protecci\u00f3n y los Derechos Fundamentales de Ni\u00f1os, Ni\u00f1as y Adolescentes.<\/p>\n\n\n\n<p>El tribunal orden\u00f3 que la condena sea cumplida en los centros de correcci\u00f3n y rehabilitaci\u00f3n Najayo Hombres y Najayo Mujeres, en la provincia San Crist\u00f3bal.<\/p>\n\n\n\n<p>A este caso tambi\u00e9n est\u00e1 vinculado un joven novio de la v\u00edctima que fue sometido a la justicia y declarado en rebeld\u00eda.<\/p>\n\n\n\n<p><strong>Direcci\u00f3n General de Comunicaci\u00f3n, Prensa y RRPP<\/strong><\/p>\n\n\n\n<p><strong>Ministerio P\u00fablico RD<\/strong><\/p>\n","protected":false},"excerpt":{"rendered":"<p>SANTO DOMINGO (Rep\u00fablica Dominicana).-&nbsp;Un tribunal conden\u00f3 a cinco a\u00f1os de prisi\u00f3n a un hombre y a tres mujeres procesados por el Ministerio P\u00fablico por homicidio involuntario en perjuicio de una adolescente, en un hecho ocurrido en el sector Los Corales del Sur, del municipio Santo Domingo Este, provincia Santo Domingo, en el a\u00f1o 2021. Los [&hellip;]<\/p>\n","protected":false},"author":7,"featured_media":456880,"comment_status":"closed","ping_status":"closed","sticky":false,"template":"","format":"standard","meta":{"footnotes":""},"categories":[24],"tags":[171],"class_list":["post-644345","post","type-post","status-publish","format-standard","has-post-thumbnail","hentry","category-justicia-y-derecho","tag-ministerio-publico"],"_links":{"self":[{"href":"https:\/\/diariodominicano.com\/index.php?rest_route=\/wp\/v2\/posts\/644345","targetHints":{"allow":["GET"]}}],"collection":[{"href":"https:\/\/diariodominicano.com\/index.php?rest_route=\/wp\/v2\/posts"}],"about":[{"href":"https:\/\/diariodominicano.com\/index.php?rest_route=\/wp\/v2\/types\/post"}],"author":[{"embeddable":true,"href":"https:\/\/diariodominicano.com\/index.php?rest_route=\/wp\/v2\/users\/7"}],"replies":[{"embeddable":true,"href":"https:\/\/diariodominicano.com\/index.php?rest_route=%2Fwp%2Fv2%2Fcomments&post=644345"}],"version-history":[{"count":2,"href":"https:\/\/diariodominicano.com\/index.php?rest_route=\/wp\/v2\/posts\/644345\/revisions"}],"predecessor-version":[{"id":644362,"href":"https:\/\/diariodominicano.com\/index.php?rest_route=\/wp\/v2\/posts\/644345\/revisions\/644362"}],"wp:featuredmedia":[{"embeddable":true,"href":"https:\/\/diariodominicano.com\/index.php?rest_route=\/wp\/v2\/media\/456880"}],"wp:attachment":[{"href":"https:\/\/diariodominicano.com\/index.php?rest_route=%2Fwp%2Fv2%2Fmedia&parent=644345"}],"wp:term":[{"taxonomy":"category","embeddable":true,"href":"https:\/\/diariodominicano.com\/index.php?rest_route=%2Fwp%2Fv2%2Fcategories&post=644345"},{"taxonomy":"post_tag","embeddable":true,"href":"https:\/\/diariodominicano.com\/index.php?rest_route=%2Fwp%2Fv2%2Ftags&post=644345"}],"curies":[{"name":"wp","href":"https:\/\/api.w.org\/{rel}","templated":true}]}}