{"id":644299,"date":"2025-10-17T17:58:26","date_gmt":"2025-10-17T21:58:26","guid":{"rendered":"https:\/\/diariodominicano.com\/?p=644299"},"modified":"2025-10-17T18:00:13","modified_gmt":"2025-10-17T22:00:13","slug":"isfodosu-pone-a-circular-la-primera-serie-de-su-nueva-coleccion-de-cuentos-infantiles-en-la-fil-2025","status":"publish","type":"post","link":"https:\/\/diariodominicano.com\/?p=644299","title":{"rendered":"ISFODOSU pone a circular la primera serie de su nueva colecci\u00f3n de cuentos infantiles en la FIL 2025"},"content":{"rendered":"\n<p>En esta colecci\u00f3n el Instituto Superior recoge 10 cuentos de autores destacados como pioneros de la literatura infantil dominicana<\/p>\n\n\n\n<p>Santo Domingo, D.N. &#8211; El Instituto Superior de Formaci\u00f3n Docente Salom\u00e9 Ure\u00f1a, ISFODOSU, puso en circulaci\u00f3n 10 libros recopilados en la Colecci\u00f3n de Cuentos Infantiles Dominicanos, Serie I, en el marco de las actividades desarrolladas por la academia en la XXVII Feria Internacional del Libro Santo Domingo 2025.<\/p>\n\n\n\n<p>Durante el acto de lanzamiento, la rectora de la casa de altos estudios, Dra. Nurys Gonz\u00e1lez Dur\u00e1n present\u00f3 la ic\u00f3nica colecci\u00f3n que recoge 10 cuentos de autores destacados como pioneros del cuento en la literatura infantil dominicana.<\/p>\n\n\n\n<figure class=\"wp-block-gallery has-nested-images columns-default is-cropped wp-block-gallery-1 is-layout-flex wp-block-gallery-is-layout-flex\">\n<figure class=\"wp-block-image size-large\"><img loading=\"lazy\" decoding=\"async\" width=\"1024\" height=\"684\" data-id=\"644312\" src=\"https:\/\/diariodominicano.com\/wp-content\/uploads\/2025\/10\/ISFODOSU-pone-a-circular-la-primera-serie-de-su-nueva-coleccion-cuentos-infantiles-en-la-FIL-2025-1024x684.jpg\" alt=\"\" class=\"wp-image-644312\" srcset=\"https:\/\/diariodominicano.com\/wp-content\/uploads\/2025\/10\/ISFODOSU-pone-a-circular-la-primera-serie-de-su-nueva-coleccion-cuentos-infantiles-en-la-FIL-2025-1024x684.jpg 1024w, https:\/\/diariodominicano.com\/wp-content\/uploads\/2025\/10\/ISFODOSU-pone-a-circular-la-primera-serie-de-su-nueva-coleccion-cuentos-infantiles-en-la-FIL-2025-300x200.jpg 300w, https:\/\/diariodominicano.com\/wp-content\/uploads\/2025\/10\/ISFODOSU-pone-a-circular-la-primera-serie-de-su-nueva-coleccion-cuentos-infantiles-en-la-FIL-2025-768x513.jpg 768w, https:\/\/diariodominicano.com\/wp-content\/uploads\/2025\/10\/ISFODOSU-pone-a-circular-la-primera-serie-de-su-nueva-coleccion-cuentos-infantiles-en-la-FIL-2025-816x545.jpg 816w, https:\/\/diariodominicano.com\/wp-content\/uploads\/2025\/10\/ISFODOSU-pone-a-circular-la-primera-serie-de-su-nueva-coleccion-cuentos-infantiles-en-la-FIL-2025.jpg 1089w\" sizes=\"auto, (max-width: 1024px) 100vw, 1024px\" \/><\/figure>\n<\/figure>\n\n\n\n<p>\u201cEl ISFODOSU, como instituci\u00f3n especializada en la formaci\u00f3n de docentes, dedica recursos, tiempo y esfuerzos para editar publicaciones de valor para los estudiantes dominicanos y para el p\u00fablico en general\u201d, sostuvo la rectora en un acto llevado a cabo en el Auditorio del Museo de Arte Moderno de la Plaza de la Cultura.<\/p>\n\n\n\n<figure class=\"wp-block-gallery has-nested-images columns-default is-cropped wp-block-gallery-2 is-layout-flex wp-block-gallery-is-layout-flex\">\n<figure class=\"wp-block-image size-large\"><img loading=\"lazy\" decoding=\"async\" width=\"720\" height=\"657\" data-id=\"644310\" src=\"https:\/\/diariodominicano.com\/wp-content\/uploads\/2025\/10\/ISFODOSU-pone-a-circular-la-primera-serie-de-su-nueva-coleccion-cuentos-infantiles.jpg\" alt=\"\" class=\"wp-image-644310\" srcset=\"https:\/\/diariodominicano.com\/wp-content\/uploads\/2025\/10\/ISFODOSU-pone-a-circular-la-primera-serie-de-su-nueva-coleccion-cuentos-infantiles.jpg 720w, https:\/\/diariodominicano.com\/wp-content\/uploads\/2025\/10\/ISFODOSU-pone-a-circular-la-primera-serie-de-su-nueva-coleccion-cuentos-infantiles-300x274.jpg 300w\" sizes=\"auto, (max-width: 720px) 100vw, 720px\" \/><\/figure>\n<\/figure>\n\n\n\n<p>Gonz\u00e1lez Dur\u00e1n enarbol\u00f3 el esfuerzo del equipo editorial y t\u00e9cnico que trabaj\u00f3 estas obras que denomin\u00f3 \u201cde gran valor\u201d, destacando el proceso de selecci\u00f3n, diagramaci\u00f3n e ilustraciones: \u201ccontamos con la labor de selecci\u00f3n de cuentos infantiles dominicanos, por el escritor Tulio Cordero, e ilustrados por el artista Jos\u00e9 Segura, quien adem\u00e1s de ilustrador es coordinador del \u00e1rea de Educ. Art\u00edstica del Ministerio de Educaci\u00f3n de la Rep\u00fablica Dominicana, MINERD\u201d. <\/p>\n\n\n\n<figure class=\"wp-block-gallery has-nested-images columns-default is-cropped wp-block-gallery-3 is-layout-flex wp-block-gallery-is-layout-flex\">\n<figure class=\"wp-block-image size-large\"><img loading=\"lazy\" decoding=\"async\" width=\"1024\" height=\"684\" data-id=\"644311\" src=\"https:\/\/diariodominicano.com\/wp-content\/uploads\/2025\/10\/ISFODOSU-pone-a-circular-la-primera-serie-de-su-nueva-coleccion-de-cuentos-infantiles-1024x684.jpg\" alt=\"\" class=\"wp-image-644311\" srcset=\"https:\/\/diariodominicano.com\/wp-content\/uploads\/2025\/10\/ISFODOSU-pone-a-circular-la-primera-serie-de-su-nueva-coleccion-de-cuentos-infantiles-1024x684.jpg 1024w, https:\/\/diariodominicano.com\/wp-content\/uploads\/2025\/10\/ISFODOSU-pone-a-circular-la-primera-serie-de-su-nueva-coleccion-de-cuentos-infantiles-300x200.jpg 300w, https:\/\/diariodominicano.com\/wp-content\/uploads\/2025\/10\/ISFODOSU-pone-a-circular-la-primera-serie-de-su-nueva-coleccion-de-cuentos-infantiles-768x513.jpg 768w, https:\/\/diariodominicano.com\/wp-content\/uploads\/2025\/10\/ISFODOSU-pone-a-circular-la-primera-serie-de-su-nueva-coleccion-de-cuentos-infantiles-816x545.jpg 816w, https:\/\/diariodominicano.com\/wp-content\/uploads\/2025\/10\/ISFODOSU-pone-a-circular-la-primera-serie-de-su-nueva-coleccion-de-cuentos-infantiles.jpg 1089w\" sizes=\"auto, (max-width: 1024px) 100vw, 1024px\" \/><\/figure>\n<\/figure>\n\n\n\n<p>\u201cEsta colecci\u00f3n que hoy presentamos, en esta XXVII Feria Internacional del Libro, est\u00e1 compuesta por un total de 10 obras de autores a quienes hemos llamado los pioneros, porque fueron de los primeros autores dominicanos en publicar historias infantiles en nuestra literatura\u201d indic\u00f3 la rectora.<\/p>\n\n\n\n<p>De su lado el escritor y poeta, te\u00f3logo y profesor universitario, Tulio Cordero, defini\u00f3 esta recopilaci\u00f3n como\u201d la peripecia de esp\u00edritu\u201d, invitando a las familias a sumarse a esta maravillosa aventura de la lectura y el conocimiento.<\/p>\n\n\n\n<p>Cordero ponder\u00f3 el objetivo de enriquecimiento del lenguaje que persiguen estas obras puestas en circulaci\u00f3n por el ISFODOSU e indic\u00f3 que \u201caunque son cuentos escritos para ni\u00f1os y ni\u00f1as, a veces el lenguaje ser\u00e1 m\u00e1s bien culto y elevado; o aparecer\u00e1n palabras en desuso en nuestro lenguaje cotidiano\u201d, precis\u00f3 Cordero.<\/p>\n\n\n\n<p>El escritor exhort\u00f3 a madres, padres, tutores y maestros, a que se sumen a la aventura de este viaje, el cual calific\u00f3 como magn\u00edfico y maravilloso.<\/p>\n\n\n\n<p>Al cierre del evento, el dramaturgo Patricio Le\u00f3n realiz\u00f3 una breve actuaci\u00f3n para el p\u00fablico representando uno de los personajes alusivos a la cultura ind\u00edgena, destacando rasgos aleg\u00f3ricos a las historias recopiladas en los libros de esta colecci\u00f3n e interactu\u00f3 con los ni\u00f1os sobre los cuentos plasmados en las obras.<\/p>\n\n\n\n<p>Por el ISFODOSU, participaron en la actividad estudiantes de la carrera de Lengua y Literatura, maestros y colaboradores de la entidad, as\u00ed como una delegaci\u00f3n de alumnos del Centro Educativo Madre Mar\u00eda Mazzarello de Santo Domingo.<\/p>\n\n\n\n<p>Al acto se dieron cita, adem\u00e1s de la destacada escritora Emilia Pereyra, las vicerrectoras nacionales del ISFODOSU, maestras Andrea Paz, de Investigaci\u00f3n y Postgrado; Milta Lora, de Desarrollo e Innovaci\u00f3n y Aida Roca, de Gesti\u00f3n. Encabezaron el acto adem\u00e1s los vicerrectores ejecutivos de los recintos, maestras Glenny B\u00f3rquez y Cristina Rivas.<\/p>\n\n\n\n<p>T\u00edtulos de la colecci\u00f3n:<\/p>\n\n\n\n<p>Por el amor de Guabonita, William Mej\u00eda, 1984 (Basado en relato de fray Ram\u00f3n Pan\u00e9 1498)<\/p>\n\n\n\n<p>La princesa de los cabellos platinados, Virginia Pe\u00f1a de Bordas, 1950<\/p>\n\n\n\n<p>To\u00f1\u00edn, Virginia Elena Ortea, 1901<\/p>\n\n\n\n<p>Caso de conciencia, Carmita Henr\u00edquez de Castro, 1960<\/p>\n\n\n\n<p>Con el burro, Pedro Henr\u00edquez Ure\u00f1a, 1923<\/p>\n\n\n\n<p>La ignorancia de do\u00f1a Gallina Pinta, Juan Bosch, 1934.<\/p>\n\n\n\n<p>Estrellas y flores, Virginia Elena Ortea, 1901<\/p>\n\n\n\n<p>La eracra de oro, Virginia Pe\u00f1a de Bordas, 1950<\/p>\n\n\n\n<p>Con el corderito, Pedro Henr\u00edquez Ure\u00f1a, 1923<\/p>\n\n\n\n<p>El Quijote vuelve, Carmita Henr\u00edquez de Castro, 1960<\/p>\n\n\n\n<p>Sobre la colecci\u00f3n:<\/p>\n\n\n\n<p>Esta primera entrega es un homenaje a \u00ablos pioneros\u00bb, grandes autoras y autores que sentaron las bases de la literatura infantil en nuestro pa\u00eds. En sus p\u00e1ginas, los lectores podr\u00e1n descubrir la rica diversidad de nuestra cultura, desde los fascinantes mitos y leyendas de nuestros abor\u00edgenes y el fabuloso mundo de los animales que hablan, hasta hermosas historias de familia y el universo m\u00e1gico de los sue\u00f1os de infancia.<\/p>\n\n\n\n<p>Diez libros que han sido concebidos como un tesoro en las manos de cada ni\u00f1o y ni\u00f1a, para alimentar su imaginaci\u00f3n y acompa\u00f1arlos en su formidable aventura de crecimiento. Confiamos en que los peque\u00f1os se sumerjan con ilusi\u00f3n en sus p\u00e1ginas, que padres y madres disfruten de estas aventuras literarias junto a ellos, y que nuestros maestros y maestras integren este valioso material a la ense\u00f1anza en las aulas. \u00a1Que cada cuento sea una puerta a un mundo de aprendizaje y de maravillas, para toda la familia!<\/p>\n\n\n\n<p><\/p>\n","protected":false},"excerpt":{"rendered":"<p>En esta colecci\u00f3n el Instituto Superior recoge 10 cuentos de autores destacados como pioneros de la literatura infantil dominicana Santo Domingo, D.N. &#8211; El Instituto Superior de Formaci\u00f3n Docente Salom\u00e9 Ure\u00f1a, ISFODOSU, puso en circulaci\u00f3n 10 libros recopilados en la Colecci\u00f3n de Cuentos Infantiles Dominicanos, Serie I, en el marco de las actividades desarrolladas por [&hellip;]<\/p>\n","protected":false},"author":7,"featured_media":644313,"comment_status":"closed","ping_status":"closed","sticky":false,"template":"","format":"standard","meta":{"footnotes":""},"categories":[21],"tags":[551],"class_list":["post-644299","post","type-post","status-publish","format-standard","has-post-thumbnail","hentry","category-cultura","tag-isfodosu"],"_links":{"self":[{"href":"https:\/\/diariodominicano.com\/index.php?rest_route=\/wp\/v2\/posts\/644299","targetHints":{"allow":["GET"]}}],"collection":[{"href":"https:\/\/diariodominicano.com\/index.php?rest_route=\/wp\/v2\/posts"}],"about":[{"href":"https:\/\/diariodominicano.com\/index.php?rest_route=\/wp\/v2\/types\/post"}],"author":[{"embeddable":true,"href":"https:\/\/diariodominicano.com\/index.php?rest_route=\/wp\/v2\/users\/7"}],"replies":[{"embeddable":true,"href":"https:\/\/diariodominicano.com\/index.php?rest_route=%2Fwp%2Fv2%2Fcomments&post=644299"}],"version-history":[{"count":1,"href":"https:\/\/diariodominicano.com\/index.php?rest_route=\/wp\/v2\/posts\/644299\/revisions"}],"predecessor-version":[{"id":644314,"href":"https:\/\/diariodominicano.com\/index.php?rest_route=\/wp\/v2\/posts\/644299\/revisions\/644314"}],"wp:featuredmedia":[{"embeddable":true,"href":"https:\/\/diariodominicano.com\/index.php?rest_route=\/wp\/v2\/media\/644313"}],"wp:attachment":[{"href":"https:\/\/diariodominicano.com\/index.php?rest_route=%2Fwp%2Fv2%2Fmedia&parent=644299"}],"wp:term":[{"taxonomy":"category","embeddable":true,"href":"https:\/\/diariodominicano.com\/index.php?rest_route=%2Fwp%2Fv2%2Fcategories&post=644299"},{"taxonomy":"post_tag","embeddable":true,"href":"https:\/\/diariodominicano.com\/index.php?rest_route=%2Fwp%2Fv2%2Ftags&post=644299"}],"curies":[{"name":"wp","href":"https:\/\/api.w.org\/{rel}","templated":true}]}}