{"id":644049,"date":"2025-10-16T19:06:03","date_gmt":"2025-10-16T23:06:03","guid":{"rendered":"https:\/\/diariodominicano.com\/?p=644049"},"modified":"2025-10-17T01:41:57","modified_gmt":"2025-10-17T05:41:57","slug":"senado-aprueba-en-segunda-lectura-codigo-de-trabajo-de-la-republica-dominicana","status":"publish","type":"post","link":"https:\/\/diariodominicano.com\/?p=644049","title":{"rendered":"Senado aprueba en segunda lectura proyecto de C\u00f3digo de Trabajo de la Rep\u00fablica Dominicana"},"content":{"rendered":"\n<p>La ley org\u00e1nica que rige el trabajo de los dominicanos fue sancionada con las modificaciones presentadas por los senadores, con una votaci\u00f3n de 22 legisladores presentes.<\/p>\n\n\n\n<p>Santo Domingo, RD. &#8211; El Senado de la Rep\u00fablica aprob\u00f3 en segunda lectura el Proyecto de Ley Org\u00e1nica que modifica la Ley 16-92, sobre el C\u00f3digo de Trabajo.<br>Esta herramienta legislativa contempla como nueva conquista la permanencia de la cesant\u00eda de los trabajadores, la inclusi\u00f3n de la modalidad del teletrabajo, la eliminaci\u00f3n de la aplicaci\u00f3n del 10 por ciento de las propinas a los deliverys, la ampliaci\u00f3n de la licencia por matrimonio, as\u00ed como el otorgamiento de 20 minutos tres veces al d\u00eda a las madres en periodo de lactancia.<br>La nueva normativa que rige las normas laborales en la Rep\u00fablica Dominicana, tiene la finalidad de adaptar el marco legal al mercado laboral actual y los avances de la tecnolog\u00eda a las necesidades de trabajadores y empleadores.<br>Esta iniciativa fue presentada al pleno por los senadores Manuel Rodr\u00edguez, Crist\u00f3bal Venerado Castillo, Julito Fulcar, Mar\u00eda Mercedes Ortiz, Johnson Encarnaci\u00f3n D\u00edaz y Secundino Vel\u00e1zquez.<br>En la sesi\u00f3n ordinaria realizada este jueves, el Pleno Senatorial aprob\u00f3 en segunda lectura el Proyecto de Ley que libera de impuesto de importaci\u00f3n a las c\u00e1maras digitales utilizadas en los sistemas de seguridad, iniciativa remitida por la senadora Ginnette Bournigal de Jim\u00e9nez.<br>La iniciativa establece un per\u00edodo de exenci\u00f3n que ten\u00edan esas herramientas tecnol\u00f3gicas bajo la ley 171-12 sobre exoneraci\u00f3n de impuestos para c\u00e1maras digitales utilizadas en los sistemas de seguridad de negocios privados.<br>El proyecto en el art\u00edculo 3, instituye que, \u201cse libera de impuestos de importaci\u00f3n, las c\u00e1maras de videos grabadoras para residencias y empresas, propiedades campestres, condominios, colmados, supermercados, moteles, bares, restaurantes, escuelas, colegios, cl\u00ednicas y hospitales\u201d.<br>En otro orden, se conoci\u00f3 en segunda lectura el Proyecto de Ley de Vacunas de la Rep\u00fablica Dominicana, presentada por los senadores L\u00eda Ynocencia D\u00edaz de D\u00edaz, Daniel Rivera, Jonhson Encarnaci\u00f3n D\u00edaz y Ginnette Bournigal de Jim\u00e9nez.<br>La normativa establecer\u00e1 la creaci\u00f3n de la Ley Nacional de Vacunas en la Rep\u00fablica Dominicana, a trav\u00e9s de la regulaci\u00f3n y promoci\u00f3n de mecanismos que garanticen todas las instituciones p\u00fablicas y privadas del Sistema Nacional de Salud, la adquisici\u00f3n de vacunas, su conservaci\u00f3n, prescripci\u00f3n y aplicaci\u00f3n de las mismas, de acuerdo al esquema nacional de vacunaci\u00f3n y procedimientos establecidos por el Ministerio de Salud P\u00fablica.<br>La pieza legislativa recomienda que es deber del Estado disponer de los recursos necesarios para la plena efectividad y sostenimiento continuo para no alegar a razones econ\u00f3micas la falta de abastecimiento en este servicio.<br>Adem\u00e1s, establece que las vacunas que forman parte del esquema nacional de vacunaci\u00f3n, se deber\u00e1n aplicar de manera gratuita y de forma continua, sin discriminaci\u00f3n y en los t\u00e9rminos y las condiciones se\u00f1aladas por el indicado esquema.<\/p>\n\n\n\n<p>De igual forma, se aprob\u00f3 la Ley que declara Patrimonio Cultural Inmaterial de la Naci\u00f3n Dominicana la Hermandad de los Toreros de la Virgen de La Altagracia, la tradici\u00f3n de Los Toros de la Virgen y la ruta de peregrinaci\u00f3n desde camino de La Altagracia, moci\u00f3n presentada por los senadores Rafael Bar\u00f3n Duluc, Aracelis Villanueva, Eduard Alexis Esp\u00edritusanto Castillo, Santiago Jos\u00e9 Zorrilla, Crist\u00f3bal Venerado Castillo y Pedro Antonio Tineo.<br>Los senadores incluyeron la aprobaci\u00f3n en primera lectura del Proyecto de Ley que incluye en el dise\u00f1o curricular del sistema educativo, asignaturas y programas sobre inteligencia emocional, iniciativa presentada por el presidente del Senado, Ricardo de los Santos Polanco.<br>Con esta iniciativa se propone incluir en el dise\u00f1o curricular, en sus diferentes modalidades y niveles, programas de orientaci\u00f3n sobre educaci\u00f3n emocional, inteligencia emocional y competencias socioemocionales en las escuelas p\u00fablicas y privadas, de manera que los estudiantes adopten las herramientas o instrumentos necesarios para propiciar un ambiente de respeto y de convivencia pac\u00edfica.<br>El objetivo principal de esta pieza legislativa es incluir en el dise\u00f1o curricular en sus diferentes modalidades y niveles, asignaturas y programas sobre educaci\u00f3n emocional, inteligencia emocional y competencias socioemocionales, lo cual es adecuado desde el punto de vista constitucional.<br>En primera lectura, adem\u00e1s, se aprob\u00f3 el Proyecto de Ley que designa con el nombre C\u00e9sar Octavio Saint-Hilaire, el Palacio de Justicia del municipio de Sabaneta, provincia Santiago Rodr\u00edguez, iniciativa presentada por el senador Antonio Marte.<br>Los senadores aprobaron en \u00fanica lectura el Acuerdo de Servicios A\u00e9reos entre el gobierno de la Rep\u00fablica Dominicana y el gobierno de Jamaica, iniciativa remitida por el Poder Ejecutivo. Tambi\u00e9n, se aprob\u00f3 el tratado Constitutivo de la Comunidad de Polic\u00edas de Am\u00e9rica (AMERIPOL), adoptado en Brasilia, Rep\u00fablica Federativa de Brasil, presentado por el Poder Ejecutivo.<br>Adem\u00e1s, se aprob\u00f3 la resoluci\u00f3n mediante la cual se le solicita al presidente Luis Abinader, la declaratoria de utilidad p\u00fablica y justo pago de terrenos, a fin de regularizar comunidades establecidas en la provincia Santo Domingo, iniciativa presentada por el senador Antonio Manuel Taveras Guzm\u00e1n.<br>El Pleno del Senado fue convocado para sesionar el pr\u00f3ximo martes 21 de los corrientes a las 2 de la tarde.<\/p>\n\n\n\n<p>Por: Adalgisa S\u00e1nchez <\/p>\n","protected":false},"excerpt":{"rendered":"<p>La ley org\u00e1nica que rige el trabajo de los dominicanos fue sancionada con las modificaciones presentadas por los senadores, con una votaci\u00f3n de 22 legisladores presentes. Santo Domingo, RD. &#8211; El Senado de la Rep\u00fablica aprob\u00f3 en segunda lectura el Proyecto de Ley Org\u00e1nica que modifica la Ley 16-92, sobre el C\u00f3digo de Trabajo.Esta herramienta [&hellip;]<\/p>\n","protected":false},"author":7,"featured_media":644053,"comment_status":"closed","ping_status":"closed","sticky":false,"template":"","format":"standard","meta":{"footnotes":""},"categories":[24,27],"tags":[2359],"class_list":["post-644049","post","type-post","status-publish","format-standard","has-post-thumbnail","hentry","category-justicia-y-derecho","category-portada","tag-senado"],"_links":{"self":[{"href":"https:\/\/diariodominicano.com\/index.php?rest_route=\/wp\/v2\/posts\/644049","targetHints":{"allow":["GET"]}}],"collection":[{"href":"https:\/\/diariodominicano.com\/index.php?rest_route=\/wp\/v2\/posts"}],"about":[{"href":"https:\/\/diariodominicano.com\/index.php?rest_route=\/wp\/v2\/types\/post"}],"author":[{"embeddable":true,"href":"https:\/\/diariodominicano.com\/index.php?rest_route=\/wp\/v2\/users\/7"}],"replies":[{"embeddable":true,"href":"https:\/\/diariodominicano.com\/index.php?rest_route=%2Fwp%2Fv2%2Fcomments&post=644049"}],"version-history":[{"count":3,"href":"https:\/\/diariodominicano.com\/index.php?rest_route=\/wp\/v2\/posts\/644049\/revisions"}],"predecessor-version":[{"id":644069,"href":"https:\/\/diariodominicano.com\/index.php?rest_route=\/wp\/v2\/posts\/644049\/revisions\/644069"}],"wp:featuredmedia":[{"embeddable":true,"href":"https:\/\/diariodominicano.com\/index.php?rest_route=\/wp\/v2\/media\/644053"}],"wp:attachment":[{"href":"https:\/\/diariodominicano.com\/index.php?rest_route=%2Fwp%2Fv2%2Fmedia&parent=644049"}],"wp:term":[{"taxonomy":"category","embeddable":true,"href":"https:\/\/diariodominicano.com\/index.php?rest_route=%2Fwp%2Fv2%2Fcategories&post=644049"},{"taxonomy":"post_tag","embeddable":true,"href":"https:\/\/diariodominicano.com\/index.php?rest_route=%2Fwp%2Fv2%2Ftags&post=644049"}],"curies":[{"name":"wp","href":"https:\/\/api.w.org\/{rel}","templated":true}]}}