{"id":644041,"date":"2025-10-16T18:52:34","date_gmt":"2025-10-16T22:52:34","guid":{"rendered":"https:\/\/diariodominicano.com\/?p=644041"},"modified":"2025-10-17T01:46:39","modified_gmt":"2025-10-17T05:46:39","slug":"senado-de-la-republica-lamenta-fallecimiento-de-vicente-sanchez-baret-destacado-politico-y-servidor-publico","status":"publish","type":"post","link":"https:\/\/diariodominicano.com\/?p=644041","title":{"rendered":"Expresan pesar por fallecimiento de Vicente S\u00e1nchez Baret"},"content":{"rendered":"\n<p>Senado rendir\u00e1 honras f\u00fanebres este s\u00e1bado 18 de octubre en el sal\u00f3n de la Asamblea Nacional.<\/p>\n\n\n\n<p>Diario Dominicano<\/p>\n\n\n\n<p>Santo Domingo.- El Senado de la Rep\u00fablica expresa su profundo pesar ante el fallecimiento del destacado dirigente pol\u00edtico y servidor p\u00fablico, Vicente S\u00e1nchez Baret, una figura ejemplar de la vida nacional y fundador de los partidos Revolucionario Dominicano (PRD) y Revolucionario Moderno (PRM).<br>El Senado, en la persona de su presidente Ricardo de los Santos, reconoce en S\u00e1nchez Baret a un hombre de firmes convicciones democr\u00e1ticas, de honestidad probada y de una incansable vocaci\u00f3n de servicio al pa\u00eds. Su trayectoria, marcada por la integridad y el compromiso con el desarrollo nacional, deja una huella imborrable en la historia pol\u00edtica dominicana.<\/p>\n\n\n\n<p>Vicente S\u00e1nchez Baret, fue ex senador, ex diputado y dirigente pol\u00edtico de trascendencia nacional, fundador del Partido Revolucionario Moderno (PRM) y presidente ad vitam del Partido Revolucionario Dominicano (PRD.<\/p>\n\n\n\n<p>El Senado de la Rep\u00fablica anunci\u00f3 que se le rendir\u00e1n honras f\u00fanebres este s\u00e1bado 18 de octubre, a las 10:00 de la ma\u00f1ana.<\/p>\n\n\n\n<p>Durante d\u00e9cadas, Vicente S\u00e1nchez Baret desempe\u00f1\u00f3 importantes funciones en la administraci\u00f3n p\u00fablica, donde siempre se distingui\u00f3 por su entrega, respeto institucional y dedicaci\u00f3n al fortalecimiento del sistema democr\u00e1tico.<\/p>\n\n\n\n<p>A nivel personal, comparti\u00f3 una vida de compromiso social y humano junto a su esposa, la doctora Yadira Henr\u00edquez, con quien levant\u00f3 una hermosa y ejemplar familia, y fue una compa\u00f1era en su trabajo incansable a favor de la sociedad dominicana.<br>La C\u00e1mara Alta se une al dolor que embarga a sus familiares, allegados y amigos, y rinde un solemne homenaje a la memoria de quien, con su ejemplo y entrega, demostr\u00f3 que la pol\u00edtica puede ejercerse con honor, transparencia y ferviente dominicanidad.<\/p>\n\n\n\n<p>#Senado\u2003\u2003\u2003\u2003\u2003\u2003\u2003#Vicente<\/p>\n","protected":false},"excerpt":{"rendered":"<p>Senado rendir\u00e1 honras f\u00fanebres este s\u00e1bado 18 de octubre en el sal\u00f3n de la Asamblea Nacional. Diario Dominicano Santo Domingo.- El Senado de la Rep\u00fablica expresa su profundo pesar ante el fallecimiento del destacado dirigente pol\u00edtico y servidor p\u00fablico, Vicente S\u00e1nchez Baret, una figura ejemplar de la vida nacional y fundador de los partidos Revolucionario [&hellip;]<\/p>\n","protected":false},"author":7,"featured_media":644047,"comment_status":"closed","ping_status":"closed","sticky":false,"template":"","format":"standard","meta":{"footnotes":""},"categories":[22],"tags":[2359],"class_list":["post-644041","post","type-post","status-publish","format-standard","has-post-thumbnail","hentry","category-politica","tag-senado"],"_links":{"self":[{"href":"https:\/\/diariodominicano.com\/index.php?rest_route=\/wp\/v2\/posts\/644041","targetHints":{"allow":["GET"]}}],"collection":[{"href":"https:\/\/diariodominicano.com\/index.php?rest_route=\/wp\/v2\/posts"}],"about":[{"href":"https:\/\/diariodominicano.com\/index.php?rest_route=\/wp\/v2\/types\/post"}],"author":[{"embeddable":true,"href":"https:\/\/diariodominicano.com\/index.php?rest_route=\/wp\/v2\/users\/7"}],"replies":[{"embeddable":true,"href":"https:\/\/diariodominicano.com\/index.php?rest_route=%2Fwp%2Fv2%2Fcomments&post=644041"}],"version-history":[{"count":3,"href":"https:\/\/diariodominicano.com\/index.php?rest_route=\/wp\/v2\/posts\/644041\/revisions"}],"predecessor-version":[{"id":644073,"href":"https:\/\/diariodominicano.com\/index.php?rest_route=\/wp\/v2\/posts\/644041\/revisions\/644073"}],"wp:featuredmedia":[{"embeddable":true,"href":"https:\/\/diariodominicano.com\/index.php?rest_route=\/wp\/v2\/media\/644047"}],"wp:attachment":[{"href":"https:\/\/diariodominicano.com\/index.php?rest_route=%2Fwp%2Fv2%2Fmedia&parent=644041"}],"wp:term":[{"taxonomy":"category","embeddable":true,"href":"https:\/\/diariodominicano.com\/index.php?rest_route=%2Fwp%2Fv2%2Fcategories&post=644041"},{"taxonomy":"post_tag","embeddable":true,"href":"https:\/\/diariodominicano.com\/index.php?rest_route=%2Fwp%2Fv2%2Ftags&post=644041"}],"curies":[{"name":"wp","href":"https:\/\/api.w.org\/{rel}","templated":true}]}}